{"id":59872,"date":"2025-10-03T11:15:28","date_gmt":"2025-10-03T14:15:28","guid":{"rendered":"https:\/\/radiorevelacionfm.cl\/?p=59872"},"modified":"2025-10-03T11:15:28","modified_gmt":"2025-10-03T14:15:28","slug":"presentan-a-la-primera-seremi-de-ciencias-en-la-region-de-aysen","status":"publish","type":"post","link":"https:\/\/radiorevelacionfm.cl\/?p=59872","title":{"rendered":"Presentan a la primera seremi de Ciencias en la regi\u00f3n de Ays\u00e9n"},"content":{"rendered":"<div class=\"flex_column av_one_full  flex_column_div av-zero-column-padding first  avia-builder-el-0  el_before_av_one_full  avia-builder-el-first  \" style='border-radius:0px; '><div  class='avia-image-container  av-styling-    avia-builder-el-1  avia-builder-el-no-sibling  avia-align-center '  itemprop=\"image\" itemscope=\"itemscope\" itemtype=\"https:\/\/schema.org\/ImageObject\"  ><div class='avia-image-container-inner'><div class='avia-image-overlay-wrap'><img decoding=\"async\" class='wp-image-59873 avia-img-lazy-loading-not-59873 avia_image' src=\"https:\/\/radiorevelacionfm.cl\/wp-content\/uploads\/2025\/10\/whatsapp-image-2025-10-03-at-10_optimized.24.59-1.jpeg\" alt='' title='whatsapp-image-2025-10-03-at-10_optimized.24.59-(1)' height=\"600\" width=\"800\"  itemprop=\"thumbnailUrl\" srcset=\"https:\/\/radiorevelacionfm.cl\/wp-content\/uploads\/2025\/10\/whatsapp-image-2025-10-03-at-10_optimized.24.59-1.jpeg 800w, https:\/\/radiorevelacionfm.cl\/wp-content\/uploads\/2025\/10\/whatsapp-image-2025-10-03-at-10_optimized.24.59-1-300x225.jpeg 300w, https:\/\/radiorevelacionfm.cl\/wp-content\/uploads\/2025\/10\/whatsapp-image-2025-10-03-at-10_optimized.24.59-1-768x576.jpeg 768w, https:\/\/radiorevelacionfm.cl\/wp-content\/uploads\/2025\/10\/whatsapp-image-2025-10-03-at-10_optimized.24.59-1-705x529.jpeg 705w, https:\/\/radiorevelacionfm.cl\/wp-content\/uploads\/2025\/10\/whatsapp-image-2025-10-03-at-10_optimized.24.59-1-450x338.jpeg 450w, https:\/\/radiorevelacionfm.cl\/wp-content\/uploads\/2025\/10\/whatsapp-image-2025-10-03-at-10_optimized.24.59-1-600x450.jpeg 600w\" sizes=\"(max-width: 800px) 100vw, 800px\" \/><\/div><\/div><\/div><\/div><div class=\"flex_column av_one_full  flex_column_div av-zero-column-padding first  avia-builder-el-2  el_after_av_one_full  el_before_av_one_full  column-top-margin\" style='border-radius:0px; '><section class=\"av_textblock_section \"  itemscope=\"itemscope\" itemtype=\"https:\/\/schema.org\/BlogPosting\" itemprop=\"blogPost\" ><div class='avia_textblock  '   itemprop=\"text\" ><p style=\"text-align: center;\"><strong><span style=\"font-size: 18pt;\">Presentan a la primera seremi de Ciencias en la regi\u00f3n de Ays\u00e9n<\/span><\/strong><\/p>\n<div id=\"gtx-trans\" style=\"position: absolute; left: -50px; top: 4.31534px;\">\n<div class=\"gtx-trans-icon\"><\/div>\n<\/div>\n<\/div><\/section><\/div><div class=\"flex_column av_one_full  flex_column_div av-zero-column-padding first  avia-builder-el-4  el_after_av_one_full  el_before_av_hr  column-top-margin\" style='border-radius:0px; '><section class=\"av_textblock_section \"  itemscope=\"itemscope\" itemtype=\"https:\/\/schema.org\/BlogPosting\" itemprop=\"blogPost\" ><div class='avia_textblock  '   itemprop=\"text\" ><p style=\"text-align: justify;\">La primera secretaria regional ministerial de Ciencias en la Regi\u00f3n de Ays\u00e9n, Gabriela Olivares Espinosa, fue oficialmente presentada este viernes por el Delegado Presidencial Regional, Jorge D\u00edaz Guzm\u00e1n.<\/p>\n<p style=\"text-align: justify;\">El nombramiento se produce en cumplimiento del compromiso del Presidente de la Rep\u00fablica, Gabriel Boric Font, de instalar esta repartici\u00f3n del Ministerio de Ciencia, Tecnolog\u00eda, Conocimiento e Innovaci\u00f3n en la regi\u00f3n durante este per\u00edodo del Gobierno.<\/p>\n<p style=\"text-align: justify;\">La misi\u00f3n es articular y orientar estrat\u00e9gicamente, desde la estructura p\u00fablica, la generaci\u00f3n de conocimiento, la investigaci\u00f3n cient\u00edfica, el desarrollo tecnol\u00f3gico y la innovaci\u00f3n en el sistema de generaci\u00f3n y transmisi\u00f3n de conocimientos, que permita generar las transformaciones necesarias para un nuevo modelo de desarrollo sustentable, promoviendo la democratizaci\u00f3n de los conocimientos, la equidad de g\u00e9nero, la transdisciplina, la inclusi\u00f3n, la cooperaci\u00f3n p\u00fablico-privada, la descentralizaci\u00f3n territorial, el cuidado del medio ambiente y de las comunidades.<\/p>\n<p style=\"text-align: justify;\">\u201cEs una profesional de la regi\u00f3n, que se va a hacer cargo de esta secretar\u00eda regional ministerial y va a instalar la primera Mesa Cient\u00edfica de la Regi\u00f3n de Ays\u00e9n, para trabajar en esa direcci\u00f3n y tener la informaci\u00f3n y coordinaci\u00f3n relativa a los organismos que hacen investigaci\u00f3n en la Regi\u00f3n de Ays\u00e9n, como nuestras universidades, CIEP, IFOR, INFOR, INIA, entre otros. Queremos seguir avanzando en el desarrollo cient\u00edfico y tecnol\u00f3gico, por lo que es muy relevante el trabajo de la primera seremi de Ciencias\u201d, indic\u00f3 el Delegado Presidencial Regional, Jorge D\u00edaz Guzm\u00e1n.<\/p>\n<p style=\"text-align: justify;\">Psic\u00f3loga especializada en Desarrollo Humano menci\u00f3n Gerencia Social, con entrenamiento cl\u00ednico en terapia EMDR para estr\u00e9s post-traum\u00e1tico, Gabriela Olivares es oriunda de Coyhaique y se ha desempe\u00f1ado como profesional independiente, como tambi\u00e9n en el Hospital Regional Coyhaique y en la Municipalidad de Ays\u00e9n, entre otras reparticiones.<\/p>\n<p style=\"text-align: justify;\">\u201cEste es un tremendo desaf\u00edo, tenemos que instalar la seremi ac\u00e1 en la regi\u00f3n. Vamos a partir con la Mesa de Ciencias y esperamos lograr todos los desaf\u00edos que tenemos por delante\u201d, se\u00f1al\u00f3 la seremi Gabriela Olivares.<\/p>\n<p style=\"text-align: justify;\">Entre las directrices ministeriales, tambi\u00e9n destacan fortalecer, democratizar y descentralizar las ciencias, tecnolog\u00edas, conocimientos y la innovaci\u00f3n social, p\u00fablica y de base cient\u00edfico tecnol\u00f3gica, a trav\u00e9s del dise\u00f1o, implementaci\u00f3n y articulaci\u00f3n de pol\u00edticas y programas para contribuir al desarrollo sostenible en los \u00e1mbitos econ\u00f3micos, ambientales, educativos, sociales y culturales de las personas y comunidades.<\/p>\n<\/div><\/section><\/div><div  style='height:50px' class='hr hr-invisible   avia-builder-el-6  el_after_av_one_full  el_before_av_social_share '><span class='hr-inner ' ><span class='hr-inner-style'><\/span><\/span><\/div><\/p>\n<div  class='av-social-sharing-box  avia-builder-el-7  el_after_av_hr  el_before_av_hr  '><div class='av-share-box'><h5 class='av-share-link-description av-no-toc '>Compartir esta noticia<\/h5><ul class='av-share-box-list noLightbox'><li class='av-share-link av-social-link-facebook' ><a target=\"_blank\" aria-label=\"Compartir en Facebook\" href='https:\/\/www.facebook.com\/sharer.php?u=https:\/\/radiorevelacionfm.cl\/?p=59872&#038;t=Presentan%20a%20la%20primera%20seremi%20de%20Ciencias%20en%20la%20regi%C3%B3n%20de%20Ays%C3%A9n' aria-hidden='false' data-av_icon='\ue8f3' data-av_iconfont='entypo-fontello' title='' data-avia-related-tooltip='Compartir en Facebook' rel=\"noopener\"><span class='avia_hidden_link_text'>Compartir en Facebook<\/span><\/a><\/li><li class='av-share-link av-social-link-twitter' ><a target=\"_blank\" aria-label=\"Compartir en Twitter\" href='https:\/\/twitter.com\/share?text=Presentan%20a%20la%20primera%20seremi%20de%20Ciencias%20en%20la%20regi%C3%B3n%20de%20Ays%C3%A9n&#038;url=https:\/\/radiorevelacionfm.cl\/?p=59872' aria-hidden='false' data-av_icon='\ue8f1' data-av_iconfont='entypo-fontello' title='' data-avia-related-tooltip='Compartir en Twitter' rel=\"noopener\"><span class='avia_hidden_link_text'>Compartir en Twitter<\/span><\/a><\/li><li class='av-share-link av-social-link-whatsapp' ><a target=\"_blank\" aria-label=\"Compartir en Whatsapp\" href='https:\/\/api.whatsapp.com\/send?text=https:\/\/radiorevelacionfm.cl\/?p=59872' aria-hidden='false' data-av_icon='\uf232' data-av_iconfont='entypo-fontello' title='' data-avia-related-tooltip='Compartir en Whatsapp' rel=\"noopener\"><span class='avia_hidden_link_text'>Compartir en Whatsapp<\/span><\/a><\/li><li class='av-share-link av-social-link-linkedin' ><a target=\"_blank\" aria-label=\"Compartir en LinkedIn\" href='https:\/\/linkedin.com\/shareArticle?mini=true&#038;title=Presentan%20a%20la%20primera%20seremi%20de%20Ciencias%20en%20la%20regi%C3%B3n%20de%20Ays%C3%A9n&#038;url=https:\/\/radiorevelacionfm.cl\/?p=59872' aria-hidden='false' data-av_icon='\ue8fc' data-av_iconfont='entypo-fontello' title='' data-avia-related-tooltip='Compartir en LinkedIn' rel=\"noopener\"><span class='avia_hidden_link_text'>Compartir en LinkedIn<\/span><\/a><\/li><li class='av-share-link av-social-link-mail' ><a  aria-label=\"Compartir por correo\" href='mailto:?subject=Presentan%20a%20la%20primera%20seremi%20de%20Ciencias%20en%20la%20regi%C3%B3n%20de%20Ays%C3%A9n&#038;body=https:\/\/radiorevelacionfm.cl\/?p=59872' aria-hidden='false' data-av_icon='\ue805' data-av_iconfont='entypo-fontello' title='' data-avia-related-tooltip='Compartir por correo'><span class='avia_hidden_link_text'>Compartir por correo<\/span><\/a><\/li><\/ul><\/div><\/div>\n<div  style='height:50px' class='hr hr-invisible   avia-builder-el-8  el_after_av_social_share  el_before_av_comments_list '><span class='hr-inner ' ><span class='hr-inner-style'><\/span><\/span><\/div>\n<div  class='av-buildercomment  av-blog-meta-html-info-disabled av-blog-meta-tag-disabled  '><\/div>\n","protected":false},"excerpt":{"rendered":"","protected":false},"author":1,"featured_media":59873,"comment_status":"closed","ping_status":"closed","sticky":false,"template":"","format":"standard","meta":{"footnotes":""},"categories":[53],"tags":[],"class_list":["post-59872","post","type-post","status-publish","format-standard","has-post-thumbnail","hentry","category-ciencia"],"jetpack_featured_media_url":"https:\/\/radiorevelacionfm.cl\/wp-content\/uploads\/2025\/10\/whatsapp-image-2025-10-03-at-10_optimized.24.59-1.jpeg","_links":{"self":[{"href":"https:\/\/radiorevelacionfm.cl\/index.php?rest_route=\/wp\/v2\/posts\/59872","targetHints":{"allow":["GET"]}}],"collection":[{"href":"https:\/\/radiorevelacionfm.cl\/index.php?rest_route=\/wp\/v2\/posts"}],"about":[{"href":"https:\/\/radiorevelacionfm.cl\/index.php?rest_route=\/wp\/v2\/types\/post"}],"author":[{"embeddable":true,"href":"https:\/\/radiorevelacionfm.cl\/index.php?rest_route=\/wp\/v2\/users\/1"}],"replies":[{"embeddable":true,"href":"https:\/\/radiorevelacionfm.cl\/index.php?rest_route=%2Fwp%2Fv2%2Fcomments&post=59872"}],"version-history":[{"count":2,"href":"https:\/\/radiorevelacionfm.cl\/index.php?rest_route=\/wp\/v2\/posts\/59872\/revisions"}],"predecessor-version":[{"id":59875,"href":"https:\/\/radiorevelacionfm.cl\/index.php?rest_route=\/wp\/v2\/posts\/59872\/revisions\/59875"}],"wp:featuredmedia":[{"embeddable":true,"href":"https:\/\/radiorevelacionfm.cl\/index.php?rest_route=\/wp\/v2\/media\/59873"}],"wp:attachment":[{"href":"https:\/\/radiorevelacionfm.cl\/index.php?rest_route=%2Fwp%2Fv2%2Fmedia&parent=59872"}],"wp:term":[{"taxonomy":"category","embeddable":true,"href":"https:\/\/radiorevelacionfm.cl\/index.php?rest_route=%2Fwp%2Fv2%2Fcategories&post=59872"},{"taxonomy":"post_tag","embeddable":true,"href":"https:\/\/radiorevelacionfm.cl\/index.php?rest_route=%2Fwp%2Fv2%2Ftags&post=59872"}],"curies":[{"name":"wp","href":"https:\/\/api.w.org\/{rel}","templated":true}]}}