{"id":59860,"date":"2025-10-02T21:43:55","date_gmt":"2025-10-03T00:43:55","guid":{"rendered":"https:\/\/radiorevelacionfm.cl\/?p=59860"},"modified":"2025-10-02T21:43:55","modified_gmt":"2025-10-03T00:43:55","slug":"declaran-alerta-roja-para-las-provincias-general-carrera-y-capitan-prat-por-evento-meteorologico","status":"publish","type":"post","link":"https:\/\/radiorevelacionfm.cl\/?p=59860","title":{"rendered":"Declaran Alerta Roja para las Provincias General Carrera y Capit\u00e1n Prat por evento meteorol\u00f3gico"},"content":{"rendered":"<div class=\"flex_column av_one_full  flex_column_div av-zero-column-padding first  avia-builder-el-0  el_before_av_one_full  avia-builder-el-first  \" style='border-radius:0px; '><div  class='avia-image-container  av-styling-    avia-builder-el-1  avia-builder-el-no-sibling  avia-align-center '  itemprop=\"image\" itemscope=\"itemscope\" itemtype=\"https:\/\/schema.org\/ImageObject\"  ><div class='avia-image-container-inner'><div class='avia-image-overlay-wrap'><img decoding=\"async\" class='wp-image-59861 avia-img-lazy-loading-not-59861 avia_image' src=\"https:\/\/radiorevelacionfm.cl\/wp-content\/uploads\/2025\/10\/IMG-20251002-WA0024-1.jpg\" alt='' title='IMG-20251002-WA0024 (1)' height=\"600\" width=\"800\"  itemprop=\"thumbnailUrl\" srcset=\"https:\/\/radiorevelacionfm.cl\/wp-content\/uploads\/2025\/10\/IMG-20251002-WA0024-1.jpg 800w, https:\/\/radiorevelacionfm.cl\/wp-content\/uploads\/2025\/10\/IMG-20251002-WA0024-1-300x225.jpg 300w, https:\/\/radiorevelacionfm.cl\/wp-content\/uploads\/2025\/10\/IMG-20251002-WA0024-1-768x576.jpg 768w, https:\/\/radiorevelacionfm.cl\/wp-content\/uploads\/2025\/10\/IMG-20251002-WA0024-1-705x529.jpg 705w, https:\/\/radiorevelacionfm.cl\/wp-content\/uploads\/2025\/10\/IMG-20251002-WA0024-1-450x338.jpg 450w, https:\/\/radiorevelacionfm.cl\/wp-content\/uploads\/2025\/10\/IMG-20251002-WA0024-1-600x450.jpg 600w\" sizes=\"(max-width: 800px) 100vw, 800px\" \/><\/div><\/div><\/div><\/div><div class=\"flex_column av_one_full  flex_column_div av-zero-column-padding first  avia-builder-el-2  el_after_av_one_full  el_before_av_one_full  column-top-margin\" style='border-radius:0px; '><section class=\"av_textblock_section \"  itemscope=\"itemscope\" itemtype=\"https:\/\/schema.org\/BlogPosting\" itemprop=\"blogPost\" ><div class='avia_textblock  '   itemprop=\"text\" ><p style=\"text-align: center;\"><strong><span style=\"font-size: 18pt;\">Declaran Alerta Roja para las Provincias General Carrera y Capit\u00e1n Prat por evento meteorol\u00f3gico<\/span><\/strong><\/p>\n<div id=\"gtx-trans\" style=\"position: absolute; left: -50px; top: 4.31534px;\">\n<div class=\"gtx-trans-icon\"><\/div>\n<\/div>\n<\/div><\/section><\/div><div class=\"flex_column av_one_full  flex_column_div av-zero-column-padding first  avia-builder-el-4  el_after_av_one_full  el_before_av_hr  column-top-margin\" style='border-radius:0px; '><section class=\"av_textblock_section \"  itemscope=\"itemscope\" itemtype=\"https:\/\/schema.org\/BlogPosting\" itemprop=\"blogPost\" ><div class='avia_textblock  '   itemprop=\"text\" ><p style=\"text-align: justify;\">En el marco de la Alerta Temprana Preventiva Regional por Evento Meteorol\u00f3gico, vigente desde el 25 de septiembre de 2025 y sus sucesivas actualizaciones, y considerando el monitoreo permanente que realiza SENAPRED junto a los diferentes organismos t\u00e9cnicos, se informa que la situaci\u00f3n meteorol\u00f3gica registrada en la Regi\u00f3n de Ays\u00e9n ha derivado en diversas afectaciones, concentradas principalmente en la zona sur de la regi\u00f3n.<\/p>\n<p style=\"text-align: justify;\">De manera particular, las provincias de Capit\u00e1n Prat y General Carrera han resultado afectadas producto de las precipitaciones, los cuales han provocado inundaciones, crecidas de afluentes, remociones en masa, corte del suministro de agua potable y alcantarillado (s\u00f3lo en la localidad de Cochrane), entre otras, tanto en \u00e1reas urbanas como rurales. Asimismo, se reportan alteraciones en la conectividad terrestre, con incidencia en las principales rutas que vinculan dichas provincias con el resto de la regi\u00f3n.<\/p>\n<p style=\"text-align: justify;\">Adem\u00e1s, de acuerdo con los monitoreos regionales y la informaci\u00f3n proporcionada por Vialidad-MOP, DGA- MOP y otros organismos t\u00e9cnicos, se encuentra afectada la conectividad de las provincias, particularmente en lo referido a la condici\u00f3n en la que se encuentran las carpetas de rodados de las diferentes rutas de ambas provincias, pero no se ha comunicado la existencia de poblaci\u00f3n damnificada ni lesionados.<\/p>\n<p style=\"text-align: justify;\">En consideraci\u00f3n a los antecedentes se\u00f1alados y las condiciones de aislamiento, falta de conectividad, corte del abastecimiento de agua, entre otros, as\u00ed como lo definido en el COGRID Regional realizado el 02 de octubre, a las 17:30 hrs, el Servicio Nacional de Prevenci\u00f3n y Respuesta ante Desastres (SENAPRED) Regi\u00f3n de Ays\u00e9n, Declara Alerta Roja para las Provincias del General Carrera y Capit\u00e1n Prat por EVENTO METEOROL\u00d3GICO, vigente a contar de hoy 2 de octubre y hasta que las condiciones meteorol\u00f3gicas as\u00ed lo ameriten.<\/p>\n<\/div><\/section><\/div><div  style='height:50px' class='hr hr-invisible   avia-builder-el-6  el_after_av_one_full  el_before_av_social_share '><span class='hr-inner ' ><span class='hr-inner-style'><\/span><\/span><\/div><\/p>\n<div  class='av-social-sharing-box  avia-builder-el-7  el_after_av_hr  el_before_av_hr  '><div class='av-share-box'><h5 class='av-share-link-description av-no-toc '>Compartir esta noticia<\/h5><ul class='av-share-box-list noLightbox'><li class='av-share-link av-social-link-facebook' ><a target=\"_blank\" aria-label=\"Compartir en Facebook\" href='https:\/\/www.facebook.com\/sharer.php?u=https:\/\/radiorevelacionfm.cl\/?p=59860&#038;t=Declaran%20Alerta%20Roja%20para%20las%20Provincias%20General%20Carrera%20y%20Capit%C3%A1n%20Prat%20por%20evento%20meteorol%C3%B3gico' aria-hidden='false' data-av_icon='\ue8f3' data-av_iconfont='entypo-fontello' title='' data-avia-related-tooltip='Compartir en Facebook' rel=\"noopener\"><span class='avia_hidden_link_text'>Compartir en Facebook<\/span><\/a><\/li><li class='av-share-link av-social-link-twitter' ><a target=\"_blank\" aria-label=\"Compartir en Twitter\" href='https:\/\/twitter.com\/share?text=Declaran%20Alerta%20Roja%20para%20las%20Provincias%20General%20Carrera%20y%20Capit%C3%A1n%20Prat%20por%20evento%20meteorol%C3%B3gico&#038;url=https:\/\/radiorevelacionfm.cl\/?p=59860' aria-hidden='false' data-av_icon='\ue8f1' data-av_iconfont='entypo-fontello' title='' data-avia-related-tooltip='Compartir en Twitter' rel=\"noopener\"><span class='avia_hidden_link_text'>Compartir en Twitter<\/span><\/a><\/li><li class='av-share-link av-social-link-whatsapp' ><a target=\"_blank\" aria-label=\"Compartir en Whatsapp\" href='https:\/\/api.whatsapp.com\/send?text=https:\/\/radiorevelacionfm.cl\/?p=59860' aria-hidden='false' data-av_icon='\uf232' data-av_iconfont='entypo-fontello' title='' data-avia-related-tooltip='Compartir en Whatsapp' rel=\"noopener\"><span class='avia_hidden_link_text'>Compartir en Whatsapp<\/span><\/a><\/li><li class='av-share-link av-social-link-linkedin' ><a target=\"_blank\" aria-label=\"Compartir en LinkedIn\" href='https:\/\/linkedin.com\/shareArticle?mini=true&#038;title=Declaran%20Alerta%20Roja%20para%20las%20Provincias%20General%20Carrera%20y%20Capit%C3%A1n%20Prat%20por%20evento%20meteorol%C3%B3gico&#038;url=https:\/\/radiorevelacionfm.cl\/?p=59860' aria-hidden='false' data-av_icon='\ue8fc' data-av_iconfont='entypo-fontello' title='' data-avia-related-tooltip='Compartir en LinkedIn' rel=\"noopener\"><span class='avia_hidden_link_text'>Compartir en LinkedIn<\/span><\/a><\/li><li class='av-share-link av-social-link-mail' ><a  aria-label=\"Compartir por correo\" href='mailto:?subject=Declaran%20Alerta%20Roja%20para%20las%20Provincias%20General%20Carrera%20y%20Capit%C3%A1n%20Prat%20por%20evento%20meteorol%C3%B3gico&#038;body=https:\/\/radiorevelacionfm.cl\/?p=59860' aria-hidden='false' data-av_icon='\ue805' data-av_iconfont='entypo-fontello' title='' data-avia-related-tooltip='Compartir por correo'><span class='avia_hidden_link_text'>Compartir por correo<\/span><\/a><\/li><\/ul><\/div><\/div>\n<div  style='height:50px' class='hr hr-invisible   avia-builder-el-8  el_after_av_social_share  el_before_av_comments_list '><span class='hr-inner ' ><span class='hr-inner-style'><\/span><\/span><\/div>\n<div  class='av-buildercomment  av-blog-meta-html-info-disabled av-blog-meta-tag-disabled  '><\/div>\n","protected":false},"excerpt":{"rendered":"","protected":false},"author":1,"featured_media":59861,"comment_status":"closed","ping_status":"closed","sticky":false,"template":"","format":"standard","meta":{"footnotes":""},"categories":[38],"tags":[],"class_list":["post-59860","post","type-post","status-publish","format-standard","has-post-thumbnail","hentry","category-regional"],"jetpack_featured_media_url":"https:\/\/radiorevelacionfm.cl\/wp-content\/uploads\/2025\/10\/IMG-20251002-WA0024-1.jpg","_links":{"self":[{"href":"https:\/\/radiorevelacionfm.cl\/index.php?rest_route=\/wp\/v2\/posts\/59860","targetHints":{"allow":["GET"]}}],"collection":[{"href":"https:\/\/radiorevelacionfm.cl\/index.php?rest_route=\/wp\/v2\/posts"}],"about":[{"href":"https:\/\/radiorevelacionfm.cl\/index.php?rest_route=\/wp\/v2\/types\/post"}],"author":[{"embeddable":true,"href":"https:\/\/radiorevelacionfm.cl\/index.php?rest_route=\/wp\/v2\/users\/1"}],"replies":[{"embeddable":true,"href":"https:\/\/radiorevelacionfm.cl\/index.php?rest_route=%2Fwp%2Fv2%2Fcomments&post=59860"}],"version-history":[{"count":2,"href":"https:\/\/radiorevelacionfm.cl\/index.php?rest_route=\/wp\/v2\/posts\/59860\/revisions"}],"predecessor-version":[{"id":59863,"href":"https:\/\/radiorevelacionfm.cl\/index.php?rest_route=\/wp\/v2\/posts\/59860\/revisions\/59863"}],"wp:featuredmedia":[{"embeddable":true,"href":"https:\/\/radiorevelacionfm.cl\/index.php?rest_route=\/wp\/v2\/media\/59861"}],"wp:attachment":[{"href":"https:\/\/radiorevelacionfm.cl\/index.php?rest_route=%2Fwp%2Fv2%2Fmedia&parent=59860"}],"wp:term":[{"taxonomy":"category","embeddable":true,"href":"https:\/\/radiorevelacionfm.cl\/index.php?rest_route=%2Fwp%2Fv2%2Fcategories&post=59860"},{"taxonomy":"post_tag","embeddable":true,"href":"https:\/\/radiorevelacionfm.cl\/index.php?rest_route=%2Fwp%2Fv2%2Ftags&post=59860"}],"curies":[{"name":"wp","href":"https:\/\/api.w.org\/{rel}","templated":true}]}}