{"id":59857,"date":"2025-10-03T09:57:23","date_gmt":"2025-10-03T12:57:23","guid":{"rendered":"https:\/\/radiorevelacionfm.cl\/?p=59857"},"modified":"2025-10-03T09:57:23","modified_gmt":"2025-10-03T12:57:23","slug":"colegio-santa-teresa-comenzo-la-celebracion-de-sus-30-anos-al-servicio-de-la-educacion-en-aysen","status":"publish","type":"post","link":"https:\/\/radiorevelacionfm.cl\/?p=59857","title":{"rendered":"Colegio Santa Teresa comenz\u00f3 la celebraci\u00f3n de sus 30 a\u00f1os al servicio de la educaci\u00f3n en Ays\u00e9n"},"content":{"rendered":"<div class=\"flex_column av_one_full  flex_column_div av-zero-column-padding first  avia-builder-el-0  el_before_av_one_full  avia-builder-el-first  \" style='border-radius:0px; '><div  class='avia-image-container  av-styling-    avia-builder-el-1  avia-builder-el-no-sibling  avia-align-center '  itemprop=\"image\" itemscope=\"itemscope\" itemtype=\"https:\/\/schema.org\/ImageObject\"  ><div class='avia-image-container-inner'><div class='avia-image-overlay-wrap'><img decoding=\"async\" class='wp-image-59858 avia-img-lazy-loading-not-59858 avia_image' src=\"https:\/\/radiorevelacionfm.cl\/wp-content\/uploads\/2025\/10\/sta-teresa-1-1_optimized-1.jpg\" alt='' title='sta-teresa-1-(1)_optimized (1)' height=\"600\" width=\"1067\"  itemprop=\"thumbnailUrl\" srcset=\"https:\/\/radiorevelacionfm.cl\/wp-content\/uploads\/2025\/10\/sta-teresa-1-1_optimized-1.jpg 1067w, https:\/\/radiorevelacionfm.cl\/wp-content\/uploads\/2025\/10\/sta-teresa-1-1_optimized-1-300x169.jpg 300w, https:\/\/radiorevelacionfm.cl\/wp-content\/uploads\/2025\/10\/sta-teresa-1-1_optimized-1-1030x579.jpg 1030w, https:\/\/radiorevelacionfm.cl\/wp-content\/uploads\/2025\/10\/sta-teresa-1-1_optimized-1-768x432.jpg 768w, https:\/\/radiorevelacionfm.cl\/wp-content\/uploads\/2025\/10\/sta-teresa-1-1_optimized-1-705x396.jpg 705w, https:\/\/radiorevelacionfm.cl\/wp-content\/uploads\/2025\/10\/sta-teresa-1-1_optimized-1-450x253.jpg 450w, https:\/\/radiorevelacionfm.cl\/wp-content\/uploads\/2025\/10\/sta-teresa-1-1_optimized-1-600x337.jpg 600w\" sizes=\"(max-width: 1067px) 100vw, 1067px\" \/><\/div><\/div><\/div><\/div><div class=\"flex_column av_one_full  flex_column_div av-zero-column-padding first  avia-builder-el-2  el_after_av_one_full  el_before_av_one_full  column-top-margin\" style='border-radius:0px; '><section class=\"av_textblock_section \"  itemscope=\"itemscope\" itemtype=\"https:\/\/schema.org\/BlogPosting\" itemprop=\"blogPost\" ><div class='avia_textblock  '   itemprop=\"text\" ><p style=\"text-align: center;\"><strong><span style=\"font-size: 18pt;\">Colegio Santa Teresa comenz\u00f3 la celebraci\u00f3n de sus 30 a\u00f1os al servicio de la educaci\u00f3n en Ays\u00e9n<\/span><\/strong><\/p>\n<div id=\"gtx-trans\" style=\"position: absolute; left: -50px; top: 4.31534px;\">\n<div class=\"gtx-trans-icon\"><\/div>\n<\/div>\n<\/div><\/section><\/div><div class=\"flex_column av_one_full  flex_column_div av-zero-column-padding first  avia-builder-el-4  el_after_av_one_full  el_before_av_hr  column-top-margin\" style='border-radius:0px; '><section class=\"av_textblock_section \"  itemscope=\"itemscope\" itemtype=\"https:\/\/schema.org\/BlogPosting\" itemprop=\"blogPost\" ><div class='avia_textblock  '   itemprop=\"text\" ><p style=\"text-align: justify;\"><em>En la ceremonia se reuni\u00f3 todo el directorio de la fundaci\u00f3n educacional Santa Teresa y fue el momento oportuno para inaugurar un patio techado y \u00e1rea de juegos al aire libre.<\/em><\/p>\n<p style=\"text-align: justify;\">En dependencias del sal\u00f3n de eventos del establecimiento, el colegio Santa Teresa de los Andes de Puerto Ays\u00e9n, realiz\u00f3 la ceremonia que da inicio a la celebraci\u00f3n de los 30 a\u00f1os al servicio de la educaci\u00f3n. Instancia donde particip\u00f3 todo el directorio de la fundaci\u00f3n bajo la cual desarrolla sus actividades este recinto educativo.<\/p>\n<p style=\"text-align: justify;\">En la jornada tambi\u00e9n estuvieron presentes el delegado presidencial provincial, Rodrigo Moreno, el obispo de Ays\u00e9n Luis Infanti de la Mora, la Concejala Tatiana Villarroel, el concejal Jorge Figueroa, directores de otros colegios, representantes de las fuerzas armadas, empresarios, apoderados, estudiantes, el equipo de docentes y asistentes de la educaci\u00f3n.<\/p>\n<p style=\"text-align: justify;\">Gracia Cosmelli Pereira, presidenta de la fundaci\u00f3n educacional Santa Teresa, relev\u00f3 el crecimiento que ha tenido el colegio, luego de haber comenzado con solo tres cursos.<\/p>\n<p style=\"text-align: justify;\">\u201cPorque partimos con tres cursos, kinder, primero y segundo b\u00e1sico, en una casa y ten\u00edamos que crecer a\u00f1o a a\u00f1o y ah\u00ed contamos con el apoyo de empresas que nos dieron el punto de partida, Frio Sur, Pesca Chile y Salmones Ant\u00e1rtica y gracias a eso pudimos comprar este terreno y construir la primera etapa. Luego a los a\u00f1os siguientes, una familia hizo una importante donaci\u00f3n para construir el gimnasio. Despu\u00e9s, las empresas iniciadoras tambi\u00e9n continuaron con otra donaci\u00f3n y as\u00ed fuimos sumando aportes generosos. En una oportunidad la embajada de Jap\u00f3n a trav\u00e9s de un proyecto para regiones extrema, don\u00f3 la construcci\u00f3n de este comedor que ha sido important\u00edsimo para el colegio, para diversas actividades\u201d.<\/p>\n<p style=\"text-align: justify;\">Para el director del colegio Santa Teresa de los Andes, Sebasti\u00e1n Steinmeyer, estos 30 a\u00f1os son el reflejo del fortalecimiento y los buenos resultados de la educaci\u00f3n que aqu\u00ed se entrega.<\/p>\n<p style=\"text-align: justify;\">\u201cEstamos muy contentos de celebrar estos 30 a\u00f1os al servicio de la educaci\u00f3n en Ays\u00e9n, en conjunto a todo el directorio de la Fundaci\u00f3n Educacional Santa Teresa que nos acompa\u00f1a, Carlos Vial Izquierdo, do\u00f1a Gracia Cosmelli, presidenta del directorio y autoridades invitadas, don Jos\u00e9 Luis del R\u00edo de Fr\u00edo Sur, nos acompa\u00f1an hoy d\u00eda para celebrar juntos esta fiesta que es cumplir 30 a\u00f1os. Con 18 generaciones de exalumnos, con un 70% de alumnos que est\u00e1n hoy d\u00eda ingresando a la educaci\u00f3n superior y si no es a la educaci\u00f3n superior es alguna alternativa de educaci\u00f3n t\u00e9cnica, por eso nos llena de mucha alegr\u00eda y gozo el tener hoy d\u00eda este motivo de celebraci\u00f3n que adem\u00e1s ha sido una experiencia muy linda. Hemos podido contar por la donaci\u00f3n de una persona que nos aport\u00f3 para venir a tocar el piano, que adem\u00e1s el piano es una donaci\u00f3n tambi\u00e9n de una empresa japonesa que se hizo presente hace ya muchos a\u00f1os en nuestro colegio. As\u00ed es que, con m\u00fasica, con invitados, con autoridades presentes celebramos estos 30 a\u00f1os\u201d.<\/p>\n<p style=\"text-align: justify;\">En este cumplea\u00f1os del colegio Santa Teresa, se ha inaugurado tambi\u00e9n un patio techado y espacio para jornada al aire libre, destac\u00f3 su director.<\/p>\n<p style=\"text-align: justify;\">\u201cComo sabemos en Ays\u00e9n, las condiciones clim\u00e1ticas no siempre nos permiten disfrutar de los espacios al aire libre, tanto por la lluvia, pero tambi\u00e9n por el barro del suelo. En nuestro caso, tenemos un sitio de 2 hect\u00e1reas en las que hemos logrado, gracias a aportes de empresas Frio Sur, establecer un espacio donde los estudiantes puedan salir, tener columpios, sala de sensoriales, una p\u00e9rgola techada, en fin compartir un espacio donde puedan posteriormente al recreo ingresar nuevamente al colegio y si hay que\u00a0 mojarse un poco, la lluvia que cae del cielo y no los pies que se embarran cuando no hay cemento o cuando no hay un patio que tenga las condiciones. As\u00ed que muy agradecidos tambi\u00e9n de las gestiones de las diversas empresas que a lo largo de toda la trayectoria han aportado en la construcci\u00f3n de nuestro colegio\u201d.<\/p>\n<p style=\"text-align: justify;\">En la ceremonia estuvo presente Jos\u00e9 Luis Rio, presidente de la empresa Frio Sur, entidad privada que ha aportado desde los inicios al colegio Santa Teresa.<\/p>\n<p style=\"text-align: justify;\">\u201cEsto parti\u00f3 con una iniciativa de do\u00f1a Gracia Cosmelli, que nos pidi\u00f3 que colabor\u00e1ramos, lo hicimos junto con otra empresa de la regi\u00f3n que est\u00e1bamos all\u00e1, con un objetivo, nos sent\u00edamos que como empresa nos propusimos como misi\u00f3n ayudar al desarrollo de la regi\u00f3n, la mejor manera de ayudar era a trav\u00e9s de la educaci\u00f3n, formando, \u00bfno es cierto? Gente con valores, pero con capacidad, con conocimiento que se pueda adaptar a la necesidad del mundo m\u00e1s complejo y creemos que esta es una buena manera de construir. O sea, el aporte que hacemos, que hemos ayudado al Santa Teresa, va muy claro con la misi\u00f3n de Frio Sur, que es desarrollar Ays\u00e9n y ayudar a que esta regi\u00f3n pueda avanzar lo m\u00e1s posible y que sus habitantes tengan un muy buen futuro\u201d.<\/p>\n<p style=\"text-align: justify;\">La ceremonia finaliz\u00f3 con un regalo musical para todos los asistentes a la actividad, se trat\u00f3 de un reconocido pianista nacional, que tambi\u00e9n realizar\u00e1 algunas jornadas con los estudiantes del colegio Santa Teresa de los Andes de Puerto Ays\u00e9n, en sus treinta a\u00f1os al servicio de la educaci\u00f3n.<\/p>\n<\/div><\/section><\/div><div  style='height:50px' class='hr hr-invisible   avia-builder-el-6  el_after_av_one_full  el_before_av_social_share '><span class='hr-inner ' ><span class='hr-inner-style'><\/span><\/span><\/div><\/p>\n<div  class='av-social-sharing-box  avia-builder-el-7  el_after_av_hr  el_before_av_hr  '><div class='av-share-box'><h5 class='av-share-link-description av-no-toc '>Compartir esta noticia<\/h5><ul class='av-share-box-list noLightbox'><li class='av-share-link av-social-link-facebook' ><a target=\"_blank\" aria-label=\"Compartir en Facebook\" href='https:\/\/www.facebook.com\/sharer.php?u=https:\/\/radiorevelacionfm.cl\/?p=59857&#038;t=Colegio%20Santa%20Teresa%20comenz%C3%B3%20la%20celebraci%C3%B3n%20de%20sus%2030%20a%C3%B1os%20al%20servicio%20de%20la%20educaci%C3%B3n%20en%20Ays%C3%A9n' aria-hidden='false' data-av_icon='\ue8f3' data-av_iconfont='entypo-fontello' title='' data-avia-related-tooltip='Compartir en Facebook' rel=\"noopener\"><span class='avia_hidden_link_text'>Compartir en Facebook<\/span><\/a><\/li><li class='av-share-link av-social-link-twitter' ><a target=\"_blank\" aria-label=\"Compartir en Twitter\" href='https:\/\/twitter.com\/share?text=Colegio%20Santa%20Teresa%20comenz%C3%B3%20la%20celebraci%C3%B3n%20de%20sus%2030%20a%C3%B1os%20al%20servicio%20de%20la%20educaci%C3%B3n%20en%20Ays%C3%A9n&#038;url=https:\/\/radiorevelacionfm.cl\/?p=59857' aria-hidden='false' data-av_icon='\ue8f1' data-av_iconfont='entypo-fontello' title='' data-avia-related-tooltip='Compartir en Twitter' rel=\"noopener\"><span class='avia_hidden_link_text'>Compartir en Twitter<\/span><\/a><\/li><li class='av-share-link av-social-link-whatsapp' ><a target=\"_blank\" aria-label=\"Compartir en Whatsapp\" href='https:\/\/api.whatsapp.com\/send?text=https:\/\/radiorevelacionfm.cl\/?p=59857' aria-hidden='false' data-av_icon='\uf232' data-av_iconfont='entypo-fontello' title='' data-avia-related-tooltip='Compartir en Whatsapp' rel=\"noopener\"><span class='avia_hidden_link_text'>Compartir en Whatsapp<\/span><\/a><\/li><li class='av-share-link av-social-link-linkedin' ><a target=\"_blank\" aria-label=\"Compartir en LinkedIn\" href='https:\/\/linkedin.com\/shareArticle?mini=true&#038;title=Colegio%20Santa%20Teresa%20comenz%C3%B3%20la%20celebraci%C3%B3n%20de%20sus%2030%20a%C3%B1os%20al%20servicio%20de%20la%20educaci%C3%B3n%20en%20Ays%C3%A9n&#038;url=https:\/\/radiorevelacionfm.cl\/?p=59857' aria-hidden='false' data-av_icon='\ue8fc' data-av_iconfont='entypo-fontello' title='' data-avia-related-tooltip='Compartir en LinkedIn' rel=\"noopener\"><span class='avia_hidden_link_text'>Compartir en LinkedIn<\/span><\/a><\/li><li class='av-share-link av-social-link-mail' ><a  aria-label=\"Compartir por correo\" href='mailto:?subject=Colegio%20Santa%20Teresa%20comenz%C3%B3%20la%20celebraci%C3%B3n%20de%20sus%2030%20a%C3%B1os%20al%20servicio%20de%20la%20educaci%C3%B3n%20en%20Ays%C3%A9n&#038;body=https:\/\/radiorevelacionfm.cl\/?p=59857' aria-hidden='false' data-av_icon='\ue805' data-av_iconfont='entypo-fontello' title='' data-avia-related-tooltip='Compartir por correo'><span class='avia_hidden_link_text'>Compartir por correo<\/span><\/a><\/li><\/ul><\/div><\/div>\n<div  style='height:50px' class='hr hr-invisible   avia-builder-el-8  el_after_av_social_share  el_before_av_comments_list '><span class='hr-inner ' ><span class='hr-inner-style'><\/span><\/span><\/div>\n<div  class='av-buildercomment  av-blog-meta-html-info-disabled av-blog-meta-tag-disabled  '><\/div>\n","protected":false},"excerpt":{"rendered":"","protected":false},"author":1,"featured_media":59858,"comment_status":"closed","ping_status":"closed","sticky":false,"template":"","format":"standard","meta":{"footnotes":""},"categories":[49],"tags":[],"class_list":["post-59857","post","type-post","status-publish","format-standard","has-post-thumbnail","hentry","category-educacion"],"jetpack_featured_media_url":"https:\/\/radiorevelacionfm.cl\/wp-content\/uploads\/2025\/10\/sta-teresa-1-1_optimized-1.jpg","_links":{"self":[{"href":"https:\/\/radiorevelacionfm.cl\/index.php?rest_route=\/wp\/v2\/posts\/59857","targetHints":{"allow":["GET"]}}],"collection":[{"href":"https:\/\/radiorevelacionfm.cl\/index.php?rest_route=\/wp\/v2\/posts"}],"about":[{"href":"https:\/\/radiorevelacionfm.cl\/index.php?rest_route=\/wp\/v2\/types\/post"}],"author":[{"embeddable":true,"href":"https:\/\/radiorevelacionfm.cl\/index.php?rest_route=\/wp\/v2\/users\/1"}],"replies":[{"embeddable":true,"href":"https:\/\/radiorevelacionfm.cl\/index.php?rest_route=%2Fwp%2Fv2%2Fcomments&post=59857"}],"version-history":[{"count":2,"href":"https:\/\/radiorevelacionfm.cl\/index.php?rest_route=\/wp\/v2\/posts\/59857\/revisions"}],"predecessor-version":[{"id":59869,"href":"https:\/\/radiorevelacionfm.cl\/index.php?rest_route=\/wp\/v2\/posts\/59857\/revisions\/59869"}],"wp:featuredmedia":[{"embeddable":true,"href":"https:\/\/radiorevelacionfm.cl\/index.php?rest_route=\/wp\/v2\/media\/59858"}],"wp:attachment":[{"href":"https:\/\/radiorevelacionfm.cl\/index.php?rest_route=%2Fwp%2Fv2%2Fmedia&parent=59857"}],"wp:term":[{"taxonomy":"category","embeddable":true,"href":"https:\/\/radiorevelacionfm.cl\/index.php?rest_route=%2Fwp%2Fv2%2Fcategories&post=59857"},{"taxonomy":"post_tag","embeddable":true,"href":"https:\/\/radiorevelacionfm.cl\/index.php?rest_route=%2Fwp%2Fv2%2Ftags&post=59857"}],"curies":[{"name":"wp","href":"https:\/\/api.w.org\/{rel}","templated":true}]}}