{"id":59854,"date":"2025-10-04T15:01:52","date_gmt":"2025-10-04T18:01:52","guid":{"rendered":"https:\/\/radiorevelacionfm.cl\/?p=59854"},"modified":"2025-10-04T15:01:52","modified_gmt":"2025-10-04T18:01:52","slug":"ministerio-de-economia-presenta-el-presupuesto-2026-de-la-cartera-ante-el-congreso","status":"publish","type":"post","link":"https:\/\/radiorevelacionfm.cl\/?p=59854","title":{"rendered":"Ministerio de Econom\u00eda presenta el presupuesto 2026 de la cartera ante el Congreso"},"content":{"rendered":"<div class=\"flex_column av_one_full  flex_column_div av-zero-column-padding first  avia-builder-el-0  el_before_av_one_full  avia-builder-el-first  \" style='border-radius:0px; '><div  class='avia-image-container  av-styling-    avia-builder-el-1  avia-builder-el-no-sibling  avia-align-center '  itemprop=\"image\" itemscope=\"itemscope\" itemtype=\"https:\/\/schema.org\/ImageObject\"  ><div class='avia-image-container-inner'><div class='avia-image-overlay-wrap'><img decoding=\"async\" class='wp-image-59855 avia-img-lazy-loading-not-59855 avia_image' src=\"https:\/\/radiorevelacionfm.cl\/wp-content\/uploads\/2025\/10\/p2-1-1_optimized.jpeg\" alt='' title='p2-(1)-(1)_optimized' height=\"600\" width=\"901\"  itemprop=\"thumbnailUrl\" srcset=\"https:\/\/radiorevelacionfm.cl\/wp-content\/uploads\/2025\/10\/p2-1-1_optimized.jpeg 901w, https:\/\/radiorevelacionfm.cl\/wp-content\/uploads\/2025\/10\/p2-1-1_optimized-300x200.jpeg 300w, https:\/\/radiorevelacionfm.cl\/wp-content\/uploads\/2025\/10\/p2-1-1_optimized-768x511.jpeg 768w, https:\/\/radiorevelacionfm.cl\/wp-content\/uploads\/2025\/10\/p2-1-1_optimized-705x469.jpeg 705w, https:\/\/radiorevelacionfm.cl\/wp-content\/uploads\/2025\/10\/p2-1-1_optimized-450x300.jpeg 450w, https:\/\/radiorevelacionfm.cl\/wp-content\/uploads\/2025\/10\/p2-1-1_optimized-600x400.jpeg 600w\" sizes=\"(max-width: 901px) 100vw, 901px\" \/><\/div><\/div><\/div><\/div><div class=\"flex_column av_one_full  flex_column_div av-zero-column-padding first  avia-builder-el-2  el_after_av_one_full  el_before_av_one_full  column-top-margin\" style='border-radius:0px; '><section class=\"av_textblock_section \"  itemscope=\"itemscope\" itemtype=\"https:\/\/schema.org\/BlogPosting\" itemprop=\"blogPost\" ><div class='avia_textblock  '   itemprop=\"text\" ><p style=\"text-align: center;\"><strong><span style=\"font-size: 18pt;\">Ministerio de Econom\u00eda presenta el presupuesto 2026 de la cartera ante el Congreso<\/span><\/strong><\/p>\n<div id=\"gtx-trans\" style=\"position: absolute; left: -50px; top: 4.31534px;\">\n<div class=\"gtx-trans-icon\"><\/div>\n<\/div>\n<\/div><\/section><\/div><div class=\"flex_column av_one_full  flex_column_div av-zero-column-padding first  avia-builder-el-4  el_after_av_one_full  el_before_av_hr  column-top-margin\" style='border-radius:0px; '><section class=\"av_textblock_section \"  itemscope=\"itemscope\" itemtype=\"https:\/\/schema.org\/BlogPosting\" itemprop=\"blogPost\" ><div class='avia_textblock  '   itemprop=\"text\" ><ul>\n<li style=\"text-align: justify;\"><em>Proyecto considera un gasto de $233 mil millones menos a lo destinado en el presupuesto del a\u00f1o 2025, es decir, un ahorro de 12,6% menos que este a\u00f1o.<\/em><\/li>\n<li style=\"text-align: justify;\"><em>Ministro Garc\u00eda: \u201ccontinuar con el financiamiento de los programas de turismo social como son las vacaciones de tercera edad, giras de estudio y turismo familiares. Por otro lado, se aplic\u00f3 una reducci\u00f3n del programa de Atracci\u00f3n Tur\u00edstica, debido a la evaluaci\u00f3n que tuvo desde el a\u00f1o 2024&#8243;.<\/em><\/li>\n<\/ul>\n<p style=\"text-align: justify;\">En la Primera Subcomisi\u00f3n de Presupuestos del Congreso Nacional, el ministro de Econom\u00eda, Fomento y Turismo, \u00c1lvaro Garc\u00eda, y la subsecretaria de Econom\u00eda y Empresas de Menor Tama\u00f1o, Javiera Petersen, expusieron la propuesta de presupuesto de la cartera para 2026.<\/p>\n<p style=\"text-align: justify;\">El nuevo presupuesto considera $1.619 mil millones, lo que corresponde a un 12,6% menos de la Ley aprobada para este a\u00f1o. La variaci\u00f3n se traduce en menores recursos por $233 mil millones, como resultado de reducciones en bienes y servicios de consumo (-5,3%), en adquisici\u00f3n de activos no financieros (-11%) e iniciativas de inversi\u00f3n (-64,7%), entre otras \u00e1reas.<\/p>\n<p style=\"text-align: justify;\">El ministro Garc\u00eda destac\u00f3 los recursos otorgados a la Subsecretar\u00eda de Turismo por $2.756 millones que permitir\u00e1n \u201ccontinuar con el financiamiento de los programas de turismo social como son las vacaciones de tercera edad, giras de estudio y turismo familiares. Por otro lado, se aplic\u00f3 una reducci\u00f3n del programa de Atracci\u00f3n Tur\u00edstica, debido a la evaluaci\u00f3n que tuvo desde el a\u00f1o 2024&#8243;.<\/p>\n<p style=\"text-align: justify;\">Del total de los montos destinados para el ejercicio 2026, el proyecto de ley destina<\/p>\n<p style=\"text-align: justify;\">$41.714 millones a la Subsecretar\u00eda de Econom\u00eda, lo que implica una disminuci\u00f3n de 3,7% respecto de lo aprobado para 2025. En este caso, se aplicaron reducciones presupuestarias en distintos programas como, por ejemplo, Observatorio de Datos Econ\u00f3micos (-48,6%), Oficina de Competencia y Mejora Regulatoria (-2,5%), Digitaliza tu Pyme (-7,6) y Pyme \u00c1gil (-7,5%).<\/p>\n<p style=\"text-align: justify;\">En la Corporaci\u00f3n de Fomento de la Producci\u00f3n (CORFO) se financia la continuidad del conjunto de programas que ejecuta la Corporaci\u00f3n con una cobertura estimada de 87 proyectos que, entre otros, incluye, 15 Programas Estrat\u00e9gicos de Desarrollo por $ 3.574 millones, 3 proyectos asociados al Programa Formaci\u00f3n para la Competitividad por $ 730 millones y el financiamiento de 37 proyectos (de arrastre) del Programa Transferencia Tecnol\u00f3gica por $ 15.557 millones. Se financia por segundo a\u00f1o el Instituto Tecnol\u00f3gico y de Investigaci\u00f3n P\u00fablico de Litio y Salares por $ 486 millones y en el Programa Promoci\u00f3n de Inversiones, se incluye el financiamiento de proyectos por $3.515 millones.<\/p>\n<p style=\"text-align: justify;\">En cuanto al Programa de Desarrollo Productivo Sostenible (DPS) se contemplan recursos para la continuidad operativa del Comit\u00e9 Hidr\u00f3geno Verde por $ 396 millones y del Comit\u00e9 del Litio y Salares por $ 363 millones, y se incluyen $ 1.292 millones en el Programa Formaci\u00f3n para la Competitividad destinados a 4 proyectos, y $ 1.027 millones en el Programa Estrat\u00e9gicos de Desarrollo.<\/p>\n<p style=\"text-align: justify;\">Del mismo modo, se incluye el primer a\u00f1o de financiamiento del Comit\u00e9 Construcci\u00f3n Naval por $ 181 millones.<\/p>\n<\/div><\/section><\/div><div  style='height:50px' class='hr hr-invisible   avia-builder-el-6  el_after_av_one_full  el_before_av_social_share '><span class='hr-inner ' ><span class='hr-inner-style'><\/span><\/span><\/div><\/p>\n<div  class='av-social-sharing-box  avia-builder-el-7  el_after_av_hr  el_before_av_hr  '><div class='av-share-box'><h5 class='av-share-link-description av-no-toc '>Compartir esta noticia<\/h5><ul class='av-share-box-list noLightbox'><li class='av-share-link av-social-link-facebook' ><a target=\"_blank\" aria-label=\"Compartir en Facebook\" href='https:\/\/www.facebook.com\/sharer.php?u=https:\/\/radiorevelacionfm.cl\/?p=59854&#038;t=Ministerio%20de%20Econom%C3%ADa%20presenta%20el%20presupuesto%202026%20de%20la%20cartera%20ante%20el%20Congreso' aria-hidden='false' data-av_icon='\ue8f3' data-av_iconfont='entypo-fontello' title='' data-avia-related-tooltip='Compartir en Facebook' rel=\"noopener\"><span class='avia_hidden_link_text'>Compartir en Facebook<\/span><\/a><\/li><li class='av-share-link av-social-link-twitter' ><a target=\"_blank\" aria-label=\"Compartir en Twitter\" href='https:\/\/twitter.com\/share?text=Ministerio%20de%20Econom%C3%ADa%20presenta%20el%20presupuesto%202026%20de%20la%20cartera%20ante%20el%20Congreso&#038;url=https:\/\/radiorevelacionfm.cl\/?p=59854' aria-hidden='false' data-av_icon='\ue8f1' data-av_iconfont='entypo-fontello' title='' data-avia-related-tooltip='Compartir en Twitter' rel=\"noopener\"><span class='avia_hidden_link_text'>Compartir en Twitter<\/span><\/a><\/li><li class='av-share-link av-social-link-whatsapp' ><a target=\"_blank\" aria-label=\"Compartir en Whatsapp\" href='https:\/\/api.whatsapp.com\/send?text=https:\/\/radiorevelacionfm.cl\/?p=59854' aria-hidden='false' data-av_icon='\uf232' data-av_iconfont='entypo-fontello' title='' data-avia-related-tooltip='Compartir en Whatsapp' rel=\"noopener\"><span class='avia_hidden_link_text'>Compartir en Whatsapp<\/span><\/a><\/li><li class='av-share-link av-social-link-linkedin' ><a target=\"_blank\" aria-label=\"Compartir en LinkedIn\" href='https:\/\/linkedin.com\/shareArticle?mini=true&#038;title=Ministerio%20de%20Econom%C3%ADa%20presenta%20el%20presupuesto%202026%20de%20la%20cartera%20ante%20el%20Congreso&#038;url=https:\/\/radiorevelacionfm.cl\/?p=59854' aria-hidden='false' data-av_icon='\ue8fc' data-av_iconfont='entypo-fontello' title='' data-avia-related-tooltip='Compartir en LinkedIn' rel=\"noopener\"><span class='avia_hidden_link_text'>Compartir en LinkedIn<\/span><\/a><\/li><li class='av-share-link av-social-link-mail' ><a  aria-label=\"Compartir por correo\" href='mailto:?subject=Ministerio%20de%20Econom%C3%ADa%20presenta%20el%20presupuesto%202026%20de%20la%20cartera%20ante%20el%20Congreso&#038;body=https:\/\/radiorevelacionfm.cl\/?p=59854' aria-hidden='false' data-av_icon='\ue805' data-av_iconfont='entypo-fontello' title='' data-avia-related-tooltip='Compartir por correo'><span class='avia_hidden_link_text'>Compartir por correo<\/span><\/a><\/li><\/ul><\/div><\/div>\n<div  style='height:50px' class='hr hr-invisible   avia-builder-el-8  el_after_av_social_share  el_before_av_comments_list '><span class='hr-inner ' ><span class='hr-inner-style'><\/span><\/span><\/div>\n<div  class='av-buildercomment  av-blog-meta-html-info-disabled av-blog-meta-tag-disabled  '><\/div>\n","protected":false},"excerpt":{"rendered":"","protected":false},"author":1,"featured_media":59855,"comment_status":"closed","ping_status":"closed","sticky":false,"template":"","format":"standard","meta":{"footnotes":""},"categories":[61],"tags":[],"class_list":["post-59854","post","type-post","status-publish","format-standard","has-post-thumbnail","hentry","category-nacional"],"jetpack_featured_media_url":"https:\/\/radiorevelacionfm.cl\/wp-content\/uploads\/2025\/10\/p2-1-1_optimized.jpeg","_links":{"self":[{"href":"https:\/\/radiorevelacionfm.cl\/index.php?rest_route=\/wp\/v2\/posts\/59854","targetHints":{"allow":["GET"]}}],"collection":[{"href":"https:\/\/radiorevelacionfm.cl\/index.php?rest_route=\/wp\/v2\/posts"}],"about":[{"href":"https:\/\/radiorevelacionfm.cl\/index.php?rest_route=\/wp\/v2\/types\/post"}],"author":[{"embeddable":true,"href":"https:\/\/radiorevelacionfm.cl\/index.php?rest_route=\/wp\/v2\/users\/1"}],"replies":[{"embeddable":true,"href":"https:\/\/radiorevelacionfm.cl\/index.php?rest_route=%2Fwp%2Fv2%2Fcomments&post=59854"}],"version-history":[{"count":2,"href":"https:\/\/radiorevelacionfm.cl\/index.php?rest_route=\/wp\/v2\/posts\/59854\/revisions"}],"predecessor-version":[{"id":59911,"href":"https:\/\/radiorevelacionfm.cl\/index.php?rest_route=\/wp\/v2\/posts\/59854\/revisions\/59911"}],"wp:featuredmedia":[{"embeddable":true,"href":"https:\/\/radiorevelacionfm.cl\/index.php?rest_route=\/wp\/v2\/media\/59855"}],"wp:attachment":[{"href":"https:\/\/radiorevelacionfm.cl\/index.php?rest_route=%2Fwp%2Fv2%2Fmedia&parent=59854"}],"wp:term":[{"taxonomy":"category","embeddable":true,"href":"https:\/\/radiorevelacionfm.cl\/index.php?rest_route=%2Fwp%2Fv2%2Fcategories&post=59854"},{"taxonomy":"post_tag","embeddable":true,"href":"https:\/\/radiorevelacionfm.cl\/index.php?rest_route=%2Fwp%2Fv2%2Ftags&post=59854"}],"curies":[{"name":"wp","href":"https:\/\/api.w.org\/{rel}","templated":true}]}}