{"id":59851,"date":"2025-10-03T10:45:18","date_gmt":"2025-10-03T13:45:18","guid":{"rendered":"https:\/\/radiorevelacionfm.cl\/?p=59851"},"modified":"2025-10-03T10:45:18","modified_gmt":"2025-10-03T13:45:18","slug":"seremi-del-medio-ambiente-sobre-programa-de-recambio-la-falta-de-rigor-e-imprecisiones-confunden-innecesariamente-a-nuestra-comunidad","status":"publish","type":"post","link":"https:\/\/radiorevelacionfm.cl\/?p=59851","title":{"rendered":"Seremi del Medio Ambiente sobre programa de recambio: \u201cLa falta de rigor e imprecisiones confunden innecesariamente a nuestra comunidad\u201d"},"content":{"rendered":"<div class=\"flex_column av_one_full  flex_column_div av-zero-column-padding first  avia-builder-el-0  el_before_av_one_full  avia-builder-el-first  \" style='border-radius:0px; '><div  class='avia-image-container  av-styling-    avia-builder-el-1  avia-builder-el-no-sibling  avia-align-center '  itemprop=\"image\" itemscope=\"itemscope\" itemtype=\"https:\/\/schema.org\/ImageObject\"  ><div class='avia-image-container-inner'><div class='avia-image-overlay-wrap'><img decoding=\"async\" class='wp-image-59852 avia-img-lazy-loading-not-59852 avia_image' src=\"https:\/\/radiorevelacionfm.cl\/wp-content\/uploads\/2025\/10\/PHOTO-2025-10-01-16-58-21-1-1.jpg\" alt='' title='PHOTO-2025-10-01-16-58-21 (1) (1)' height=\"620\" width=\"800\"  itemprop=\"thumbnailUrl\" srcset=\"https:\/\/radiorevelacionfm.cl\/wp-content\/uploads\/2025\/10\/PHOTO-2025-10-01-16-58-21-1-1.jpg 800w, https:\/\/radiorevelacionfm.cl\/wp-content\/uploads\/2025\/10\/PHOTO-2025-10-01-16-58-21-1-1-300x233.jpg 300w, https:\/\/radiorevelacionfm.cl\/wp-content\/uploads\/2025\/10\/PHOTO-2025-10-01-16-58-21-1-1-768x595.jpg 768w, https:\/\/radiorevelacionfm.cl\/wp-content\/uploads\/2025\/10\/PHOTO-2025-10-01-16-58-21-1-1-705x546.jpg 705w, https:\/\/radiorevelacionfm.cl\/wp-content\/uploads\/2025\/10\/PHOTO-2025-10-01-16-58-21-1-1-450x349.jpg 450w, https:\/\/radiorevelacionfm.cl\/wp-content\/uploads\/2025\/10\/PHOTO-2025-10-01-16-58-21-1-1-600x465.jpg 600w\" sizes=\"(max-width: 800px) 100vw, 800px\" \/><\/div><\/div><\/div><\/div><div class=\"flex_column av_one_full  flex_column_div av-zero-column-padding first  avia-builder-el-2  el_after_av_one_full  el_before_av_one_full  column-top-margin\" style='border-radius:0px; '><section class=\"av_textblock_section \"  itemscope=\"itemscope\" itemtype=\"https:\/\/schema.org\/BlogPosting\" itemprop=\"blogPost\" ><div class='avia_textblock  '   itemprop=\"text\" ><p style=\"text-align: center;\"><span style=\"font-size: 18pt;\"><strong>Seremi del Medio Ambiente sobre programa de recambio: \u201cLa falta de rigor e imprecisiones confunden innecesariamente a nuestra comunidad\u201d <\/strong><\/span><\/p>\n<div id=\"gtx-trans\" style=\"position: absolute; left: -50px; top: 4.31534px;\">\n<div class=\"gtx-trans-icon\"><\/div>\n<\/div>\n<\/div><\/section><\/div><div class=\"flex_column av_one_full  flex_column_div av-zero-column-padding first  avia-builder-el-4  el_after_av_one_full  el_before_av_hr  column-top-margin\" style='border-radius:0px; '><section class=\"av_textblock_section \"  itemscope=\"itemscope\" itemtype=\"https:\/\/schema.org\/BlogPosting\" itemprop=\"blogPost\" ><div class='avia_textblock  '   itemprop=\"text\" ><p style=\"text-align: justify;\">Respecto de la serie de declaraciones que han circulado en medios regionales sobre el programa de recambio de calefactores en la ciudad de Coyhaique, el Seremi del Medio Ambiente, Yoal D\u00edaz, aclar\u00f3 una serie de imprecisiones y detall\u00f3 los avances de la iniciativa, precisando que \u201cel programa vigente\u201d.<\/p>\n<p style=\"text-align: justify;\">\u201cEl programa de recambio de calefactores es una de las medidas m\u00e1s importantes de nuestro Plan de Descontaminaci\u00f3n Atmosf\u00e9rica PDA y se encuentra en plena vigencia. Esta iniciativa, que llevamos adelante en conjunto con el Gobierno Regional, nos ha permitido recambiar m\u00e1s de 10.000 equipos en la zona saturada, lo que evidencia un descenso sostenido hist\u00f3rico en nuestros episodios cr\u00edticos de de un 43% desde que iniciamos el PDA, y que requiere de la confianza y adherencia de nuestra comunidad, por cuanto las imprecisiones y aseveraciones que hoy enlodan la gesti\u00f3n del programa afectan a un beneficio y meta que se ha construido en conjunto con la comunidad\u201d, asegur\u00f3 la autoridad.<\/p>\n<p style=\"text-align: justify;\">A la fecha el programa ambiental ha permitido recambiar y chatarrizar un total de 10.555 equipos a le\u00f1a, avanzando en un 70% de la meta de 15.000 recambios establecidos en el PDA para el a\u00f1o 2027. Si bien en el a\u00f1o 2022 en programa de recambio estuvo suspendido para realizar mejoras a los procedimientos, se retom\u00f3 en 2023\u00a0consiguiendo un compromiso de ejecuci\u00f3n hist\u00f3rico de 2.700 millones para recambiar a las familias de Coyhaique en las l\u00edneas pellet y aire acondicionado.<\/p>\n<p style=\"text-align: justify;\"><strong>Equipos Perdidos<\/strong><\/p>\n<p style=\"text-align: justify;\">Sobre algunos comentarios que indican que 500 equipos de recambio se encuentran extraviados, el Seremi del Medio Ambiente fue enf\u00e1tico en desmentirlo, informando que durante la gesti\u00f3n 2019 y, de acuerdo a lo establecido en bases y licitaciones, se realiz\u00f3 la compra de 520 equipos de recambio, sin embargo en el curso de la licitaci\u00f3n la empresa que adjudic\u00f3 la compra se declar\u00f3 en quiebra, dejando a los equipos sin garant\u00eda y asistencia t\u00e9cnica, lo que consideraba una falta a los beneficiarios del programa, por lo que, junto con presentar una denuncia al Consejo de Defensa del Estado, el Ministerio del Medio Ambiente asumi\u00f3 los costos, adquiriendo nuevos equipos que contaran con todas las garant\u00edas, los que fueron entregados e instalados en los hogares de todas las familias seleccionadas seg\u00fan dan cuenta las bases de postulaci\u00f3n N\u00b0224 de fecha 21 de marzo 2019 \u00a0y en la p\u00e1gina web <a href=\"https:\/\/calefactores.mma.gob.cl\/\">https:\/\/calefactores.mma.gob.cl<\/a> donde se encuentra publicada dicha resoluci\u00f3n, en los tiempos establecidos. Los equipos adquiridos con la licitaci\u00f3n inicial se encuentran en Bodegas San Francisco, ubicada en La Martina N\u00ba 455, Pudahuel, a espera de coordinar su destino en conjunto con el Gobierno Regional.<\/p>\n<p style=\"text-align: justify;\">Respecto de las aseveraciones de 5000 equipos comprados y extraviados, el SEREMI precis\u00f3 que, con los nuevos cambios de procedimientos en el programa, los recursos son utilizados de forma inmediata para una compra nacional de equipos y contar con el stock para posterior planificaci\u00f3n de llamados e instalaciones, cuyo calendario depende de los procesos de chatarrizaci\u00f3n. \u201cLos equipos son 3.218 ya fueron adquiridos y se encuentran en la bodega Easy a espera de los pr\u00f3ximos llamados que ser\u00e1n oportunamente informados a la comunidad\u201d.<\/p>\n<p style=\"text-align: justify;\"><strong>Ejecuci\u00f3n de recursos \u00a0<\/strong><\/p>\n<p style=\"text-align: justify;\">Respecto a la informaci\u00f3n declarada sobre la existencia de 6 pr\u00f3rrogas que consideran demoras en el proceso, cabe se\u00f1alar que dichas prorrogas se realizaron en periodo de 8 a\u00f1os desde 2015 a 2023, est\u00e1 \u00faltima prorroga extendida hasta el a\u00f1o 2025 y corresponden a la normalidad de la ejecuci\u00f3n del proceso, por cuando atienden a aumentos de presupuestos y tiempos para la instalaci\u00f3n y chatarrizaci\u00f3n de estos calefactores adquiridos.<\/p>\n<p style=\"text-align: justify;\">A julio de 2025 se ha rendido un 97% del total del presupuesto aprobado por el Consejo Regional de Ays\u00e9n ($12.349.000.000). \u201cLa aseveraci\u00f3n de que tenemos 3 mil millones sin ejecutar es falsa y actualmente existen $313.955.426 de saldo disponible, lo que representa menos de un 3% del total del Programa\u201d, declar\u00f3 Yoal D\u00edaz. Aclar\u00f3 tambi\u00e9n que aseverar que los aportes al programa son de fuente exclusiva del Gobierno Regional se aleja de la verdad, ya que los primeros recambios realizados en 2011 fueron financiados con fondos sectoriales en un ciento por ciento, y que el Ministerio tambi\u00e9n ha financiado la compra e instalaci\u00f3n de calefactores en, locales comerciales (2018), organizaciones sociales (2019), y algunas excepciones como fue el programa de Le\u00f1a por Le\u00f1a (2020). Por otra parte, cabe destacar que con los fondos del Gobierno Regional se financia solo la compra de los calefactores, la instalaci\u00f3n es financiada por el Ministerio.<\/p>\n<p style=\"text-align: justify;\"><strong>Actualizaci\u00f3n del programa\u00a0<\/strong><\/p>\n<p style=\"text-align: justify;\">El programa de recambio, antes de la auditoria de CGR, funcionaba mediante el sistema de grandes compras y cada regi\u00f3n llevaba su propio proceso de compra, esto permiti\u00f3 que oferentes como la empresa de las 520 estufas, ofertaran la misma cantidad para distintas regiones y luego al no cumplir se declararan en quiebra. Para el a\u00f1o 2023 y de acuerdo a lo instruido por la Contralor\u00eda General de la Rep\u00fablica, el Ministerio implement\u00f3 cambios al programa en varios puntos del proceso de compra, selecci\u00f3n e instalaci\u00f3n.\u202f\u202fLa aprobaci\u00f3n de la Bi-anualidad del programa permiti\u00f3 realizar la compra de los calefactores un a\u00f1o y realizar la instalaci\u00f3n durante el a\u00f1o siguiente, de esa manera se libera presi\u00f3n en los procesos de compra e instalaci\u00f3n y permite mejorar la capacidad de planificaci\u00f3n de las distintas etapas.<\/p>\n<p style=\"text-align: justify;\">Finalmente el Seremi del Medio Ambiente reiter\u00f3 a la comunidad que el programa contin\u00faa vigente se encuentra en proceso de instalaci\u00f3n y pronto realizar un nuevo llamado \u201cLa confianza p\u00fablica se construye con claridad, cuando se pierde esa claridad es la comunidad la que se lleva la carga. Sin duda el debate enriquece la democracia, pero solo si esta enraizado en la verdad, cualquier intento distinto debilita a la comunidad que pretende servir. Desde ah\u00ed hacemos un llamado a la responsabilidad con que se comunica la pol\u00edtica p\u00fablica, la falta de rigor e imprecisiones confunden innecesariamente a nuestra comunidad\u201d, concluy\u00f3.<\/p>\n<\/div><\/section><\/div><div  style='height:50px' class='hr hr-invisible   avia-builder-el-6  el_after_av_one_full  el_before_av_social_share '><span class='hr-inner ' ><span class='hr-inner-style'><\/span><\/span><\/div><\/p>\n<div  class='av-social-sharing-box  avia-builder-el-7  el_after_av_hr  el_before_av_hr  '><div class='av-share-box'><h5 class='av-share-link-description av-no-toc '>Compartir esta noticia<\/h5><ul class='av-share-box-list noLightbox'><li class='av-share-link av-social-link-facebook' ><a target=\"_blank\" aria-label=\"Compartir en Facebook\" href='https:\/\/www.facebook.com\/sharer.php?u=https:\/\/radiorevelacionfm.cl\/?p=59851&#038;t=Seremi%20del%20Medio%20Ambiente%20sobre%20programa%20de%20recambio%3A%20%E2%80%9CLa%20falta%20de%20rigor%20e%20imprecisiones%20confunden%20innecesariamente%20a%20nuestra%20comunidad%E2%80%9D' aria-hidden='false' data-av_icon='\ue8f3' data-av_iconfont='entypo-fontello' title='' data-avia-related-tooltip='Compartir en Facebook' rel=\"noopener\"><span class='avia_hidden_link_text'>Compartir en Facebook<\/span><\/a><\/li><li class='av-share-link av-social-link-twitter' ><a target=\"_blank\" aria-label=\"Compartir en Twitter\" href='https:\/\/twitter.com\/share?text=Seremi%20del%20Medio%20Ambiente%20sobre%20programa%20de%20recambio%3A%20%E2%80%9CLa%20falta%20de%20rigor%20e%20imprecisiones%20confunden%20innecesariamente%20a%20nuestra%20comunidad%E2%80%9D&#038;url=https:\/\/radiorevelacionfm.cl\/?p=59851' aria-hidden='false' data-av_icon='\ue8f1' data-av_iconfont='entypo-fontello' title='' data-avia-related-tooltip='Compartir en Twitter' rel=\"noopener\"><span class='avia_hidden_link_text'>Compartir en Twitter<\/span><\/a><\/li><li class='av-share-link av-social-link-whatsapp' ><a target=\"_blank\" aria-label=\"Compartir en Whatsapp\" href='https:\/\/api.whatsapp.com\/send?text=https:\/\/radiorevelacionfm.cl\/?p=59851' aria-hidden='false' data-av_icon='\uf232' data-av_iconfont='entypo-fontello' title='' data-avia-related-tooltip='Compartir en Whatsapp' rel=\"noopener\"><span class='avia_hidden_link_text'>Compartir en Whatsapp<\/span><\/a><\/li><li class='av-share-link av-social-link-linkedin' ><a target=\"_blank\" aria-label=\"Compartir en LinkedIn\" href='https:\/\/linkedin.com\/shareArticle?mini=true&#038;title=Seremi%20del%20Medio%20Ambiente%20sobre%20programa%20de%20recambio%3A%20%E2%80%9CLa%20falta%20de%20rigor%20e%20imprecisiones%20confunden%20innecesariamente%20a%20nuestra%20comunidad%E2%80%9D&#038;url=https:\/\/radiorevelacionfm.cl\/?p=59851' aria-hidden='false' data-av_icon='\ue8fc' data-av_iconfont='entypo-fontello' title='' data-avia-related-tooltip='Compartir en LinkedIn' rel=\"noopener\"><span class='avia_hidden_link_text'>Compartir en LinkedIn<\/span><\/a><\/li><li class='av-share-link av-social-link-mail' ><a  aria-label=\"Compartir por correo\" href='mailto:?subject=Seremi%20del%20Medio%20Ambiente%20sobre%20programa%20de%20recambio%3A%20%E2%80%9CLa%20falta%20de%20rigor%20e%20imprecisiones%20confunden%20innecesariamente%20a%20nuestra%20comunidad%E2%80%9D&#038;body=https:\/\/radiorevelacionfm.cl\/?p=59851' aria-hidden='false' data-av_icon='\ue805' data-av_iconfont='entypo-fontello' title='' data-avia-related-tooltip='Compartir por correo'><span class='avia_hidden_link_text'>Compartir por correo<\/span><\/a><\/li><\/ul><\/div><\/div>\n<div  style='height:50px' class='hr hr-invisible   avia-builder-el-8  el_after_av_social_share  el_before_av_comments_list '><span class='hr-inner ' ><span class='hr-inner-style'><\/span><\/span><\/div>\n<div  class='av-buildercomment  av-blog-meta-html-info-disabled av-blog-meta-tag-disabled  '><\/div>\n","protected":false},"excerpt":{"rendered":"","protected":false},"author":1,"featured_media":59852,"comment_status":"closed","ping_status":"closed","sticky":false,"template":"","format":"standard","meta":{"footnotes":""},"categories":[39],"tags":[],"class_list":["post-59851","post","type-post","status-publish","format-standard","has-post-thumbnail","hentry","category-medio-ambiente"],"jetpack_featured_media_url":"https:\/\/radiorevelacionfm.cl\/wp-content\/uploads\/2025\/10\/PHOTO-2025-10-01-16-58-21-1-1.jpg","_links":{"self":[{"href":"https:\/\/radiorevelacionfm.cl\/index.php?rest_route=\/wp\/v2\/posts\/59851","targetHints":{"allow":["GET"]}}],"collection":[{"href":"https:\/\/radiorevelacionfm.cl\/index.php?rest_route=\/wp\/v2\/posts"}],"about":[{"href":"https:\/\/radiorevelacionfm.cl\/index.php?rest_route=\/wp\/v2\/types\/post"}],"author":[{"embeddable":true,"href":"https:\/\/radiorevelacionfm.cl\/index.php?rest_route=\/wp\/v2\/users\/1"}],"replies":[{"embeddable":true,"href":"https:\/\/radiorevelacionfm.cl\/index.php?rest_route=%2Fwp%2Fv2%2Fcomments&post=59851"}],"version-history":[{"count":2,"href":"https:\/\/radiorevelacionfm.cl\/index.php?rest_route=\/wp\/v2\/posts\/59851\/revisions"}],"predecessor-version":[{"id":59871,"href":"https:\/\/radiorevelacionfm.cl\/index.php?rest_route=\/wp\/v2\/posts\/59851\/revisions\/59871"}],"wp:featuredmedia":[{"embeddable":true,"href":"https:\/\/radiorevelacionfm.cl\/index.php?rest_route=\/wp\/v2\/media\/59852"}],"wp:attachment":[{"href":"https:\/\/radiorevelacionfm.cl\/index.php?rest_route=%2Fwp%2Fv2%2Fmedia&parent=59851"}],"wp:term":[{"taxonomy":"category","embeddable":true,"href":"https:\/\/radiorevelacionfm.cl\/index.php?rest_route=%2Fwp%2Fv2%2Fcategories&post=59851"},{"taxonomy":"post_tag","embeddable":true,"href":"https:\/\/radiorevelacionfm.cl\/index.php?rest_route=%2Fwp%2Fv2%2Ftags&post=59851"}],"curies":[{"name":"wp","href":"https:\/\/api.w.org\/{rel}","templated":true}]}}