{"id":5985,"date":"2021-07-06T14:25:43","date_gmt":"2021-07-06T17:25:43","guid":{"rendered":"https:\/\/radiorevelacionfm.cl\/?p=5985"},"modified":"2021-07-06T14:29:09","modified_gmt":"2021-07-06T17:29:09","slug":"40-profesionales-de-la-salud-fueron-capacitados-para-detectar-el-coronavirus-mediante-test-de-antigenos","status":"publish","type":"post","link":"https:\/\/radiorevelacionfm.cl\/?p=5985","title":{"rendered":"40 profesionales de la salud fueron capacitados para detectar el Coronavirus mediante test de ant\u00edgenos"},"content":{"rendered":"<div class=\"flex_column av_one_full  flex_column_div av-zero-column-padding first  avia-builder-el-0  el_before_av_one_full  avia-builder-el-first  \" style='border-radius:0px; '><div  class='avia-image-container  av-styling-    avia-builder-el-1  avia-builder-el-no-sibling  avia-align-center '  itemprop=\"image\" itemscope=\"itemscope\" itemtype=\"https:\/\/schema.org\/ImageObject\"  ><div class='avia-image-container-inner'><div class='avia-image-overlay-wrap'><img decoding=\"async\" class='wp-image-5986 avia-img-lazy-loading-not-5986 avia_image' src=\"https:\/\/radiorevelacionfm.cl\/wp-content\/uploads\/2021\/07\/islas-huichas_4_optimized.jpeg\" alt='' title='islas-huichas_4_optimized' height=\"597\" width=\"1280\"  itemprop=\"thumbnailUrl\" srcset=\"https:\/\/radiorevelacionfm.cl\/wp-content\/uploads\/2021\/07\/islas-huichas_4_optimized.jpeg 1280w, https:\/\/radiorevelacionfm.cl\/wp-content\/uploads\/2021\/07\/islas-huichas_4_optimized-300x140.jpeg 300w, https:\/\/radiorevelacionfm.cl\/wp-content\/uploads\/2021\/07\/islas-huichas_4_optimized-1030x480.jpeg 1030w, https:\/\/radiorevelacionfm.cl\/wp-content\/uploads\/2021\/07\/islas-huichas_4_optimized-768x358.jpeg 768w, https:\/\/radiorevelacionfm.cl\/wp-content\/uploads\/2021\/07\/islas-huichas_4_optimized-705x329.jpeg 705w, https:\/\/radiorevelacionfm.cl\/wp-content\/uploads\/2021\/07\/islas-huichas_4_optimized-600x280.jpeg 600w\" sizes=\"(max-width: 1280px) 100vw, 1280px\" \/><\/div><\/div><\/div><\/div><div class=\"flex_column av_one_full  flex_column_div av-zero-column-padding first  avia-builder-el-2  el_after_av_one_full  el_before_av_one_full  column-top-margin\" style='border-radius:0px; '><section class=\"av_textblock_section \"  itemscope=\"itemscope\" itemtype=\"https:\/\/schema.org\/BlogPosting\" itemprop=\"blogPost\" ><div class='avia_textblock  '   itemprop=\"text\" ><p style=\"text-align: center;\"><span style=\"font-size: 18pt;\"><strong>40 profesionales de la salud fueron capacitados para detectar el Coronavirus mediante test de ant\u00edgenos<\/strong><\/span><\/p>\n<div id=\"gtx-trans\" style=\"position: absolute; left: -50px; top: 4.31534px;\">\n<div class=\"gtx-trans-icon\"><\/div>\n<\/div>\n<\/div><\/section><\/div><div class=\"flex_column av_one_full  flex_column_div av-zero-column-padding first  avia-builder-el-4  el_after_av_one_full  el_before_av_hr  column-top-margin\" style='border-radius:0px; '><section class=\"av_textblock_section \"  itemscope=\"itemscope\" itemtype=\"https:\/\/schema.org\/BlogPosting\" itemprop=\"blogPost\" ><div class='avia_textblock  '   itemprop=\"text\" ><p style=\"text-align: justify;\">La \u00faltima jornada formativa, se realiz\u00f3 en islas Huichas, con la capacitaci\u00f3n e implementaci\u00f3n del test de Ant\u00edgeno en Puerto Aguirre y Caleta Andrade, realizada los d\u00edas martes 29 y mi\u00e9rcoles 30 de junio, concluy\u00f3 la serie de actividades instructivas destinadas a los funcionarios de la salud, de los establecimientos de la Red Asistencial de Ays\u00e9n, que estuvieron a cargo de Marco Acu\u00f1a, Epidemi\u00f3logo de la Seremi de Salud y de Hern\u00e1n Barrientos, Coordinador Regional de laboratorios del SSA.<\/p>\n<p style=\"text-align: justify;\">Barrientos, en su calidad de Tecn\u00f3logo M\u00e9dico, qui\u00e9n recorri\u00f3 todos los establecimientos de la regi\u00f3n, coment\u00f3: \u201cFinalizamos el ciclo de capacitaciones de esta t\u00e9cnica diagn\u00f3stica para el COVID-19 en nuestra Red Asistencial; en todo este proceso de capacitaci\u00f3n con el equipo de UTTA y la coordinaci\u00f3n de laboratorios, capacitamos desde marzo hasta ahora, a m\u00e1s de 40 profesionales que quedaron entrenados en realizar la t\u00e9cnica r\u00e1pida para detecci\u00f3n de ant\u00edgenos de SARS-COV-2 y con esto podr\u00e1n realizar un diagn\u00f3stico m\u00e1s oportuno, r\u00e1pido y precoz de la enfermedad, lo que va a permitir cortar m\u00e1s r\u00e1pido la infecci\u00f3n en las distintas comunas donde implementamos este test\u201d.<\/p>\n<p style=\"text-align: justify;\">El examen se realiza mediante hisopado nasofar\u00edngeo, mediante el cual, se puede determinar la existencia o ausencia del Coronavirus y se recomienda en pacientes sospechosos o sintom\u00e1ticos, contactos estrechos, cuando existen brotes familiares o comunitarios.<\/p>\n<p style=\"text-align: justify;\">Gabriela Fica, encargada del Sector Islas Huichas, destac\u00f3 tras la capacitaci\u00f3n de toma de muestra con test de ant\u00edgeno para SARS-COV-2, que \u201cSignifica un gran avance y un mejor control de la pandemia ya que tenemos los resultados con test de ant\u00edgeno, en una hora, para saber si es positivo o negativo, lo cual nos concede un ahorro de tiempo y realizar una mejor trazabilidad\u201d.<\/p>\n<p style=\"text-align: justify;\">El proceso de capacitaci\u00f3n que form\u00f3 a unos 40 profesionales de la salud, fue implementado desde el Centro de Salud Familiar de la Junta, hasta la posta de Villa O\u2019Higgins en el sur, incorporando a Melinka e Islas Huichas en el litoral, pasando por todos los principales establecimientos de la red asistencial del Servicio de Salud Ays\u00e9n y se extendi\u00f3 desde la \u00faltima semana de marzo de 2020 hasta fines de junio pasado, constituy\u00e9ndose en un proceso formativo que se ha constituido en todo un aporte al combate contra el Coronavirus.<\/p>\n<\/div><\/section><\/div><div  style='height:50px' class='hr hr-invisible   avia-builder-el-6  el_after_av_one_full  el_before_av_social_share '><span class='hr-inner ' ><span class='hr-inner-style'><\/span><\/span><\/div><\/p>\n<div  class='av-social-sharing-box  avia-builder-el-7  el_after_av_hr  el_before_av_hr  '><div class='av-share-box'><h5 class='av-share-link-description av-no-toc '>Compartir esta noticia<\/h5><ul class='av-share-box-list noLightbox'><li class='av-share-link av-social-link-facebook' ><a target=\"_blank\" aria-label=\"Compartir en Facebook\" href='https:\/\/www.facebook.com\/sharer.php?u=https:\/\/radiorevelacionfm.cl\/?p=5985&#038;t=40%20profesionales%20de%20la%20salud%20fueron%20capacitados%20para%20detectar%20el%20Coronavirus%20mediante%20test%20de%20ant%C3%ADgenos' aria-hidden='false' data-av_icon='\ue8f3' data-av_iconfont='entypo-fontello' title='' data-avia-related-tooltip='Compartir en Facebook' rel=\"noopener\"><span class='avia_hidden_link_text'>Compartir en Facebook<\/span><\/a><\/li><li class='av-share-link av-social-link-twitter' ><a target=\"_blank\" aria-label=\"Compartir en Twitter\" href='https:\/\/twitter.com\/share?text=40%20profesionales%20de%20la%20salud%20fueron%20capacitados%20para%20detectar%20el%20Coronavirus%20mediante%20test%20de%20ant%C3%ADgenos&#038;url=https:\/\/radiorevelacionfm.cl\/?p=5985' aria-hidden='false' data-av_icon='\ue8f1' data-av_iconfont='entypo-fontello' title='' data-avia-related-tooltip='Compartir en Twitter' rel=\"noopener\"><span class='avia_hidden_link_text'>Compartir en Twitter<\/span><\/a><\/li><li class='av-share-link av-social-link-whatsapp' ><a target=\"_blank\" aria-label=\"Compartir en Whatsapp\" href='https:\/\/api.whatsapp.com\/send?text=https:\/\/radiorevelacionfm.cl\/?p=5985' aria-hidden='false' data-av_icon='\uf232' data-av_iconfont='entypo-fontello' title='' data-avia-related-tooltip='Compartir en Whatsapp' rel=\"noopener\"><span class='avia_hidden_link_text'>Compartir en Whatsapp<\/span><\/a><\/li><li class='av-share-link av-social-link-linkedin' ><a target=\"_blank\" aria-label=\"Compartir en LinkedIn\" href='https:\/\/linkedin.com\/shareArticle?mini=true&#038;title=40%20profesionales%20de%20la%20salud%20fueron%20capacitados%20para%20detectar%20el%20Coronavirus%20mediante%20test%20de%20ant%C3%ADgenos&#038;url=https:\/\/radiorevelacionfm.cl\/?p=5985' aria-hidden='false' data-av_icon='\ue8fc' data-av_iconfont='entypo-fontello' title='' data-avia-related-tooltip='Compartir en LinkedIn' rel=\"noopener\"><span class='avia_hidden_link_text'>Compartir en LinkedIn<\/span><\/a><\/li><li class='av-share-link av-social-link-mail' ><a  aria-label=\"Compartir por correo\" href='mailto:?subject=40%20profesionales%20de%20la%20salud%20fueron%20capacitados%20para%20detectar%20el%20Coronavirus%20mediante%20test%20de%20ant%C3%ADgenos&#038;body=https:\/\/radiorevelacionfm.cl\/?p=5985' aria-hidden='false' data-av_icon='\ue805' data-av_iconfont='entypo-fontello' title='' data-avia-related-tooltip='Compartir por correo'><span class='avia_hidden_link_text'>Compartir por correo<\/span><\/a><\/li><\/ul><\/div><\/div>\n<div  style='height:50px' class='hr hr-invisible   avia-builder-el-8  el_after_av_social_share  el_before_av_comments_list '><span class='hr-inner ' ><span class='hr-inner-style'><\/span><\/span><\/div>\n<div  class='av-buildercomment  av-blog-meta-html-info-disabled av-blog-meta-tag-disabled  '><\/div>\n","protected":false},"excerpt":{"rendered":"","protected":false},"author":1,"featured_media":5986,"comment_status":"open","ping_status":"open","sticky":false,"template":"","format":"standard","meta":{"footnotes":""},"categories":[46],"tags":[],"class_list":["post-5985","post","type-post","status-publish","format-standard","has-post-thumbnail","hentry","category-salud"],"jetpack_featured_media_url":"https:\/\/radiorevelacionfm.cl\/wp-content\/uploads\/2021\/07\/islas-huichas_4_optimized.jpeg","_links":{"self":[{"href":"https:\/\/radiorevelacionfm.cl\/index.php?rest_route=\/wp\/v2\/posts\/5985","targetHints":{"allow":["GET"]}}],"collection":[{"href":"https:\/\/radiorevelacionfm.cl\/index.php?rest_route=\/wp\/v2\/posts"}],"about":[{"href":"https:\/\/radiorevelacionfm.cl\/index.php?rest_route=\/wp\/v2\/types\/post"}],"author":[{"embeddable":true,"href":"https:\/\/radiorevelacionfm.cl\/index.php?rest_route=\/wp\/v2\/users\/1"}],"replies":[{"embeddable":true,"href":"https:\/\/radiorevelacionfm.cl\/index.php?rest_route=%2Fwp%2Fv2%2Fcomments&post=5985"}],"version-history":[{"count":1,"href":"https:\/\/radiorevelacionfm.cl\/index.php?rest_route=\/wp\/v2\/posts\/5985\/revisions"}],"predecessor-version":[{"id":5987,"href":"https:\/\/radiorevelacionfm.cl\/index.php?rest_route=\/wp\/v2\/posts\/5985\/revisions\/5987"}],"wp:featuredmedia":[{"embeddable":true,"href":"https:\/\/radiorevelacionfm.cl\/index.php?rest_route=\/wp\/v2\/media\/5986"}],"wp:attachment":[{"href":"https:\/\/radiorevelacionfm.cl\/index.php?rest_route=%2Fwp%2Fv2%2Fmedia&parent=5985"}],"wp:term":[{"taxonomy":"category","embeddable":true,"href":"https:\/\/radiorevelacionfm.cl\/index.php?rest_route=%2Fwp%2Fv2%2Fcategories&post=5985"},{"taxonomy":"post_tag","embeddable":true,"href":"https:\/\/radiorevelacionfm.cl\/index.php?rest_route=%2Fwp%2Fv2%2Ftags&post=5985"}],"curies":[{"name":"wp","href":"https:\/\/api.w.org\/{rel}","templated":true}]}}