{"id":59843,"date":"2025-10-03T15:20:20","date_gmt":"2025-10-03T18:20:20","guid":{"rendered":"https:\/\/radiorevelacionfm.cl\/?p=59843"},"modified":"2025-10-03T15:20:20","modified_gmt":"2025-10-03T18:20:20","slug":"en-coyhaique-con-la-presencia-del-grupo-nacional-congreso-este-domingo-se-dara-por-finalizada-la-fiesta-cientifica-mas-importante-del-pais","status":"publish","type":"post","link":"https:\/\/radiorevelacionfm.cl\/?p=59843","title":{"rendered":"En Coyhaique: Con la presencia del grupo nacional Congreso este domingo se dar\u00e1 por finalizada la fiesta cient\u00edfica m\u00e1s importante del pa\u00eds"},"content":{"rendered":"<div class=\"flex_column av_one_full  flex_column_div av-zero-column-padding first  avia-builder-el-0  el_before_av_one_full  avia-builder-el-first  \" style='border-radius:0px; '><div  class='avia-image-container  av-styling-    avia-builder-el-1  avia-builder-el-no-sibling  avia-align-center '  itemprop=\"image\" itemscope=\"itemscope\" itemtype=\"https:\/\/schema.org\/ImageObject\"  ><div class='avia-image-container-inner'><div class='avia-image-overlay-wrap'><img decoding=\"async\" class='wp-image-59844 avia-img-lazy-loading-not-59844 avia_image' src=\"https:\/\/radiorevelacionfm.cl\/wp-content\/uploads\/2025\/10\/cartelera-fiesta-de-las-ciencias-aysen-1_optimized.jpg\" alt='' title='cartelera-fiesta-de-las-ciencias-ays\u00e9n-(1)_optimized' height=\"1000\" width=\"800\"  itemprop=\"thumbnailUrl\" srcset=\"https:\/\/radiorevelacionfm.cl\/wp-content\/uploads\/2025\/10\/cartelera-fiesta-de-las-ciencias-aysen-1_optimized.jpg 800w, https:\/\/radiorevelacionfm.cl\/wp-content\/uploads\/2025\/10\/cartelera-fiesta-de-las-ciencias-aysen-1_optimized-240x300.jpg 240w, https:\/\/radiorevelacionfm.cl\/wp-content\/uploads\/2025\/10\/cartelera-fiesta-de-las-ciencias-aysen-1_optimized-768x960.jpg 768w, https:\/\/radiorevelacionfm.cl\/wp-content\/uploads\/2025\/10\/cartelera-fiesta-de-las-ciencias-aysen-1_optimized-564x705.jpg 564w, https:\/\/radiorevelacionfm.cl\/wp-content\/uploads\/2025\/10\/cartelera-fiesta-de-las-ciencias-aysen-1_optimized-450x563.jpg 450w, https:\/\/radiorevelacionfm.cl\/wp-content\/uploads\/2025\/10\/cartelera-fiesta-de-las-ciencias-aysen-1_optimized-600x750.jpg 600w\" sizes=\"(max-width: 800px) 100vw, 800px\" \/><\/div><\/div><\/div><\/div><div class=\"flex_column av_one_full  flex_column_div av-zero-column-padding first  avia-builder-el-2  el_after_av_one_full  el_before_av_one_full  column-top-margin\" style='border-radius:0px; '><section class=\"av_textblock_section \"  itemscope=\"itemscope\" itemtype=\"https:\/\/schema.org\/BlogPosting\" itemprop=\"blogPost\" ><div class='avia_textblock  '   itemprop=\"text\" ><p style=\"text-align: center;\"><span style=\"font-size: 18pt;\"><strong>En Coyhaique: Con la presencia del grupo nacional Congreso este domingo se dar\u00e1 por finalizada la fiesta cient\u00edfica m\u00e1s importante del pa\u00eds<\/strong><\/span><\/p>\n<div id=\"gtx-trans\" style=\"position: absolute; left: -50px; top: 4.31534px;\">\n<div class=\"gtx-trans-icon\"><\/div>\n<\/div>\n<\/div><\/section><\/div><div class=\"flex_column av_one_full  flex_column_div av-zero-column-padding first  avia-builder-el-4  el_after_av_one_full  el_before_av_hr  column-top-margin\" style='border-radius:0px; '><section class=\"av_textblock_section \"  itemscope=\"itemscope\" itemtype=\"https:\/\/schema.org\/BlogPosting\" itemprop=\"blogPost\" ><div class='avia_textblock  '   itemprop=\"text\" ><p style=\"text-align: justify;\"><em>El evento ciudadano m\u00e1s relevante de la ciencia y el conocimiento del pa\u00eds ha realizado actividades descentralizadas durante toda la semana, y culminar\u00e1 el domingo 5 de octubre con una gran Fiesta en el Museo Regional de Ays\u00e9n.<\/em><\/p>\n<p style=\"text-align: justify;\">Una variada programaci\u00f3n ha ofrecido el Festival de las Ciencias 2025, que en su s\u00e9ptimo a\u00f1o tiene como lema \u201cCon ciencia contra la desinformaci\u00f3n\u201d y que, a trav\u00e9s de actividades p\u00fablicas, gratuitas y descentralizadas, ha demostrado c\u00f3mo la ciencia y el conocimiento son herramientas para distinguir entre datos falsos y evidencia confiable, promoviendo una convivencia pac\u00edfica y aportando al desarrollo de una sociedad mejor.<\/p>\n<p style=\"text-align: justify;\">\u201cNuevamente el Ministerio de Ciencia, Tecnolog\u00eda, Conocimiento e Innovaci\u00f3n ha trabajado junto a instituciones regionales para acercar y visibilizar la informaci\u00f3n que se genera en cada uno de los territorios a toda la comunidad, y en esta oportunidad buscando, adem\u00e1s, fortalecer su capacidad para identificar, cuestionar y contrastar los mensajes que reciben a diario\u201d, explic\u00f3 la seremi de Ciencia, Ver\u00f3nica Vallejos.<\/p>\n<p style=\"text-align: justify;\">La gran fiesta de cierre se realizar\u00e1 este domingo 5 de octubre desde las 15 horas en el Museo Regional de Ays\u00e9n, donde grandes y chicos podr\u00e1n disfrutar de: la obra de teatro \u201cLa gotita que lleva la tierra al mar\u201d que presentan el CIEP y la compa\u00f1\u00eda K\u00fcyen; el radioteatro \u201cMarea Roja: no es mito, es verdad\u201d, de la compa\u00f1\u00eda \u201cLa M\u00e1quina\u201d; mon\u00f3logos cient\u00edficos contra la desinformaci\u00f3n, moderados por Jessica Pichulaf, y con la participaci\u00f3n de Rodrigo Mancilla, Emilio Alarc\u00f3n y Estefan\u00eda Torres; el espect\u00e1culo del Circo Aike; danzas urbanas con el grupo Delta Crew; shows musicales a cargo de Prosa y Alma de las Aguas y el grupo nacional Congreso; stands informativos con instituciones generadoras y divulgadoras de conocimientos; carritos de comida, y mucho m\u00e1s.<\/p>\n<p style=\"text-align: justify;\">Es importante destacar que el Festival de las Ciencias es un evento nacional, p\u00fablico y gratuito, organizado desde 2019 por el MinCiencia en alianza con distintos actores del sistema cient\u00edfico, tecnol\u00f3gico, de los conocimientos y la innovaci\u00f3n (CTCI), con el fin de abrir espacios para que todas las personas, de todas las edades y a lo largo y ancho del pa\u00eds, puedan descubrir la ciencia que les rodea y los conocimientos que poseen.<\/p>\n<p style=\"text-align: justify;\">M\u00e1s informaci\u00f3n y programaci\u00f3n regional en <a href=\"https:\/\/festivaldelasciencias.cl\/\">festivaldelasciencias.cl<\/a>.<\/p>\n<p style=\"text-align: justify;\"><strong>\u00a0<\/strong><\/p>\n<\/div><\/section><\/div><div  style='height:50px' class='hr hr-invisible   avia-builder-el-6  el_after_av_one_full  el_before_av_social_share '><span class='hr-inner ' ><span class='hr-inner-style'><\/span><\/span><\/div><\/p>\n<div  class='av-social-sharing-box  avia-builder-el-7  el_after_av_hr  el_before_av_hr  '><div class='av-share-box'><h5 class='av-share-link-description av-no-toc '>Compartir esta noticia<\/h5><ul class='av-share-box-list noLightbox'><li class='av-share-link av-social-link-facebook' ><a target=\"_blank\" aria-label=\"Compartir en Facebook\" href='https:\/\/www.facebook.com\/sharer.php?u=https:\/\/radiorevelacionfm.cl\/?p=59843&#038;t=En%20Coyhaique%3A%20Con%20la%20presencia%20del%20grupo%20nacional%20Congreso%20este%20domingo%20se%20dar%C3%A1%20por%20finalizada%20la%20fiesta%20cient%C3%ADfica%20m%C3%A1s%20importante%20del%20pa%C3%ADs' aria-hidden='false' data-av_icon='\ue8f3' data-av_iconfont='entypo-fontello' title='' data-avia-related-tooltip='Compartir en Facebook' rel=\"noopener\"><span class='avia_hidden_link_text'>Compartir en Facebook<\/span><\/a><\/li><li class='av-share-link av-social-link-twitter' ><a target=\"_blank\" aria-label=\"Compartir en Twitter\" href='https:\/\/twitter.com\/share?text=En%20Coyhaique%3A%20Con%20la%20presencia%20del%20grupo%20nacional%20Congreso%20este%20domingo%20se%20dar%C3%A1%20por%20finalizada%20la%20fiesta%20cient%C3%ADfica%20m%C3%A1s%20importante%20del%20pa%C3%ADs&#038;url=https:\/\/radiorevelacionfm.cl\/?p=59843' aria-hidden='false' data-av_icon='\ue8f1' data-av_iconfont='entypo-fontello' title='' data-avia-related-tooltip='Compartir en Twitter' rel=\"noopener\"><span class='avia_hidden_link_text'>Compartir en Twitter<\/span><\/a><\/li><li class='av-share-link av-social-link-whatsapp' ><a target=\"_blank\" aria-label=\"Compartir en Whatsapp\" href='https:\/\/api.whatsapp.com\/send?text=https:\/\/radiorevelacionfm.cl\/?p=59843' aria-hidden='false' data-av_icon='\uf232' data-av_iconfont='entypo-fontello' title='' data-avia-related-tooltip='Compartir en Whatsapp' rel=\"noopener\"><span class='avia_hidden_link_text'>Compartir en Whatsapp<\/span><\/a><\/li><li class='av-share-link av-social-link-linkedin' ><a target=\"_blank\" aria-label=\"Compartir en LinkedIn\" href='https:\/\/linkedin.com\/shareArticle?mini=true&#038;title=En%20Coyhaique%3A%20Con%20la%20presencia%20del%20grupo%20nacional%20Congreso%20este%20domingo%20se%20dar%C3%A1%20por%20finalizada%20la%20fiesta%20cient%C3%ADfica%20m%C3%A1s%20importante%20del%20pa%C3%ADs&#038;url=https:\/\/radiorevelacionfm.cl\/?p=59843' aria-hidden='false' data-av_icon='\ue8fc' data-av_iconfont='entypo-fontello' title='' data-avia-related-tooltip='Compartir en LinkedIn' rel=\"noopener\"><span class='avia_hidden_link_text'>Compartir en LinkedIn<\/span><\/a><\/li><li class='av-share-link av-social-link-mail' ><a  aria-label=\"Compartir por correo\" href='mailto:?subject=En%20Coyhaique%3A%20Con%20la%20presencia%20del%20grupo%20nacional%20Congreso%20este%20domingo%20se%20dar%C3%A1%20por%20finalizada%20la%20fiesta%20cient%C3%ADfica%20m%C3%A1s%20importante%20del%20pa%C3%ADs&#038;body=https:\/\/radiorevelacionfm.cl\/?p=59843' aria-hidden='false' data-av_icon='\ue805' data-av_iconfont='entypo-fontello' title='' data-avia-related-tooltip='Compartir por correo'><span class='avia_hidden_link_text'>Compartir por correo<\/span><\/a><\/li><\/ul><\/div><\/div>\n<div  style='height:50px' class='hr hr-invisible   avia-builder-el-8  el_after_av_social_share  el_before_av_comments_list '><span class='hr-inner ' ><span class='hr-inner-style'><\/span><\/span><\/div>\n<div  class='av-buildercomment  av-blog-meta-html-info-disabled av-blog-meta-tag-disabled  '><\/div>\n","protected":false},"excerpt":{"rendered":"","protected":false},"author":1,"featured_media":59844,"comment_status":"closed","ping_status":"closed","sticky":false,"template":"","format":"standard","meta":{"footnotes":""},"categories":[53],"tags":[],"class_list":["post-59843","post","type-post","status-publish","format-standard","has-post-thumbnail","hentry","category-ciencia"],"jetpack_featured_media_url":"https:\/\/radiorevelacionfm.cl\/wp-content\/uploads\/2025\/10\/cartelera-fiesta-de-las-ciencias-aysen-1_optimized.jpg","_links":{"self":[{"href":"https:\/\/radiorevelacionfm.cl\/index.php?rest_route=\/wp\/v2\/posts\/59843","targetHints":{"allow":["GET"]}}],"collection":[{"href":"https:\/\/radiorevelacionfm.cl\/index.php?rest_route=\/wp\/v2\/posts"}],"about":[{"href":"https:\/\/radiorevelacionfm.cl\/index.php?rest_route=\/wp\/v2\/types\/post"}],"author":[{"embeddable":true,"href":"https:\/\/radiorevelacionfm.cl\/index.php?rest_route=\/wp\/v2\/users\/1"}],"replies":[{"embeddable":true,"href":"https:\/\/radiorevelacionfm.cl\/index.php?rest_route=%2Fwp%2Fv2%2Fcomments&post=59843"}],"version-history":[{"count":2,"href":"https:\/\/radiorevelacionfm.cl\/index.php?rest_route=\/wp\/v2\/posts\/59843\/revisions"}],"predecessor-version":[{"id":59876,"href":"https:\/\/radiorevelacionfm.cl\/index.php?rest_route=\/wp\/v2\/posts\/59843\/revisions\/59876"}],"wp:featuredmedia":[{"embeddable":true,"href":"https:\/\/radiorevelacionfm.cl\/index.php?rest_route=\/wp\/v2\/media\/59844"}],"wp:attachment":[{"href":"https:\/\/radiorevelacionfm.cl\/index.php?rest_route=%2Fwp%2Fv2%2Fmedia&parent=59843"}],"wp:term":[{"taxonomy":"category","embeddable":true,"href":"https:\/\/radiorevelacionfm.cl\/index.php?rest_route=%2Fwp%2Fv2%2Fcategories&post=59843"},{"taxonomy":"post_tag","embeddable":true,"href":"https:\/\/radiorevelacionfm.cl\/index.php?rest_route=%2Fwp%2Fv2%2Ftags&post=59843"}],"curies":[{"name":"wp","href":"https:\/\/api.w.org\/{rel}","templated":true}]}}