{"id":59839,"date":"2025-10-02T17:19:45","date_gmt":"2025-10-02T20:19:45","guid":{"rendered":"https:\/\/radiorevelacionfm.cl\/?p=59839"},"modified":"2025-10-02T17:19:45","modified_gmt":"2025-10-02T20:19:45","slug":"vacunacion-escolar-en-aysen-supera-el-90-de-cobertura-en-grupos-objetivos","status":"publish","type":"post","link":"https:\/\/radiorevelacionfm.cl\/?p=59839","title":{"rendered":"Vacunaci\u00f3n escolar en Ays\u00e9n supera el 90% de cobertura en grupos objetivos"},"content":{"rendered":"<div class=\"flex_column av_one_full  flex_column_div av-zero-column-padding first  avia-builder-el-0  el_before_av_one_full  avia-builder-el-first  \" style='border-radius:0px; '><div  class='avia-image-container  av-styling-    avia-builder-el-1  avia-builder-el-no-sibling  avia-align-center '  itemprop=\"image\" itemscope=\"itemscope\" itemtype=\"https:\/\/schema.org\/ImageObject\"  ><div class='avia-image-container-inner'><div class='avia-image-overlay-wrap'><img decoding=\"async\" class='wp-image-59840 avia-img-lazy-loading-not-59840 avia_image' src=\"https:\/\/radiorevelacionfm.cl\/wp-content\/uploads\/2025\/10\/proceso-vacunacion-archivo-1-1.jpeg\" alt='' title='proceso vacunaci\u00f3n (archivo) (1) (1)' height=\"600\" width=\"901\"  itemprop=\"thumbnailUrl\" srcset=\"https:\/\/radiorevelacionfm.cl\/wp-content\/uploads\/2025\/10\/proceso-vacunacion-archivo-1-1.jpeg 901w, https:\/\/radiorevelacionfm.cl\/wp-content\/uploads\/2025\/10\/proceso-vacunacion-archivo-1-1-300x200.jpeg 300w, https:\/\/radiorevelacionfm.cl\/wp-content\/uploads\/2025\/10\/proceso-vacunacion-archivo-1-1-768x511.jpeg 768w, https:\/\/radiorevelacionfm.cl\/wp-content\/uploads\/2025\/10\/proceso-vacunacion-archivo-1-1-705x469.jpeg 705w, https:\/\/radiorevelacionfm.cl\/wp-content\/uploads\/2025\/10\/proceso-vacunacion-archivo-1-1-450x300.jpeg 450w, https:\/\/radiorevelacionfm.cl\/wp-content\/uploads\/2025\/10\/proceso-vacunacion-archivo-1-1-600x400.jpeg 600w\" sizes=\"(max-width: 901px) 100vw, 901px\" \/><\/div><\/div><\/div><\/div><div class=\"flex_column av_one_full  flex_column_div av-zero-column-padding first  avia-builder-el-2  el_after_av_one_full  el_before_av_one_full  column-top-margin\" style='border-radius:0px; '><section class=\"av_textblock_section \"  itemscope=\"itemscope\" itemtype=\"https:\/\/schema.org\/BlogPosting\" itemprop=\"blogPost\" ><div class='avia_textblock  '   itemprop=\"text\" ><p style=\"text-align: center;\"><span style=\"font-size: 18pt;\"><strong>Vacunaci\u00f3n escolar en Ays\u00e9n supera el 90% de cobertura en grupos objetivos<\/strong><\/span><\/p>\n<div id=\"gtx-trans\" style=\"position: absolute; left: -50px; top: 4.31534px;\">\n<div class=\"gtx-trans-icon\"><\/div>\n<\/div>\n<\/div><\/section><\/div><div class=\"flex_column av_one_full  flex_column_div av-zero-column-padding first  avia-builder-el-4  el_after_av_one_full  el_before_av_hr  column-top-margin\" style='border-radius:0px; '><section class=\"av_textblock_section \"  itemscope=\"itemscope\" itemtype=\"https:\/\/schema.org\/BlogPosting\" itemprop=\"blogPost\" ><div class='avia_textblock  '   itemprop=\"text\" ><p style=\"text-align: justify;\"><em>Esta estrategia MINSAL se mantiene durante todo el a\u00f1o, por lo que las familias de los escolares que, por diversas causas no lograron acceder a esta prestaci\u00f3n en sus establecimientos escolares, a\u00fan pueden acudir a los centros de salud p\u00fablica y solicitar esta inmunizaci\u00f3n.<\/em><\/p>\n<p style=\"text-align: justify;\">Una positiva evaluaci\u00f3n es la que existe en los equipos de inmunizaci\u00f3n de la secretar\u00eda ministerial de salud, debido a los buenos indicadores que se han logrado en el proceso de vacunaci\u00f3n escolar en la regi\u00f3n de Ays\u00e9n, actividad program\u00e1tica que se realiza durante todo el a\u00f1o, dado que los usuarios tambi\u00e9n pueden ser vacunados en los establecimientos de salud el resto del a\u00f1o.<\/p>\n<p style=\"text-align: justify;\">La informaci\u00f3n la dio a conocer la Encargada Regional del Programa de Inmunizaciones, Sany Ojeda \u00c1lvarez, quien adem\u00e1s detall\u00f3 los alcances de estas vacunas. \u201cEstamos muy satisfechos por las buenas coberturas que hemos alcanzado en la vacunaci\u00f3n escolar 2025, recordemos que este a\u00f1o estamos entregando esta prestaci\u00f3n a los escolares de 1\u00b0 y 8\u00b0 a\u00f1o b\u00e1sico con la vacuna contra la difteria, el t\u00e9tanos y el coqueluche (vacuna dTpa); y los escolares de 4\u00b0b\u00e1sico, reciben la vacuna contra el virus del papiloma humano (vacuna VPH). Enfermedades que buscamos prevenir a trav\u00e9s de esta estrategia del Ministerio de Salud, donde como regi\u00f3n hemos superado la cobertura exigida del 90% de esta poblaci\u00f3n priorizada\u201d.<\/p>\n<p style=\"text-align: justify;\">Como balance preliminar de esta estrategia program\u00e1tica, al t\u00e9rmino del mes de septiembre, se registraron los siguientes porcentajes de vacunaci\u00f3n: 1\u00b0 b\u00e1sico con vacuna DTPA, un 91,6%; 4\u00b0 b\u00e1sico con VPH, un 92%; y en 8\u00b0 b\u00e1sico con la vacuna de DTPA, se alcanza a la fecha un 87,4% de cobertura.<\/p>\n<p style=\"text-align: justify;\">Por su parte, la Seremi de Salud Ays\u00e9n, Gloria \u00c1guila Schmeisser, junto con reconocer el trabajo de todos los equipos de la red asistencial, record\u00f3 a la comunidad que el proceso de vacunaci\u00f3n contin\u00faa durante todo el a\u00f1o. \u201cQuiero reconocer el trabajo de todos los equipos de vacunaci\u00f3n en la regi\u00f3n de Ays\u00e9n, quienes han acudido a todos los establecimientos escolares para la entrega de esta protecci\u00f3n a nuestros escolares. Y al mismo tiempo, quiero reiterar que esta estrategia MINSAL contin\u00faa ejecut\u00e1ndose durante todo el a\u00f1o, donde las familias de los menores que a\u00fan no han recibido las vacunas contra el virus papiloma, la difteria, el t\u00e9tanos o el coqueluche, pueden acercarse a los centros de salud m\u00e1s cercanos a su domicilio y solicitar esta prestaci\u00f3n gratuita\u201d.<\/p>\n<p style=\"text-align: justify;\">De esta forma, la vacunaci\u00f3n escolar se realiza durante todo el a\u00f1o, es de car\u00e1cter gratuita y tiene como principal objetivo entregar protecci\u00f3n a ni\u00f1os, ni\u00f1as y preadolescentes frente a enfermedades inmunoprevenibles que pueden afectar gravemente su salud.<\/p>\n<\/div><\/section><\/div><div  style='height:50px' class='hr hr-invisible   avia-builder-el-6  el_after_av_one_full  el_before_av_social_share '><span class='hr-inner ' ><span class='hr-inner-style'><\/span><\/span><\/div><\/p>\n<div  class='av-social-sharing-box  avia-builder-el-7  el_after_av_hr  el_before_av_hr  '><div class='av-share-box'><h5 class='av-share-link-description av-no-toc '>Compartir esta noticia<\/h5><ul class='av-share-box-list noLightbox'><li class='av-share-link av-social-link-facebook' ><a target=\"_blank\" aria-label=\"Compartir en Facebook\" href='https:\/\/www.facebook.com\/sharer.php?u=https:\/\/radiorevelacionfm.cl\/?p=59839&#038;t=Vacunaci%C3%B3n%20escolar%20en%20Ays%C3%A9n%20supera%20el%2090%25%20de%20cobertura%20en%20grupos%20objetivos' aria-hidden='false' data-av_icon='\ue8f3' data-av_iconfont='entypo-fontello' title='' data-avia-related-tooltip='Compartir en Facebook' rel=\"noopener\"><span class='avia_hidden_link_text'>Compartir en Facebook<\/span><\/a><\/li><li class='av-share-link av-social-link-twitter' ><a target=\"_blank\" aria-label=\"Compartir en Twitter\" href='https:\/\/twitter.com\/share?text=Vacunaci%C3%B3n%20escolar%20en%20Ays%C3%A9n%20supera%20el%2090%25%20de%20cobertura%20en%20grupos%20objetivos&#038;url=https:\/\/radiorevelacionfm.cl\/?p=59839' aria-hidden='false' data-av_icon='\ue8f1' data-av_iconfont='entypo-fontello' title='' data-avia-related-tooltip='Compartir en Twitter' rel=\"noopener\"><span class='avia_hidden_link_text'>Compartir en Twitter<\/span><\/a><\/li><li class='av-share-link av-social-link-whatsapp' ><a target=\"_blank\" aria-label=\"Compartir en Whatsapp\" href='https:\/\/api.whatsapp.com\/send?text=https:\/\/radiorevelacionfm.cl\/?p=59839' aria-hidden='false' data-av_icon='\uf232' data-av_iconfont='entypo-fontello' title='' data-avia-related-tooltip='Compartir en Whatsapp' rel=\"noopener\"><span class='avia_hidden_link_text'>Compartir en Whatsapp<\/span><\/a><\/li><li class='av-share-link av-social-link-linkedin' ><a target=\"_blank\" aria-label=\"Compartir en LinkedIn\" href='https:\/\/linkedin.com\/shareArticle?mini=true&#038;title=Vacunaci%C3%B3n%20escolar%20en%20Ays%C3%A9n%20supera%20el%2090%25%20de%20cobertura%20en%20grupos%20objetivos&#038;url=https:\/\/radiorevelacionfm.cl\/?p=59839' aria-hidden='false' data-av_icon='\ue8fc' data-av_iconfont='entypo-fontello' title='' data-avia-related-tooltip='Compartir en LinkedIn' rel=\"noopener\"><span class='avia_hidden_link_text'>Compartir en LinkedIn<\/span><\/a><\/li><li class='av-share-link av-social-link-mail' ><a  aria-label=\"Compartir por correo\" href='mailto:?subject=Vacunaci%C3%B3n%20escolar%20en%20Ays%C3%A9n%20supera%20el%2090%25%20de%20cobertura%20en%20grupos%20objetivos&#038;body=https:\/\/radiorevelacionfm.cl\/?p=59839' aria-hidden='false' data-av_icon='\ue805' data-av_iconfont='entypo-fontello' title='' data-avia-related-tooltip='Compartir por correo'><span class='avia_hidden_link_text'>Compartir por correo<\/span><\/a><\/li><\/ul><\/div><\/div>\n<div  style='height:50px' class='hr hr-invisible   avia-builder-el-8  el_after_av_social_share  el_before_av_comments_list '><span class='hr-inner ' ><span class='hr-inner-style'><\/span><\/span><\/div>\n<div  class='av-buildercomment  av-blog-meta-html-info-disabled av-blog-meta-tag-disabled  '><\/div>\n","protected":false},"excerpt":{"rendered":"","protected":false},"author":1,"featured_media":59840,"comment_status":"closed","ping_status":"closed","sticky":false,"template":"","format":"standard","meta":{"footnotes":""},"categories":[46],"tags":[],"class_list":["post-59839","post","type-post","status-publish","format-standard","has-post-thumbnail","hentry","category-salud"],"jetpack_featured_media_url":"https:\/\/radiorevelacionfm.cl\/wp-content\/uploads\/2025\/10\/proceso-vacunacion-archivo-1-1.jpeg","_links":{"self":[{"href":"https:\/\/radiorevelacionfm.cl\/index.php?rest_route=\/wp\/v2\/posts\/59839","targetHints":{"allow":["GET"]}}],"collection":[{"href":"https:\/\/radiorevelacionfm.cl\/index.php?rest_route=\/wp\/v2\/posts"}],"about":[{"href":"https:\/\/radiorevelacionfm.cl\/index.php?rest_route=\/wp\/v2\/types\/post"}],"author":[{"embeddable":true,"href":"https:\/\/radiorevelacionfm.cl\/index.php?rest_route=\/wp\/v2\/users\/1"}],"replies":[{"embeddable":true,"href":"https:\/\/radiorevelacionfm.cl\/index.php?rest_route=%2Fwp%2Fv2%2Fcomments&post=59839"}],"version-history":[{"count":2,"href":"https:\/\/radiorevelacionfm.cl\/index.php?rest_route=\/wp\/v2\/posts\/59839\/revisions"}],"predecessor-version":[{"id":59842,"href":"https:\/\/radiorevelacionfm.cl\/index.php?rest_route=\/wp\/v2\/posts\/59839\/revisions\/59842"}],"wp:featuredmedia":[{"embeddable":true,"href":"https:\/\/radiorevelacionfm.cl\/index.php?rest_route=\/wp\/v2\/media\/59840"}],"wp:attachment":[{"href":"https:\/\/radiorevelacionfm.cl\/index.php?rest_route=%2Fwp%2Fv2%2Fmedia&parent=59839"}],"wp:term":[{"taxonomy":"category","embeddable":true,"href":"https:\/\/radiorevelacionfm.cl\/index.php?rest_route=%2Fwp%2Fv2%2Fcategories&post=59839"},{"taxonomy":"post_tag","embeddable":true,"href":"https:\/\/radiorevelacionfm.cl\/index.php?rest_route=%2Fwp%2Fv2%2Ftags&post=59839"}],"curies":[{"name":"wp","href":"https:\/\/api.w.org\/{rel}","templated":true}]}}