{"id":59835,"date":"2025-10-02T16:13:24","date_gmt":"2025-10-02T19:13:24","guid":{"rendered":"https:\/\/radiorevelacionfm.cl\/?p=59835"},"modified":"2025-10-02T16:13:24","modified_gmt":"2025-10-02T19:13:24","slug":"senador-sandoval-se-reunio-con-camara-chilena-de-la-construccion-para-analizar-proyecto-de-sistemas-medianos","status":"publish","type":"post","link":"https:\/\/radiorevelacionfm.cl\/?p=59835","title":{"rendered":"Senador Sandoval se reuni\u00f3 con C\u00e1mara Chilena de la Construcci\u00f3n para analizar proyecto de sistemas medianos"},"content":{"rendered":"<div class=\"flex_column av_one_full  flex_column_div av-zero-column-padding first  avia-builder-el-0  el_before_av_one_full  avia-builder-el-first  \" style='border-radius:0px; '><div  class='avia-image-container  av-styling-    avia-builder-el-1  avia-builder-el-no-sibling  avia-align-center '  itemprop=\"image\" itemscope=\"itemscope\" itemtype=\"https:\/\/schema.org\/ImageObject\"  ><div class='avia-image-container-inner'><div class='avia-image-overlay-wrap'><img decoding=\"async\" class='wp-image-59836 avia-img-lazy-loading-not-59836 avia_image' src=\"https:\/\/radiorevelacionfm.cl\/wp-content\/uploads\/2025\/10\/REUNION-CON-CCHC-1-1.jpg\" alt='' title='REUNI\u00d3N CON CCHC (1) (1)' height=\"600\" width=\"1006\"  itemprop=\"thumbnailUrl\" srcset=\"https:\/\/radiorevelacionfm.cl\/wp-content\/uploads\/2025\/10\/REUNION-CON-CCHC-1-1.jpg 1006w, https:\/\/radiorevelacionfm.cl\/wp-content\/uploads\/2025\/10\/REUNION-CON-CCHC-1-1-300x179.jpg 300w, https:\/\/radiorevelacionfm.cl\/wp-content\/uploads\/2025\/10\/REUNION-CON-CCHC-1-1-768x458.jpg 768w, https:\/\/radiorevelacionfm.cl\/wp-content\/uploads\/2025\/10\/REUNION-CON-CCHC-1-1-705x420.jpg 705w, https:\/\/radiorevelacionfm.cl\/wp-content\/uploads\/2025\/10\/REUNION-CON-CCHC-1-1-450x268.jpg 450w, https:\/\/radiorevelacionfm.cl\/wp-content\/uploads\/2025\/10\/REUNION-CON-CCHC-1-1-600x358.jpg 600w\" sizes=\"(max-width: 1006px) 100vw, 1006px\" \/><\/div><\/div><\/div><\/div><div class=\"flex_column av_one_full  flex_column_div av-zero-column-padding first  avia-builder-el-2  el_after_av_one_full  el_before_av_one_full  column-top-margin\" style='border-radius:0px; '><section class=\"av_textblock_section \"  itemscope=\"itemscope\" itemtype=\"https:\/\/schema.org\/BlogPosting\" itemprop=\"blogPost\" ><div class='avia_textblock  '   itemprop=\"text\" ><p style=\"text-align: center;\"><strong><span style=\"font-size: 18pt;\">Senador Sandoval se reuni\u00f3 con C\u00e1mara Chilena de la Construcci\u00f3n para analizar proyecto de sistemas medianos<\/span><\/strong><\/p>\n<div id=\"gtx-trans\" style=\"position: absolute; left: -50px; top: 4.31534px;\">\n<div class=\"gtx-trans-icon\"><\/div>\n<\/div>\n<\/div><\/section><\/div><div class=\"flex_column av_one_full  flex_column_div av-zero-column-padding first  avia-builder-el-4  el_after_av_one_full  el_before_av_hr  column-top-margin\" style='border-radius:0px; '><section class=\"av_textblock_section \"  itemscope=\"itemscope\" itemtype=\"https:\/\/schema.org\/BlogPosting\" itemprop=\"blogPost\" ><div class='avia_textblock  '   itemprop=\"text\" ><p style=\"text-align: justify;\">Analizar el estado actual de tr\u00e1mite del proyecto de ley sobre sistemas medianos de generaci\u00f3n, fue el objetivo principal de la reuni\u00f3n que sostuvo en los \u00faltimos d\u00edas el senador David Sandoval con la C\u00e1mara Chilena de la Construcci\u00f3n de Coyhaique.<\/p>\n<p style=\"text-align: justify;\">Al respecto, el parlamentario explic\u00f3 que la iniciativa tiene algunos impactos positivos para la regi\u00f3n de Ays\u00e9n, subrayando que lo que se busca tambi\u00e9n es \u201campliar la oferta en materia de los generadores el\u00e9ctricos que, en la regi\u00f3n, tenemos un enorme d\u00e9ficit\u201d.<\/p>\n<p style=\"text-align: justify;\">Sandoval precis\u00f3 que \u201choy d\u00eda en Ays\u00e9n se consumen alrededor de 25 millones de litros de petr\u00f3leo para mantener el sistema t\u00e9rmico que a Edelaysen le permite generar la energ\u00eda que necesita la regi\u00f3n para funcionar\u201d, manifestando su curiosidad sobre \u201cc\u00f3mo el mundo ambiental, que a veces es tan activo (\u2026) en este tema, no se han alertado respecto de esta situaci\u00f3n\u201d.<\/p>\n<p style=\"text-align: justify;\">El legislador record\u00f3 que, por ejemplo, a la salida de Chile Chico, en el sector del cerro Las Banderas, hay una central t\u00e9rmica que tuvo que construir Edelaysen, con un consumo de un mill\u00f3n y medio de litros de petr\u00f3leo, mientras que en el sector de Los Maquis, en la misma comuna, hay una central hidroel\u00e9ctrica que est\u00e1 esperando salvar los problemas de observaciones ambientales para tratar de eliminar ese tipo de consumo. \u201cO sea, aqu\u00ed tenemos una enorme necesidad en ese sentido y esta ley precisamente puede ser un gran aporte\u201d, puntualiz\u00f3.<\/p>\n<p style=\"text-align: justify;\">Adem\u00e1s, se\u00f1al\u00f3 que hay muchos productores y agricultores de diferentes sectores de nuestra regi\u00f3n, por cuyos campos cruzan arroyos, r\u00edos, canales de regad\u00edo que pudieran incorporarse significativamente a la generaci\u00f3n de microcentrales \u201cque en la regi\u00f3n de Ays\u00e9n pudieran ser un gran aporte a este desarrollo\u201d.<\/p>\n<p style=\"text-align: justify;\">Por lo mismo, espera se avance en esta norma, considerando la necesidad de ampliar la cobertura y resolver los problemas del alto nivel de consumo de petr\u00f3leo en la regi\u00f3n. \u201cEs una tarea absolutamente fundamental\u201d, recalc\u00f3.<\/p>\n<p style=\"text-align: justify;\">En tanto, Pablo Carrasco, presidente de la CCHC Coyhaique, se\u00f1al\u00f3 que la C\u00e1mara est\u00e1 muy preocupada \u201cde que todo este impulso regional avance y se pueda terminar con celeridad, y el senador nos ha explicado c\u00f3mo funciona el proceso\u201d, indicando que el tema es relevante \u201cporque esto implica una rebaja que se puede aplicar sobre todo a las instalaciones comerciales e industriales\u201d.<\/p>\n<p style=\"text-align: justify;\">Con todo, Carrasco indic\u00f3: \u201cPara la C\u00e1mara es bien importante esta reuni\u00f3n para ir sabiendo cu\u00e1ndo puede salir (el proyecto) y cu\u00e1ndo va a dar resultados que realmente impacten en la econom\u00eda y permitan mejorar los precios que le llegan a las empresas en sus labores productivas y por lo tanto, tambi\u00e9n a la comunidad\u201d.<\/p>\n<p style=\"text-align: justify;\">Finalmente, el senador Sandoval dijo valorar lo que hace Edelaysen con las centrales e\u00f3licas y con las centrales solares, pero enfatiz\u00f3 que \u201caqu\u00ed hay una tarea mucho m\u00e1s grande, puesto que la energ\u00eda hoy d\u00eda ya es un cuello de botella para el desarrollo\u201d.<\/p>\n<\/div><\/section><\/div><div  style='height:50px' class='hr hr-invisible   avia-builder-el-6  el_after_av_one_full  el_before_av_social_share '><span class='hr-inner ' ><span class='hr-inner-style'><\/span><\/span><\/div><\/p>\n<div  class='av-social-sharing-box  avia-builder-el-7  el_after_av_hr  el_before_av_hr  '><div class='av-share-box'><h5 class='av-share-link-description av-no-toc '>Compartir esta noticia<\/h5><ul class='av-share-box-list noLightbox'><li class='av-share-link av-social-link-facebook' ><a target=\"_blank\" aria-label=\"Compartir en Facebook\" href='https:\/\/www.facebook.com\/sharer.php?u=https:\/\/radiorevelacionfm.cl\/?p=59835&#038;t=Senador%20Sandoval%20se%20reuni%C3%B3%20con%20C%C3%A1mara%20Chilena%20de%20la%20Construcci%C3%B3n%20para%20analizar%20proyecto%20de%20sistemas%20medianos' aria-hidden='false' data-av_icon='\ue8f3' data-av_iconfont='entypo-fontello' title='' data-avia-related-tooltip='Compartir en Facebook' rel=\"noopener\"><span class='avia_hidden_link_text'>Compartir en Facebook<\/span><\/a><\/li><li class='av-share-link av-social-link-twitter' ><a target=\"_blank\" aria-label=\"Compartir en Twitter\" href='https:\/\/twitter.com\/share?text=Senador%20Sandoval%20se%20reuni%C3%B3%20con%20C%C3%A1mara%20Chilena%20de%20la%20Construcci%C3%B3n%20para%20analizar%20proyecto%20de%20sistemas%20medianos&#038;url=https:\/\/radiorevelacionfm.cl\/?p=59835' aria-hidden='false' data-av_icon='\ue8f1' data-av_iconfont='entypo-fontello' title='' data-avia-related-tooltip='Compartir en Twitter' rel=\"noopener\"><span class='avia_hidden_link_text'>Compartir en Twitter<\/span><\/a><\/li><li class='av-share-link av-social-link-whatsapp' ><a target=\"_blank\" aria-label=\"Compartir en Whatsapp\" href='https:\/\/api.whatsapp.com\/send?text=https:\/\/radiorevelacionfm.cl\/?p=59835' aria-hidden='false' data-av_icon='\uf232' data-av_iconfont='entypo-fontello' title='' data-avia-related-tooltip='Compartir en Whatsapp' rel=\"noopener\"><span class='avia_hidden_link_text'>Compartir en Whatsapp<\/span><\/a><\/li><li class='av-share-link av-social-link-linkedin' ><a target=\"_blank\" aria-label=\"Compartir en LinkedIn\" href='https:\/\/linkedin.com\/shareArticle?mini=true&#038;title=Senador%20Sandoval%20se%20reuni%C3%B3%20con%20C%C3%A1mara%20Chilena%20de%20la%20Construcci%C3%B3n%20para%20analizar%20proyecto%20de%20sistemas%20medianos&#038;url=https:\/\/radiorevelacionfm.cl\/?p=59835' aria-hidden='false' data-av_icon='\ue8fc' data-av_iconfont='entypo-fontello' title='' data-avia-related-tooltip='Compartir en LinkedIn' rel=\"noopener\"><span class='avia_hidden_link_text'>Compartir en LinkedIn<\/span><\/a><\/li><li class='av-share-link av-social-link-mail' ><a  aria-label=\"Compartir por correo\" href='mailto:?subject=Senador%20Sandoval%20se%20reuni%C3%B3%20con%20C%C3%A1mara%20Chilena%20de%20la%20Construcci%C3%B3n%20para%20analizar%20proyecto%20de%20sistemas%20medianos&#038;body=https:\/\/radiorevelacionfm.cl\/?p=59835' aria-hidden='false' data-av_icon='\ue805' data-av_iconfont='entypo-fontello' title='' data-avia-related-tooltip='Compartir por correo'><span class='avia_hidden_link_text'>Compartir por correo<\/span><\/a><\/li><\/ul><\/div><\/div>\n<div  style='height:50px' class='hr hr-invisible   avia-builder-el-8  el_after_av_social_share  el_before_av_comments_list '><span class='hr-inner ' ><span class='hr-inner-style'><\/span><\/span><\/div>\n<div  class='av-buildercomment  av-blog-meta-html-info-disabled av-blog-meta-tag-disabled  '><\/div>\n","protected":false},"excerpt":{"rendered":"","protected":false},"author":1,"featured_media":59836,"comment_status":"closed","ping_status":"closed","sticky":false,"template":"","format":"standard","meta":{"footnotes":""},"categories":[35],"tags":[],"class_list":["post-59835","post","type-post","status-publish","format-standard","has-post-thumbnail","hentry","category-politica"],"jetpack_featured_media_url":"https:\/\/radiorevelacionfm.cl\/wp-content\/uploads\/2025\/10\/REUNION-CON-CCHC-1-1.jpg","_links":{"self":[{"href":"https:\/\/radiorevelacionfm.cl\/index.php?rest_route=\/wp\/v2\/posts\/59835","targetHints":{"allow":["GET"]}}],"collection":[{"href":"https:\/\/radiorevelacionfm.cl\/index.php?rest_route=\/wp\/v2\/posts"}],"about":[{"href":"https:\/\/radiorevelacionfm.cl\/index.php?rest_route=\/wp\/v2\/types\/post"}],"author":[{"embeddable":true,"href":"https:\/\/radiorevelacionfm.cl\/index.php?rest_route=\/wp\/v2\/users\/1"}],"replies":[{"embeddable":true,"href":"https:\/\/radiorevelacionfm.cl\/index.php?rest_route=%2Fwp%2Fv2%2Fcomments&post=59835"}],"version-history":[{"count":2,"href":"https:\/\/radiorevelacionfm.cl\/index.php?rest_route=\/wp\/v2\/posts\/59835\/revisions"}],"predecessor-version":[{"id":59838,"href":"https:\/\/radiorevelacionfm.cl\/index.php?rest_route=\/wp\/v2\/posts\/59835\/revisions\/59838"}],"wp:featuredmedia":[{"embeddable":true,"href":"https:\/\/radiorevelacionfm.cl\/index.php?rest_route=\/wp\/v2\/media\/59836"}],"wp:attachment":[{"href":"https:\/\/radiorevelacionfm.cl\/index.php?rest_route=%2Fwp%2Fv2%2Fmedia&parent=59835"}],"wp:term":[{"taxonomy":"category","embeddable":true,"href":"https:\/\/radiorevelacionfm.cl\/index.php?rest_route=%2Fwp%2Fv2%2Fcategories&post=59835"},{"taxonomy":"post_tag","embeddable":true,"href":"https:\/\/radiorevelacionfm.cl\/index.php?rest_route=%2Fwp%2Fv2%2Ftags&post=59835"}],"curies":[{"name":"wp","href":"https:\/\/api.w.org\/{rel}","templated":true}]}}