{"id":59828,"date":"2025-10-03T10:06:11","date_gmt":"2025-10-03T13:06:11","guid":{"rendered":"https:\/\/radiorevelacionfm.cl\/?p=59828"},"modified":"2025-10-03T10:06:11","modified_gmt":"2025-10-03T13:06:11","slug":"cerco-de-malla-que-impide-acceso-al-rio-baker-y-lago-bertrand-preocupa-a-la-comunidad-y-activa-acciones-de-bienes-nacionales","status":"publish","type":"post","link":"https:\/\/radiorevelacionfm.cl\/?p=59828","title":{"rendered":"Cerco de malla que impide acceso al r\u00edo Baker y lago Bertrand preocupa a la comunidad y activa acciones de Bienes Nacionales"},"content":{"rendered":"<div class=\"flex_column av_one_full  flex_column_div av-zero-column-padding first  avia-builder-el-0  el_before_av_one_full  avia-builder-el-first  \" style='border-radius:0px; '><div  class='avia-image-container  av-styling-    avia-builder-el-1  avia-builder-el-no-sibling  avia-align-center '  itemprop=\"image\" itemscope=\"itemscope\" itemtype=\"https:\/\/schema.org\/ImageObject\"  ><div class='avia-image-container-inner'><div class='avia-image-overlay-wrap'><img decoding=\"async\" class='wp-image-59829 avia-img-lazy-loading-not-59829 avia_image' src=\"https:\/\/radiorevelacionfm.cl\/wp-content\/uploads\/2025\/10\/foto-cerco-1-1_optimized-1.jpeg\" alt='' title='foto-cerco-1-(1)_optimized (1)' height=\"1075\" width=\"801\"  itemprop=\"thumbnailUrl\" srcset=\"https:\/\/radiorevelacionfm.cl\/wp-content\/uploads\/2025\/10\/foto-cerco-1-1_optimized-1.jpeg 801w, https:\/\/radiorevelacionfm.cl\/wp-content\/uploads\/2025\/10\/foto-cerco-1-1_optimized-1-224x300.jpeg 224w, https:\/\/radiorevelacionfm.cl\/wp-content\/uploads\/2025\/10\/foto-cerco-1-1_optimized-1-767x1030.jpeg 767w, https:\/\/radiorevelacionfm.cl\/wp-content\/uploads\/2025\/10\/foto-cerco-1-1_optimized-1-768x1031.jpeg 768w, https:\/\/radiorevelacionfm.cl\/wp-content\/uploads\/2025\/10\/foto-cerco-1-1_optimized-1-525x705.jpeg 525w, https:\/\/radiorevelacionfm.cl\/wp-content\/uploads\/2025\/10\/foto-cerco-1-1_optimized-1-450x604.jpeg 450w, https:\/\/radiorevelacionfm.cl\/wp-content\/uploads\/2025\/10\/foto-cerco-1-1_optimized-1-600x805.jpeg 600w\" sizes=\"(max-width: 801px) 100vw, 801px\" \/><\/div><\/div><\/div><\/div><div class=\"flex_column av_one_full  flex_column_div av-zero-column-padding first  avia-builder-el-2  el_after_av_one_full  el_before_av_one_full  column-top-margin\" style='border-radius:0px; '><section class=\"av_textblock_section \"  itemscope=\"itemscope\" itemtype=\"https:\/\/schema.org\/BlogPosting\" itemprop=\"blogPost\" ><div class='avia_textblock  '   itemprop=\"text\" ><p style=\"text-align: center;\"><span style=\"font-size: 18pt;\"><b>Cerco de malla que impide acceso al r\u00edo Baker y lago Bertrand preocupa a la comunidad y activa acciones de Bienes Nacionales<\/b><\/span><\/p>\n<div id=\"gtx-trans\" style=\"position: absolute; left: -50px; top: 4.31534px;\">\n<div class=\"gtx-trans-icon\"><\/div>\n<\/div>\n<\/div><\/section><\/div><div class=\"flex_column av_one_full  flex_column_div av-zero-column-padding first  avia-builder-el-4  el_after_av_one_full  el_before_av_hr  column-top-margin\" style='border-radius:0px; '><section class=\"av_textblock_section \"  itemscope=\"itemscope\" itemtype=\"https:\/\/schema.org\/BlogPosting\" itemprop=\"blogPost\" ><div class='avia_textblock  '   itemprop=\"text\" ><p><span style=\"font-size: 12pt;\"><i>Adem\u00e1s, se emplaza sobre faja fiscal.<\/i><\/span><\/p>\n<p style=\"font-weight: 400; text-align: justify;\"><em>En una reuni\u00f3n del 23 de septiembre, organizaciones locales fueron informadas sobre diversas acciones que est\u00e1n impulsando organismos del Estado.\u00a0<\/em><\/p>\n<p style=\"font-weight: 400; text-align: justify;\">Una creciente preocupaci\u00f3n se ha instalado en Puerto Bertrand producto de las obras de cierre de un terreno particular que colinda con el lago Bertrand y el nacimiento del r\u00edo Baker, las que se han materializado sobre la faja del Camino Longitudinal Austral.\u00a0\u00a0Esto ha generado inquietud entre los vecinos, toda vez que el cerco de malla dificulta el acceso a las riberas que son bienes nacionales de uso p\u00fablico.<\/p>\n<p style=\"font-weight: 400; text-align: justify;\">Con el objeto de aclarar esta situaci\u00f3n, dirigentes del Comit\u00e9 de Emprendimiento y Turismo de Puerto Bertrand se reunieron el martes 23 de septiembre telem\u00e1ticamente con diversas autoridades con atribuciones en la materia.<\/p>\n<p style=\"font-weight: 400; text-align: justify;\">En la ocasi\u00f3n se inform\u00f3 sobre una fiscalizaci\u00f3n realizada el 10 de septiembre por parte de la seremi de Bienes Nacionales, en la cual se verific\u00f3 la existencia de un \u201c<em>cierre perimetral en terrenos colindantes, que afecta tr\u00e1nsito p\u00fablico y acceso al Bien Nacional de Uso P\u00fablico (ribera del r\u00edo), lo que podr\u00eda constituir una infracci\u00f3n a la normativa vigente sobre libre acceso\u201d\u00a0<\/em>a estas \u00e1reas fiscales<em>.\u00a0<\/em>Adem\u00e1s, el cierre est\u00e1<em>\u00a0\u201cinstalado sobre el camino p\u00fablico de acceso a Puerto Bertrand. Esta situaci\u00f3n constituye una obstrucci\u00f3n a la vialidad, atentando contra las condiciones de seguridad vial y el principio de libre tr\u00e1nsito, al no mantener las v\u00edas expeditas conforme a las disposiciones y normativas oficiales vigentes<\/em>\u201d.<\/p>\n<p style=\"font-weight: 400; text-align: justify;\">A partir de tal inspecci\u00f3n, el organismo ofici\u00f3 al director regional de Vialidad, Renso Sanders,\u00a0\u00a0se\u00f1alando que dichos cierres \u201c<em>afectan el libre tr\u00e1nsito hacia el r\u00edo Baker e interfieren con la faja de terreno destinada a uso p\u00fablico, correspondiente al camino de acceso a Puerto Bertrand\u201d, adem\u00e1s de \u201cno\u00a0\u00a0respetar las dimensiones normativas ni el trazado de las obras viales emplazadas sobre suelos reconocidos como Bienes Nacionales de Uso P\u00fablico<\/em>\u201d.<\/p>\n<p style=\"font-weight: 400; text-align: justify;\">Una misiva de similar tenor se envi\u00f3 al delegado presidencial provincial de General Carrera, Crist\u00f3bal Barcel\u00f3 Veas, y al alcalde de Chile Chico, Ariel Keim Hermosilla, para que tomen las medidas correspondientes.<\/p>\n<p style=\"font-weight: 400; text-align: justify;\">El terreno corresponde al Fundo R\u00edo Baker, de propiedad de Orlando Scarito Kupfer, por el que cruza el Camino Longitudinal Austral y cuyo propietario ha impulsado durante las \u00faltimas semanas el cercado con postes y malla met\u00e1lica de 1,8 metros de\u00a0\u00a0altura a ambos costados de la carretera.<\/p>\n<p style=\"font-weight: 400; text-align: justify;\">Para el Comit\u00e9 de Turismo es necesario que esta situaci\u00f3n se regularice, tanto por la actividad econ\u00f3mica como por el acceso de los vecinos que hist\u00f3ricamente han usado las orillas del lago y r\u00edo.\u00a0\u00a0Y que sea parte de una normalizaci\u00f3n general, ya que seg\u00fan se\u00f1alan existen\u00a0\u00a0construcciones asociadas a lodges y segundas viviendas en sectores que son bienes nacionales de uso p\u00fablicos (playas, fajas fiscales, etc.) que no cuentan con autorizaciones y tampoco estar\u00edan siendo fiscalizadas.<\/p>\n<\/div><\/section><\/div><div  style='height:50px' class='hr hr-invisible   avia-builder-el-6  el_after_av_one_full  el_before_av_social_share '><span class='hr-inner ' ><span class='hr-inner-style'><\/span><\/span><\/div><\/p>\n<div  class='av-social-sharing-box  avia-builder-el-7  el_after_av_hr  el_before_av_hr  '><div class='av-share-box'><h5 class='av-share-link-description av-no-toc '>Compartir esta noticia<\/h5><ul class='av-share-box-list noLightbox'><li class='av-share-link av-social-link-facebook' ><a target=\"_blank\" aria-label=\"Compartir en Facebook\" href='https:\/\/www.facebook.com\/sharer.php?u=https:\/\/radiorevelacionfm.cl\/?p=59828&#038;t=Cerco%20de%20malla%20que%20impide%20acceso%20al%20r%C3%ADo%20Baker%20y%20lago%20Bertrand%20preocupa%20a%20la%20comunidad%20y%20activa%20acciones%20de%20Bienes%20Nacionales' aria-hidden='false' data-av_icon='\ue8f3' data-av_iconfont='entypo-fontello' title='' data-avia-related-tooltip='Compartir en Facebook' rel=\"noopener\"><span class='avia_hidden_link_text'>Compartir en Facebook<\/span><\/a><\/li><li class='av-share-link av-social-link-twitter' ><a target=\"_blank\" aria-label=\"Compartir en Twitter\" href='https:\/\/twitter.com\/share?text=Cerco%20de%20malla%20que%20impide%20acceso%20al%20r%C3%ADo%20Baker%20y%20lago%20Bertrand%20preocupa%20a%20la%20comunidad%20y%20activa%20acciones%20de%20Bienes%20Nacionales&#038;url=https:\/\/radiorevelacionfm.cl\/?p=59828' aria-hidden='false' data-av_icon='\ue8f1' data-av_iconfont='entypo-fontello' title='' data-avia-related-tooltip='Compartir en Twitter' rel=\"noopener\"><span class='avia_hidden_link_text'>Compartir en Twitter<\/span><\/a><\/li><li class='av-share-link av-social-link-whatsapp' ><a target=\"_blank\" aria-label=\"Compartir en Whatsapp\" href='https:\/\/api.whatsapp.com\/send?text=https:\/\/radiorevelacionfm.cl\/?p=59828' aria-hidden='false' data-av_icon='\uf232' data-av_iconfont='entypo-fontello' title='' data-avia-related-tooltip='Compartir en Whatsapp' rel=\"noopener\"><span class='avia_hidden_link_text'>Compartir en Whatsapp<\/span><\/a><\/li><li class='av-share-link av-social-link-linkedin' ><a target=\"_blank\" aria-label=\"Compartir en LinkedIn\" href='https:\/\/linkedin.com\/shareArticle?mini=true&#038;title=Cerco%20de%20malla%20que%20impide%20acceso%20al%20r%C3%ADo%20Baker%20y%20lago%20Bertrand%20preocupa%20a%20la%20comunidad%20y%20activa%20acciones%20de%20Bienes%20Nacionales&#038;url=https:\/\/radiorevelacionfm.cl\/?p=59828' aria-hidden='false' data-av_icon='\ue8fc' data-av_iconfont='entypo-fontello' title='' data-avia-related-tooltip='Compartir en LinkedIn' rel=\"noopener\"><span class='avia_hidden_link_text'>Compartir en LinkedIn<\/span><\/a><\/li><li class='av-share-link av-social-link-mail' ><a  aria-label=\"Compartir por correo\" href='mailto:?subject=Cerco%20de%20malla%20que%20impide%20acceso%20al%20r%C3%ADo%20Baker%20y%20lago%20Bertrand%20preocupa%20a%20la%20comunidad%20y%20activa%20acciones%20de%20Bienes%20Nacionales&#038;body=https:\/\/radiorevelacionfm.cl\/?p=59828' aria-hidden='false' data-av_icon='\ue805' data-av_iconfont='entypo-fontello' title='' data-avia-related-tooltip='Compartir por correo'><span class='avia_hidden_link_text'>Compartir por correo<\/span><\/a><\/li><\/ul><\/div><\/div>\n<div  style='height:50px' class='hr hr-invisible   avia-builder-el-8  el_after_av_social_share  el_before_av_comments_list '><span class='hr-inner ' ><span class='hr-inner-style'><\/span><\/span><\/div>\n<div  class='av-buildercomment  av-blog-meta-html-info-disabled av-blog-meta-tag-disabled  '><\/div>\n","protected":false},"excerpt":{"rendered":"","protected":false},"author":1,"featured_media":59829,"comment_status":"closed","ping_status":"closed","sticky":false,"template":"","format":"standard","meta":{"footnotes":""},"categories":[38],"tags":[],"class_list":["post-59828","post","type-post","status-publish","format-standard","has-post-thumbnail","hentry","category-regional"],"jetpack_featured_media_url":"https:\/\/radiorevelacionfm.cl\/wp-content\/uploads\/2025\/10\/foto-cerco-1-1_optimized-1.jpeg","_links":{"self":[{"href":"https:\/\/radiorevelacionfm.cl\/index.php?rest_route=\/wp\/v2\/posts\/59828","targetHints":{"allow":["GET"]}}],"collection":[{"href":"https:\/\/radiorevelacionfm.cl\/index.php?rest_route=\/wp\/v2\/posts"}],"about":[{"href":"https:\/\/radiorevelacionfm.cl\/index.php?rest_route=\/wp\/v2\/types\/post"}],"author":[{"embeddable":true,"href":"https:\/\/radiorevelacionfm.cl\/index.php?rest_route=\/wp\/v2\/users\/1"}],"replies":[{"embeddable":true,"href":"https:\/\/radiorevelacionfm.cl\/index.php?rest_route=%2Fwp%2Fv2%2Fcomments&post=59828"}],"version-history":[{"count":2,"href":"https:\/\/radiorevelacionfm.cl\/index.php?rest_route=\/wp\/v2\/posts\/59828\/revisions"}],"predecessor-version":[{"id":59870,"href":"https:\/\/radiorevelacionfm.cl\/index.php?rest_route=\/wp\/v2\/posts\/59828\/revisions\/59870"}],"wp:featuredmedia":[{"embeddable":true,"href":"https:\/\/radiorevelacionfm.cl\/index.php?rest_route=\/wp\/v2\/media\/59829"}],"wp:attachment":[{"href":"https:\/\/radiorevelacionfm.cl\/index.php?rest_route=%2Fwp%2Fv2%2Fmedia&parent=59828"}],"wp:term":[{"taxonomy":"category","embeddable":true,"href":"https:\/\/radiorevelacionfm.cl\/index.php?rest_route=%2Fwp%2Fv2%2Fcategories&post=59828"},{"taxonomy":"post_tag","embeddable":true,"href":"https:\/\/radiorevelacionfm.cl\/index.php?rest_route=%2Fwp%2Fv2%2Ftags&post=59828"}],"curies":[{"name":"wp","href":"https:\/\/api.w.org\/{rel}","templated":true}]}}