{"id":59825,"date":"2025-10-02T14:39:18","date_gmt":"2025-10-02T17:39:18","guid":{"rendered":"https:\/\/radiorevelacionfm.cl\/?p=59825"},"modified":"2025-10-02T14:39:18","modified_gmt":"2025-10-02T17:39:18","slug":"a-paso-firme-avanzan-inscripciones-para-triatlon-reto-tehuelche-de-puerto-guadal","status":"publish","type":"post","link":"https:\/\/radiorevelacionfm.cl\/?p=59825","title":{"rendered":"A paso firme avanzan inscripciones para Triatl\u00f3n \u201cReto Tehuelche\u201d de Puerto Guadal"},"content":{"rendered":"<div class=\"flex_column av_one_full  flex_column_div av-zero-column-padding first  avia-builder-el-0  el_before_av_one_full  avia-builder-el-first  \" style='border-radius:0px; '><div  class='avia-image-container  av-styling-    avia-builder-el-1  avia-builder-el-no-sibling  avia-align-center '  itemprop=\"image\" itemscope=\"itemscope\" itemtype=\"https:\/\/schema.org\/ImageObject\"  ><div class='avia-image-container-inner'><div class='avia-image-overlay-wrap'><img decoding=\"async\" class='wp-image-59826 avia-img-lazy-loading-not-59826 avia_image' src=\"https:\/\/radiorevelacionfm.cl\/wp-content\/uploads\/2025\/10\/Foto-Reto-Tehuelche-2024-000061-1-1.jpg\" alt='' title='Foto Reto Tehuelche 2024 -00006(1) (1) (1)' height=\"600\" width=\"800\"  itemprop=\"thumbnailUrl\" srcset=\"https:\/\/radiorevelacionfm.cl\/wp-content\/uploads\/2025\/10\/Foto-Reto-Tehuelche-2024-000061-1-1.jpg 800w, https:\/\/radiorevelacionfm.cl\/wp-content\/uploads\/2025\/10\/Foto-Reto-Tehuelche-2024-000061-1-1-300x225.jpg 300w, https:\/\/radiorevelacionfm.cl\/wp-content\/uploads\/2025\/10\/Foto-Reto-Tehuelche-2024-000061-1-1-768x576.jpg 768w, https:\/\/radiorevelacionfm.cl\/wp-content\/uploads\/2025\/10\/Foto-Reto-Tehuelche-2024-000061-1-1-705x529.jpg 705w, https:\/\/radiorevelacionfm.cl\/wp-content\/uploads\/2025\/10\/Foto-Reto-Tehuelche-2024-000061-1-1-450x338.jpg 450w, https:\/\/radiorevelacionfm.cl\/wp-content\/uploads\/2025\/10\/Foto-Reto-Tehuelche-2024-000061-1-1-600x450.jpg 600w\" sizes=\"(max-width: 800px) 100vw, 800px\" \/><\/div><\/div><\/div><\/div><div class=\"flex_column av_one_full  flex_column_div av-zero-column-padding first  avia-builder-el-2  el_after_av_one_full  el_before_av_one_full  column-top-margin\" style='border-radius:0px; '><section class=\"av_textblock_section \"  itemscope=\"itemscope\" itemtype=\"https:\/\/schema.org\/BlogPosting\" itemprop=\"blogPost\" ><div class='avia_textblock  '   itemprop=\"text\" ><p style=\"font-weight: 400; text-align: center;\"><span style=\"font-size: 18pt;\"><strong>A paso firme avanzan inscripciones para Triatl\u00f3n \u201cReto Tehuelche\u201d de Puerto Guadal<\/strong><\/span><\/p>\n<div id=\"gtx-trans\" style=\"position: absolute; left: -50px; top: 4.31534px;\">\n<div class=\"gtx-trans-icon\"><\/div>\n<\/div>\n<\/div><\/section><\/div><div class=\"flex_column av_one_full  flex_column_div av-zero-column-padding first  avia-builder-el-4  el_after_av_one_full  el_before_av_hr  column-top-margin\" style='border-radius:0px; '><section class=\"av_textblock_section \"  itemscope=\"itemscope\" itemtype=\"https:\/\/schema.org\/BlogPosting\" itemprop=\"blogPost\" ><div class='avia_textblock  '   itemprop=\"text\" ><p style=\"font-weight: 400; text-align: justify;\">A un mes de realizarse la quinta versi\u00f3n del Triatl\u00f3n \u201cReto Tehuelche\u201d en Puerto Guadal, a paso firme avanzan las inscripciones de las y los interesados en las categor\u00edas\u00a0<strong>individual<\/strong>\u00a0damas y varones (general y seniors) y\u00a0<strong>equipos<\/strong>\u00a0damas, varones y mixtos.\u00a0\u00a0A la fecha se ha anotado m\u00e1s de una veintena de participantes, esper\u00e1ndose este a\u00f1o superar el umbral de 2024: 70 competidores.<\/p>\n<p style=\"font-weight: 400; text-align: justify;\">La premiaci\u00f3n contemplar\u00e1 est\u00edmulos para los tres primeros lugares de cada una de las categor\u00edas, en una ceremonia que se materializar\u00e1 al concluir la competencia que se desarrollar\u00e1 el s\u00e1bado 1 de noviembre.<\/p>\n<p style=\"font-weight: 400; text-align: justify;\">Como en ocasiones anteriores, el Triatl\u00f3n \u201cReto Tehuelche\u201d combinar\u00e1 trayectos por el lago General Carrera, monta\u00f1as y valles de los alrededores de Puerto Guadal. Se trata de 40 kil\u00f3metros que deber\u00e1n sortear los participantes, poniendo a prueba su resistencia y t\u00e9cnica: kayak (6,8 km aprox.), bicicleta (16,8 km aprox.) y trote (14,9 km aprox.).<\/p>\n<p style=\"font-weight: 400; text-align: justify;\">En el caso del tramo en kayak y como una forma de estandarizar las posibilidades de lo\/as participantes, s\u00f3lo se podr\u00e1 competir con el equipamiento facilitado por la organizaci\u00f3n (kayak, remos y chalecos salvavidas).\u00a0\u00a0\u00a0En el caso de la bicicleta, cada corredor deber\u00e1 usar la propia.<\/p>\n<p style=\"font-weight: 400; text-align: justify;\">Se exigir\u00e1, entre otras condiciones, llevar una bolsa para desechos, donde la separaci\u00f3n de residuos ser\u00e1 obligatoria.<\/p>\n<p style=\"font-weight: 400; text-align: justify;\">El mapa de la ruta est\u00e1 en el siguiente link:\u00a0<a href=\"https:\/\/www.google.com\/maps\/d\/u\/1\/edit?mid=1-mRkAHd8YWwplJT7CHJOov_y9tfVGfQ&amp;usp=sharing\" data-saferedirecturl=\"https:\/\/www.google.com\/url?q=https:\/\/www.google.com\/maps\/d\/u\/1\/edit?mid%3D1-mRkAHd8YWwplJT7CHJOov_y9tfVGfQ%26usp%3Dsharing&amp;source=gmail&amp;ust=1759505102307000&amp;usg=AOvVaw08d9b6m77nAJQwWVaRFLRI\">https:\/\/www.google.com\/maps\/d\/u\/1\/edit?mid=1-mRkAHd8YWwplJT7CHJOov_y9tfVGfQ&amp;usp=sharing<\/a>.<\/p>\n<p style=\"font-weight: 400; text-align: justify;\"><strong>Inscripciones<\/strong><\/p>\n<p style=\"font-weight: 400; text-align: justify;\">Las y los interesados pueden solicitar informaci\u00f3n al correo\u00a0<a href=\"mailto:retotehuelche@gmail.com\">retotehuelche@gmail.com<\/a>\u00a0y en el Instagram de la AG de Turismo de Puerto Guadal, relativo a las bases de la competencia e inscripciones.\u00a0\u00a0Los valores son $35.000 para competidores individuales, $60.000 para equipos.<\/p>\n<p style=\"font-weight: 400; text-align: justify;\">El triatl\u00f3n \u201cReto Tehuelche\u201d se materializa gracias a los aportes y colaboraci\u00f3n de socio\/as de la AG de Turismo, adem\u00e1s de vecino\/as de la localidad.\u00a0\u00a0\u00a0En esta ocasi\u00f3n se contar\u00e1 con el apoyo de la Municipalidad de Chile Chico.\u00a0\u00a0Asimismo, se sumar\u00e1n a la organizaci\u00f3n la agrupaci\u00f3n de artesanos ArteChelenko y la AG de Campesinos de Puerto Guadal.<\/p>\n<p style=\"font-weight: 400; text-align: justify;\">Durante el mismo s\u00e1bado se instalar\u00e1 tambi\u00e9n una feria de emprendedores a cargo de productores y productoras locales, junto a participantes de otros sectores de la regi\u00f3n, a la que se sumar\u00e1 un taller organizado por ArteChelenko de trabajo con lana.\u00a0\u00a0Adem\u00e1s, el cocinero regional Jos\u00e9 Gonz\u00e1lez (Manos de la Monta\u00f1a) har\u00e1 una presentaci\u00f3n de cocina en vivo para los asistentes, con una vaquilla aportada por la Municipalidad de Chile Chico.<\/p>\n<\/div><\/section><\/div><div  style='height:50px' class='hr hr-invisible   avia-builder-el-6  el_after_av_one_full  el_before_av_social_share '><span class='hr-inner ' ><span class='hr-inner-style'><\/span><\/span><\/div><\/p>\n<div  class='av-social-sharing-box  avia-builder-el-7  el_after_av_hr  el_before_av_hr  '><div class='av-share-box'><h5 class='av-share-link-description av-no-toc '>Compartir esta noticia<\/h5><ul class='av-share-box-list noLightbox'><li class='av-share-link av-social-link-facebook' ><a target=\"_blank\" aria-label=\"Compartir en Facebook\" href='https:\/\/www.facebook.com\/sharer.php?u=https:\/\/radiorevelacionfm.cl\/?p=59825&#038;t=A%20paso%20firme%20avanzan%20inscripciones%20para%20Triatl%C3%B3n%20%E2%80%9CReto%20Tehuelche%E2%80%9D%20de%20Puerto%20Guadal' aria-hidden='false' data-av_icon='\ue8f3' data-av_iconfont='entypo-fontello' title='' data-avia-related-tooltip='Compartir en Facebook' rel=\"noopener\"><span class='avia_hidden_link_text'>Compartir en Facebook<\/span><\/a><\/li><li class='av-share-link av-social-link-twitter' ><a target=\"_blank\" aria-label=\"Compartir en Twitter\" href='https:\/\/twitter.com\/share?text=A%20paso%20firme%20avanzan%20inscripciones%20para%20Triatl%C3%B3n%20%E2%80%9CReto%20Tehuelche%E2%80%9D%20de%20Puerto%20Guadal&#038;url=https:\/\/radiorevelacionfm.cl\/?p=59825' aria-hidden='false' data-av_icon='\ue8f1' data-av_iconfont='entypo-fontello' title='' data-avia-related-tooltip='Compartir en Twitter' rel=\"noopener\"><span class='avia_hidden_link_text'>Compartir en Twitter<\/span><\/a><\/li><li class='av-share-link av-social-link-whatsapp' ><a target=\"_blank\" aria-label=\"Compartir en Whatsapp\" href='https:\/\/api.whatsapp.com\/send?text=https:\/\/radiorevelacionfm.cl\/?p=59825' aria-hidden='false' data-av_icon='\uf232' data-av_iconfont='entypo-fontello' title='' data-avia-related-tooltip='Compartir en Whatsapp' rel=\"noopener\"><span class='avia_hidden_link_text'>Compartir en Whatsapp<\/span><\/a><\/li><li class='av-share-link av-social-link-linkedin' ><a target=\"_blank\" aria-label=\"Compartir en LinkedIn\" href='https:\/\/linkedin.com\/shareArticle?mini=true&#038;title=A%20paso%20firme%20avanzan%20inscripciones%20para%20Triatl%C3%B3n%20%E2%80%9CReto%20Tehuelche%E2%80%9D%20de%20Puerto%20Guadal&#038;url=https:\/\/radiorevelacionfm.cl\/?p=59825' aria-hidden='false' data-av_icon='\ue8fc' data-av_iconfont='entypo-fontello' title='' data-avia-related-tooltip='Compartir en LinkedIn' rel=\"noopener\"><span class='avia_hidden_link_text'>Compartir en LinkedIn<\/span><\/a><\/li><li class='av-share-link av-social-link-mail' ><a  aria-label=\"Compartir por correo\" href='mailto:?subject=A%20paso%20firme%20avanzan%20inscripciones%20para%20Triatl%C3%B3n%20%E2%80%9CReto%20Tehuelche%E2%80%9D%20de%20Puerto%20Guadal&#038;body=https:\/\/radiorevelacionfm.cl\/?p=59825' aria-hidden='false' data-av_icon='\ue805' data-av_iconfont='entypo-fontello' title='' data-avia-related-tooltip='Compartir por correo'><span class='avia_hidden_link_text'>Compartir por correo<\/span><\/a><\/li><\/ul><\/div><\/div>\n<div  style='height:50px' class='hr hr-invisible   avia-builder-el-8  el_after_av_social_share  el_before_av_comments_list '><span class='hr-inner ' ><span class='hr-inner-style'><\/span><\/span><\/div>\n<div  class='av-buildercomment  av-blog-meta-html-info-disabled av-blog-meta-tag-disabled  '><\/div>\n","protected":false},"excerpt":{"rendered":"","protected":false},"author":1,"featured_media":59826,"comment_status":"closed","ping_status":"closed","sticky":false,"template":"","format":"standard","meta":{"footnotes":""},"categories":[38],"tags":[],"class_list":["post-59825","post","type-post","status-publish","format-standard","has-post-thumbnail","hentry","category-regional"],"jetpack_featured_media_url":"https:\/\/radiorevelacionfm.cl\/wp-content\/uploads\/2025\/10\/Foto-Reto-Tehuelche-2024-000061-1-1.jpg","_links":{"self":[{"href":"https:\/\/radiorevelacionfm.cl\/index.php?rest_route=\/wp\/v2\/posts\/59825","targetHints":{"allow":["GET"]}}],"collection":[{"href":"https:\/\/radiorevelacionfm.cl\/index.php?rest_route=\/wp\/v2\/posts"}],"about":[{"href":"https:\/\/radiorevelacionfm.cl\/index.php?rest_route=\/wp\/v2\/types\/post"}],"author":[{"embeddable":true,"href":"https:\/\/radiorevelacionfm.cl\/index.php?rest_route=\/wp\/v2\/users\/1"}],"replies":[{"embeddable":true,"href":"https:\/\/radiorevelacionfm.cl\/index.php?rest_route=%2Fwp%2Fv2%2Fcomments&post=59825"}],"version-history":[{"count":2,"href":"https:\/\/radiorevelacionfm.cl\/index.php?rest_route=\/wp\/v2\/posts\/59825\/revisions"}],"predecessor-version":[{"id":59831,"href":"https:\/\/radiorevelacionfm.cl\/index.php?rest_route=\/wp\/v2\/posts\/59825\/revisions\/59831"}],"wp:featuredmedia":[{"embeddable":true,"href":"https:\/\/radiorevelacionfm.cl\/index.php?rest_route=\/wp\/v2\/media\/59826"}],"wp:attachment":[{"href":"https:\/\/radiorevelacionfm.cl\/index.php?rest_route=%2Fwp%2Fv2%2Fmedia&parent=59825"}],"wp:term":[{"taxonomy":"category","embeddable":true,"href":"https:\/\/radiorevelacionfm.cl\/index.php?rest_route=%2Fwp%2Fv2%2Fcategories&post=59825"},{"taxonomy":"post_tag","embeddable":true,"href":"https:\/\/radiorevelacionfm.cl\/index.php?rest_route=%2Fwp%2Fv2%2Ftags&post=59825"}],"curies":[{"name":"wp","href":"https:\/\/api.w.org\/{rel}","templated":true}]}}