{"id":59821,"date":"2025-10-02T12:38:43","date_gmt":"2025-10-02T15:38:43","guid":{"rendered":"https:\/\/radiorevelacionfm.cl\/?p=59821"},"modified":"2025-10-02T12:38:43","modified_gmt":"2025-10-02T15:38:43","slug":"comuna-de-cochrane-en-alerta-piden-declarar-alerta-roja-para-la-provincia-capitan-prat","status":"publish","type":"post","link":"https:\/\/radiorevelacionfm.cl\/?p=59821","title":{"rendered":"Comuna de Cochrane en alerta, piden declarar alerta roja para la Provincia Capit\u00e1n Prat"},"content":{"rendered":"<div class=\"flex_column av_one_full  flex_column_div av-zero-column-padding first  avia-builder-el-0  el_before_av_one_full  avia-builder-el-first  \" style='border-radius:0px; '><div  class='avia-image-container  av-styling-    avia-builder-el-1  avia-builder-el-no-sibling  avia-align-center '  itemprop=\"image\" itemscope=\"itemscope\" itemtype=\"https:\/\/schema.org\/ImageObject\"  ><div class='avia-image-container-inner'><div class='avia-image-overlay-wrap'><img decoding=\"async\" class='wp-image-59822 avia-img-lazy-loading-not-59822 avia_image' src=\"https:\/\/radiorevelacionfm.cl\/wp-content\/uploads\/2025\/10\/Cochrane-02.10.25-1.jpg\" alt='' title='Cochrane 02.10.25 (1)' height=\"600\" width=\"851\"  itemprop=\"thumbnailUrl\" srcset=\"https:\/\/radiorevelacionfm.cl\/wp-content\/uploads\/2025\/10\/Cochrane-02.10.25-1.jpg 851w, https:\/\/radiorevelacionfm.cl\/wp-content\/uploads\/2025\/10\/Cochrane-02.10.25-1-300x212.jpg 300w, https:\/\/radiorevelacionfm.cl\/wp-content\/uploads\/2025\/10\/Cochrane-02.10.25-1-768x541.jpg 768w, https:\/\/radiorevelacionfm.cl\/wp-content\/uploads\/2025\/10\/Cochrane-02.10.25-1-705x497.jpg 705w, https:\/\/radiorevelacionfm.cl\/wp-content\/uploads\/2025\/10\/Cochrane-02.10.25-1-450x317.jpg 450w, https:\/\/radiorevelacionfm.cl\/wp-content\/uploads\/2025\/10\/Cochrane-02.10.25-1-600x423.jpg 600w\" sizes=\"(max-width: 851px) 100vw, 851px\" \/><\/div><\/div><\/div><\/div><div class=\"flex_column av_one_full  flex_column_div av-zero-column-padding first  avia-builder-el-2  el_after_av_one_full  el_before_av_one_full  column-top-margin\" style='border-radius:0px; '><section class=\"av_textblock_section \"  itemscope=\"itemscope\" itemtype=\"https:\/\/schema.org\/BlogPosting\" itemprop=\"blogPost\" ><div class='avia_textblock  '   itemprop=\"text\" ><p style=\"text-align: center;\"><strong><span style=\"font-size: 18pt;\">Comuna de Cochrane en alerta, piden declarar alerta roja para la Provincia Capit\u00e1n Prat<\/span><\/strong><\/p>\n<div id=\"gtx-trans\" style=\"position: absolute; left: -50px; top: 4.31534px;\">\n<div class=\"gtx-trans-icon\"><\/div>\n<\/div>\n<\/div><\/section><\/div><div class=\"flex_column av_one_full  flex_column_div av-zero-column-padding first  avia-builder-el-4  el_after_av_one_full  el_before_av_hr  column-top-margin\" style='border-radius:0px; '><section class=\"av_textblock_section \"  itemscope=\"itemscope\" itemtype=\"https:\/\/schema.org\/BlogPosting\" itemprop=\"blogPost\" ><div class='avia_textblock  '   itemprop=\"text\" ><p style=\"text-align: justify;\">La Ilustre Municipalidad de Cochrane, a trav\u00e9s de su alcalde\u00a0Patricio Ulloa Georgia, informa el desarrollo de las acciones y el estado de la emergencia producto del sistema frontal que afecta a nuestra comuna y a la Provincia Capit\u00e1n Prat.<\/p>\n<p style=\"text-align: justify;\"><strong>Situaci\u00f3n controlada en arroyos\u00a0<\/strong><\/p>\n<p style=\"text-align: justify;\">Durante la jornada de ayer se registr\u00f3 una situaci\u00f3n compleja en el\u00a0arroyo Tamango\u00a0y el\u00a0arroyo Tamanguito,\u00a0gracias al trabajo oportuno de los equipos municipales y del Departamento de Obras, con apoyo de maquinaria pesada, se logr\u00f3 contener la salida de agua en ambos sectores. En este momento, la situaci\u00f3n se encuentra\u00a0controlada.<\/p>\n<p style=\"text-align: justify;\"><strong>Preocupaci\u00f3n por el mundo rural<\/strong><\/p>\n<p style=\"text-align: justify;\">En la reuni\u00f3n de emergencia COGRID\u00a0 realizada hoy en la\u00a0Delegaci\u00f3n Provincial Capit\u00e1n Prat, se evalu\u00f3 la situaci\u00f3n general en la provincia.<br \/>\nLa principal preocupaci\u00f3n en Cochrane se concentra en el\u00a0mundo rural, donde se han reportado:<\/p>\n<p style=\"text-align: justify;\">Una familia sin contacto desde ayer, en Sector San Lorenzo<\/p>\n<p style=\"text-align: justify;\">Afectaciones severas en caminos rurales.<\/p>\n<p style=\"text-align: justify;\">Crecidas de r\u00edos e inundaciones en campos bajos.<\/p>\n<p style=\"text-align: justify;\">P\u00e9rdida de animales producto de las inundaciones.<\/p>\n<p style=\"text-align: justify;\">Dificultad de comunicaci\u00f3n con familias y pobladores aislados.<\/p>\n<p style=\"text-align: justify;\"><strong>Solicitud de Alerta Roja<\/strong><\/p>\n<p style=\"text-align: justify;\">El alcalde Ulloa manifest\u00f3 que la magnitud de la emergencia supera las capacidades locales y comunales. Por esta raz\u00f3n, solicit\u00f3 en COGRID a la Delegaci\u00f3n Provincial y a\u00a0SENAPRED Ays\u00e9n\u00a0la\u00a0declaraci\u00f3n de Alerta Roja\u00a0para Cochrane y la Provincia Capit\u00e1n Prat. Este paso permitir\u00e1 disponer de\u00a0mayores recursos y medios\u00a0para enfrentar la situaci\u00f3n de manera m\u00e1s efectiva, tanto en la zona urbana como en los sectores rurales.<\/p>\n<p style=\"text-align: justify;\"><strong>Trabajo desplegado<\/strong><\/p>\n<p style=\"text-align: justify;\">Todos los funcionarios municipales se mantienen desplegados y trabajando en terreno para asistir a la comunidad.<\/p>\n<p style=\"text-align: justify;\">Se reconoce y agradece la labor de\u00a0Carabineros de Chile, Bomberos y el Ej\u00e9rcito de Chile (Compa\u00f1\u00eda Andina), quienes han estado colaborando activamente en las distintas acciones de emergencia.<\/p>\n<p style=\"text-align: justify;\">Las oficinas municipales permanecer\u00e1n cerradas al p\u00fablico, pero todos los departamentos se encuentran operativos en terreno.<\/p>\n<p style=\"text-align: justify;\"><strong>Canales de emergencia<\/strong><\/p>\n<p style=\"text-align: justify;\">Se solicita a la comunidad reportar cualquier situaci\u00f3n de riesgo a trav\u00e9s de:<\/p>\n<p style=\"text-align: justify;\">Aguas Patagonia: 67 2 21 55 55 (funcionamiento 24\/7)<\/p>\n<p style=\"text-align: justify;\">Municipalidad:\u00a0\u00a0+56 9 8450 3658 |\u00a0\u00a0+56 9 5693 4369<\/p>\n<p style=\"text-align: justify;\">Bomberos (132).<\/p>\n<p style=\"text-align: justify;\">Carabineros de Chile (133).<\/p>\n<\/div><\/section><\/div><div  style='height:50px' class='hr hr-invisible   avia-builder-el-6  el_after_av_one_full  el_before_av_social_share '><span class='hr-inner ' ><span class='hr-inner-style'><\/span><\/span><\/div><\/p>\n<div  class='av-social-sharing-box  avia-builder-el-7  el_after_av_hr  el_before_av_hr  '><div class='av-share-box'><h5 class='av-share-link-description av-no-toc '>Compartir esta noticia<\/h5><ul class='av-share-box-list noLightbox'><li class='av-share-link av-social-link-facebook' ><a target=\"_blank\" aria-label=\"Compartir en Facebook\" href='https:\/\/www.facebook.com\/sharer.php?u=https:\/\/radiorevelacionfm.cl\/?p=59821&#038;t=Comuna%20de%20Cochrane%20en%20alerta%2C%20piden%20declarar%20alerta%20roja%20para%20la%20Provincia%20Capit%C3%A1n%20Prat' aria-hidden='false' data-av_icon='\ue8f3' data-av_iconfont='entypo-fontello' title='' data-avia-related-tooltip='Compartir en Facebook' rel=\"noopener\"><span class='avia_hidden_link_text'>Compartir en Facebook<\/span><\/a><\/li><li class='av-share-link av-social-link-twitter' ><a target=\"_blank\" aria-label=\"Compartir en Twitter\" href='https:\/\/twitter.com\/share?text=Comuna%20de%20Cochrane%20en%20alerta%2C%20piden%20declarar%20alerta%20roja%20para%20la%20Provincia%20Capit%C3%A1n%20Prat&#038;url=https:\/\/radiorevelacionfm.cl\/?p=59821' aria-hidden='false' data-av_icon='\ue8f1' data-av_iconfont='entypo-fontello' title='' data-avia-related-tooltip='Compartir en Twitter' rel=\"noopener\"><span class='avia_hidden_link_text'>Compartir en Twitter<\/span><\/a><\/li><li class='av-share-link av-social-link-whatsapp' ><a target=\"_blank\" aria-label=\"Compartir en Whatsapp\" href='https:\/\/api.whatsapp.com\/send?text=https:\/\/radiorevelacionfm.cl\/?p=59821' aria-hidden='false' data-av_icon='\uf232' data-av_iconfont='entypo-fontello' title='' data-avia-related-tooltip='Compartir en Whatsapp' rel=\"noopener\"><span class='avia_hidden_link_text'>Compartir en Whatsapp<\/span><\/a><\/li><li class='av-share-link av-social-link-linkedin' ><a target=\"_blank\" aria-label=\"Compartir en LinkedIn\" href='https:\/\/linkedin.com\/shareArticle?mini=true&#038;title=Comuna%20de%20Cochrane%20en%20alerta%2C%20piden%20declarar%20alerta%20roja%20para%20la%20Provincia%20Capit%C3%A1n%20Prat&#038;url=https:\/\/radiorevelacionfm.cl\/?p=59821' aria-hidden='false' data-av_icon='\ue8fc' data-av_iconfont='entypo-fontello' title='' data-avia-related-tooltip='Compartir en LinkedIn' rel=\"noopener\"><span class='avia_hidden_link_text'>Compartir en LinkedIn<\/span><\/a><\/li><li class='av-share-link av-social-link-mail' ><a  aria-label=\"Compartir por correo\" href='mailto:?subject=Comuna%20de%20Cochrane%20en%20alerta%2C%20piden%20declarar%20alerta%20roja%20para%20la%20Provincia%20Capit%C3%A1n%20Prat&#038;body=https:\/\/radiorevelacionfm.cl\/?p=59821' aria-hidden='false' data-av_icon='\ue805' data-av_iconfont='entypo-fontello' title='' data-avia-related-tooltip='Compartir por correo'><span class='avia_hidden_link_text'>Compartir por correo<\/span><\/a><\/li><\/ul><\/div><\/div>\n<div  style='height:50px' class='hr hr-invisible   avia-builder-el-8  el_after_av_social_share  el_before_av_comments_list '><span class='hr-inner ' ><span class='hr-inner-style'><\/span><\/span><\/div>\n<div  class='av-buildercomment  av-blog-meta-html-info-disabled av-blog-meta-tag-disabled  '><\/div>\n","protected":false},"excerpt":{"rendered":"","protected":false},"author":1,"featured_media":59822,"comment_status":"closed","ping_status":"closed","sticky":false,"template":"","format":"standard","meta":{"footnotes":""},"categories":[38],"tags":[],"class_list":["post-59821","post","type-post","status-publish","format-standard","has-post-thumbnail","hentry","category-regional"],"jetpack_featured_media_url":"https:\/\/radiorevelacionfm.cl\/wp-content\/uploads\/2025\/10\/Cochrane-02.10.25-1.jpg","_links":{"self":[{"href":"https:\/\/radiorevelacionfm.cl\/index.php?rest_route=\/wp\/v2\/posts\/59821","targetHints":{"allow":["GET"]}}],"collection":[{"href":"https:\/\/radiorevelacionfm.cl\/index.php?rest_route=\/wp\/v2\/posts"}],"about":[{"href":"https:\/\/radiorevelacionfm.cl\/index.php?rest_route=\/wp\/v2\/types\/post"}],"author":[{"embeddable":true,"href":"https:\/\/radiorevelacionfm.cl\/index.php?rest_route=\/wp\/v2\/users\/1"}],"replies":[{"embeddable":true,"href":"https:\/\/radiorevelacionfm.cl\/index.php?rest_route=%2Fwp%2Fv2%2Fcomments&post=59821"}],"version-history":[{"count":2,"href":"https:\/\/radiorevelacionfm.cl\/index.php?rest_route=\/wp\/v2\/posts\/59821\/revisions"}],"predecessor-version":[{"id":59824,"href":"https:\/\/radiorevelacionfm.cl\/index.php?rest_route=\/wp\/v2\/posts\/59821\/revisions\/59824"}],"wp:featuredmedia":[{"embeddable":true,"href":"https:\/\/radiorevelacionfm.cl\/index.php?rest_route=\/wp\/v2\/media\/59822"}],"wp:attachment":[{"href":"https:\/\/radiorevelacionfm.cl\/index.php?rest_route=%2Fwp%2Fv2%2Fmedia&parent=59821"}],"wp:term":[{"taxonomy":"category","embeddable":true,"href":"https:\/\/radiorevelacionfm.cl\/index.php?rest_route=%2Fwp%2Fv2%2Fcategories&post=59821"},{"taxonomy":"post_tag","embeddable":true,"href":"https:\/\/radiorevelacionfm.cl\/index.php?rest_route=%2Fwp%2Fv2%2Ftags&post=59821"}],"curies":[{"name":"wp","href":"https:\/\/api.w.org\/{rel}","templated":true}]}}