{"id":5982,"date":"2021-07-06T14:20:59","date_gmt":"2021-07-06T17:20:59","guid":{"rendered":"https:\/\/radiorevelacionfm.cl\/?p=5982"},"modified":"2021-07-06T14:20:59","modified_gmt":"2021-07-06T17:20:59","slug":"mesa-interinstitucional-por-la-infancia-conocio-detalles-del-nuevo-servicio-mejor-ninez","status":"publish","type":"post","link":"https:\/\/radiorevelacionfm.cl\/?p=5982","title":{"rendered":"Mesa Interinstitucional por la Infancia conoci\u00f3 detalles del nuevo Servicio Mejor Ni\u00f1ez"},"content":{"rendered":"<div class=\"flex_column av_one_full  flex_column_div av-zero-column-padding first  avia-builder-el-0  el_before_av_one_full  avia-builder-el-first  \" style='border-radius:0px; '><div  class='avia-image-container  av-styling-    avia-builder-el-1  avia-builder-el-no-sibling  avia-align-center '  itemprop=\"image\" itemscope=\"itemscope\" itemtype=\"https:\/\/schema.org\/ImageObject\"  ><div class='avia-image-container-inner'><div class='avia-image-overlay-wrap'><img decoding=\"async\" class='wp-image-5983 avia-img-lazy-loading-not-5983 avia_image' src=\"https:\/\/radiorevelacionfm.cl\/wp-content\/uploads\/2021\/07\/foto-mesa-por-la-infancia-zoom-1_optimized.jpg\" alt='' title='foto-mesa-por-la-infancia-zoom-(1)_optimized' height=\"600\" width=\"1017\"  itemprop=\"thumbnailUrl\" srcset=\"https:\/\/radiorevelacionfm.cl\/wp-content\/uploads\/2021\/07\/foto-mesa-por-la-infancia-zoom-1_optimized.jpg 1017w, https:\/\/radiorevelacionfm.cl\/wp-content\/uploads\/2021\/07\/foto-mesa-por-la-infancia-zoom-1_optimized-300x177.jpg 300w, https:\/\/radiorevelacionfm.cl\/wp-content\/uploads\/2021\/07\/foto-mesa-por-la-infancia-zoom-1_optimized-768x453.jpg 768w, https:\/\/radiorevelacionfm.cl\/wp-content\/uploads\/2021\/07\/foto-mesa-por-la-infancia-zoom-1_optimized-705x416.jpg 705w, https:\/\/radiorevelacionfm.cl\/wp-content\/uploads\/2021\/07\/foto-mesa-por-la-infancia-zoom-1_optimized-600x354.jpg 600w\" sizes=\"(max-width: 1017px) 100vw, 1017px\" \/><\/div><\/div><\/div><\/div><div class=\"flex_column av_one_full  flex_column_div av-zero-column-padding first  avia-builder-el-2  el_after_av_one_full  el_before_av_one_full  column-top-margin\" style='border-radius:0px; '><section class=\"av_textblock_section \"  itemscope=\"itemscope\" itemtype=\"https:\/\/schema.org\/BlogPosting\" itemprop=\"blogPost\" ><div class='avia_textblock  '   itemprop=\"text\" ><p style=\"text-align: center;\"><span style=\"font-size: 18pt;\"><b>Mesa Interinstitucional por la Infancia conoci\u00f3 detalles del nuevo Servicio Mejor Ni\u00f1ez\u00a0<\/b><\/span><\/p>\n<div id=\"gtx-trans\" style=\"position: absolute; left: -50px; top: 4.31534px;\">\n<div class=\"gtx-trans-icon\"><\/div>\n<\/div>\n<\/div><\/section><\/div><div class=\"flex_column av_one_full  flex_column_div av-zero-column-padding first  avia-builder-el-4  el_after_av_one_full  el_before_av_hr  column-top-margin\" style='border-radius:0px; '><section class=\"av_textblock_section \"  itemscope=\"itemscope\" itemtype=\"https:\/\/schema.org\/BlogPosting\" itemprop=\"blogPost\" ><div class='avia_textblock  '   itemprop=\"text\" ><p style=\"font-weight: 400; text-align: justify;\">Con una amplia participaci\u00f3n de los integrantes de la mesa interinstitucional por la infancia de la regi\u00f3n de Ays\u00e9n se llev\u00f3 a cabo la tercera sesi\u00f3n del presente a\u00f1o en raz\u00f3n a dos tem\u00e1ticas: conocer en detalle la implementaci\u00f3n del nuevo servicio Mejor Ni\u00f1ez y la presentaci\u00f3n del levantamiento de necesidades del Servicio de Salud Ays\u00e9n en la coordinaci\u00f3n y trabajo en red de derivaciones judiciales de ni\u00f1os, ni\u00f1as y adolescentes.<\/p>\n<p style=\"font-weight: 400; text-align: justify;\">La instancia, de car\u00e1cter virtual, fue encabezada por la presidenta de la Corte de Apelaciones de Coyhaique, ministra Natalia Rencoret Oliva; el seremi de justicia y derechos humanos Luis Prieto Epuyao, y cont\u00f3 con la presencia de la directora implementadora del servicio Mejor Ni\u00f1ez Mar\u00eda Jos\u00e9 Castro, como tambi\u00e9n de la jefa de unidad del Acta 37 de la Corte Suprema, Fabiola Gonz\u00e1lez Corominas.<\/p>\n<p style=\"font-weight: 400; text-align: justify;\">Respecto a la nueva institucionalidad que reemplazar\u00e1 al actual Sename, fue la propia directora nacional junto a su equipo de trabajo quienes expusieron y respondieron las dudas y consultas sobre los principales alcances de Mejor Ni\u00f1ez, servicio que estar\u00e1 bajo el alero del Ministerio de Desarrollo Social y Familia, y que desde el 1 de octubre pr\u00f3ximo comienza su implementaci\u00f3n a nivel nacional.<\/p>\n<p style=\"font-weight: 400; text-align: justify;\">De igual manera, se hizo la presentaci\u00f3n de los profesionales que en la regi\u00f3n estar\u00e1n a cargo de la puesta en marcha de este nuevo servicio que busca que ni\u00f1os, ni\u00f1as y adolescentes sean considerados como sujetos de derecho.<\/p>\n<p style=\"font-weight: 400; text-align: justify;\">En tanto, y tras solicitud en la sesi\u00f3n anterior de la ministra Natalia Rencoret, el Servicio de Salud de Ays\u00e9n en el contexto de un trabajo colaborativo entre las instituciones relacionadas con ni\u00f1os, ni\u00f1as y adolescentes, hizo una presentaci\u00f3n respecto a las principales necesidades en la coordinaci\u00f3n y el trabajo en red para las derivaciones judiciales de aquellos menores que requieren de una intervenci\u00f3n.<\/p>\n<p style=\"font-weight: 400; text-align: justify;\">Junto con agradecer por la concurrencia, la ministra Rencoret sostuvo que: \u201cEn esta tercera reuni\u00f3n del a\u00f1o tratamos dos temas de suma relevancia que nos involucran y comprometen institucionalmente, desafi\u00e1ndonos a realizar un aporte y mejora constante en procesos reparatorios o intervenciones que involucran a ni\u00f1os, ni\u00f1as y adolescentes\u201d.<\/p>\n<p style=\"font-weight: 400; text-align: justify;\">\u201cAcciones conjuntas como las que hemos iniciado con el equipo del servicio de salud y gesti\u00f3n intersectorial SENAME-Salud, son reflejo de uno de los grandes valores que destaco en esta jurisdicci\u00f3n y que se refiere a la disposici\u00f3n para trabajar conjuntamente. Agradezco el trabajo de la comisi\u00f3n de Salud, quienes nos han ayudado a dibujar los primeros trazos para un camino con miras a mejorar u optimizar nuestros procesos. Sabemos cu\u00e1n recargado se mantiene el sector salud a prop\u00f3sito de la pandemia por el COVID-19, sin embargo, han sido participantes activos de esta primera tarea de ponernos de acuerdo en aquello que es necesario implementar para coordinarnos mejor, lo que sin duda conformar\u00e1 la base de un trabajo que seguiremos desarrollando en conjunto, de manera sistem\u00e1tica y participativa\u201d, concluy\u00f3.<\/p>\n<\/div><\/section><\/div><div  style='height:50px' class='hr hr-invisible   avia-builder-el-6  el_after_av_one_full  el_before_av_social_share '><span class='hr-inner ' ><span class='hr-inner-style'><\/span><\/span><\/div><\/p>\n<div  class='av-social-sharing-box  avia-builder-el-7  el_after_av_hr  el_before_av_hr  '><div class='av-share-box'><h5 class='av-share-link-description av-no-toc '>Compartir esta noticia<\/h5><ul class='av-share-box-list noLightbox'><li class='av-share-link av-social-link-facebook' ><a target=\"_blank\" aria-label=\"Compartir en Facebook\" href='https:\/\/www.facebook.com\/sharer.php?u=https:\/\/radiorevelacionfm.cl\/?p=5982&#038;t=Mesa%20Interinstitucional%20por%20la%20Infancia%20conoci%C3%B3%20detalles%20del%20nuevo%20Servicio%20Mejor%20Ni%C3%B1ez' aria-hidden='false' data-av_icon='\ue8f3' data-av_iconfont='entypo-fontello' title='' data-avia-related-tooltip='Compartir en Facebook' rel=\"noopener\"><span class='avia_hidden_link_text'>Compartir en Facebook<\/span><\/a><\/li><li class='av-share-link av-social-link-twitter' ><a target=\"_blank\" aria-label=\"Compartir en Twitter\" href='https:\/\/twitter.com\/share?text=Mesa%20Interinstitucional%20por%20la%20Infancia%20conoci%C3%B3%20detalles%20del%20nuevo%20Servicio%20Mejor%20Ni%C3%B1ez&#038;url=https:\/\/radiorevelacionfm.cl\/?p=5982' aria-hidden='false' data-av_icon='\ue8f1' data-av_iconfont='entypo-fontello' title='' data-avia-related-tooltip='Compartir en Twitter' rel=\"noopener\"><span class='avia_hidden_link_text'>Compartir en Twitter<\/span><\/a><\/li><li class='av-share-link av-social-link-whatsapp' ><a target=\"_blank\" aria-label=\"Compartir en Whatsapp\" href='https:\/\/api.whatsapp.com\/send?text=https:\/\/radiorevelacionfm.cl\/?p=5982' aria-hidden='false' data-av_icon='\uf232' data-av_iconfont='entypo-fontello' title='' data-avia-related-tooltip='Compartir en Whatsapp' rel=\"noopener\"><span class='avia_hidden_link_text'>Compartir en Whatsapp<\/span><\/a><\/li><li class='av-share-link av-social-link-linkedin' ><a target=\"_blank\" aria-label=\"Compartir en LinkedIn\" href='https:\/\/linkedin.com\/shareArticle?mini=true&#038;title=Mesa%20Interinstitucional%20por%20la%20Infancia%20conoci%C3%B3%20detalles%20del%20nuevo%20Servicio%20Mejor%20Ni%C3%B1ez&#038;url=https:\/\/radiorevelacionfm.cl\/?p=5982' aria-hidden='false' data-av_icon='\ue8fc' data-av_iconfont='entypo-fontello' title='' data-avia-related-tooltip='Compartir en LinkedIn' rel=\"noopener\"><span class='avia_hidden_link_text'>Compartir en LinkedIn<\/span><\/a><\/li><li class='av-share-link av-social-link-mail' ><a  aria-label=\"Compartir por correo\" href='mailto:?subject=Mesa%20Interinstitucional%20por%20la%20Infancia%20conoci%C3%B3%20detalles%20del%20nuevo%20Servicio%20Mejor%20Ni%C3%B1ez&#038;body=https:\/\/radiorevelacionfm.cl\/?p=5982' aria-hidden='false' data-av_icon='\ue805' data-av_iconfont='entypo-fontello' title='' data-avia-related-tooltip='Compartir por correo'><span class='avia_hidden_link_text'>Compartir por correo<\/span><\/a><\/li><\/ul><\/div><\/div>\n<div  style='height:50px' class='hr hr-invisible   avia-builder-el-8  el_after_av_social_share  el_before_av_comments_list '><span class='hr-inner ' ><span class='hr-inner-style'><\/span><\/span><\/div>\n<div  class='av-buildercomment  av-blog-meta-html-info-disabled av-blog-meta-tag-disabled  '><\/div>\n","protected":false},"excerpt":{"rendered":"","protected":false},"author":1,"featured_media":5983,"comment_status":"open","ping_status":"open","sticky":false,"template":"","format":"standard","meta":{"footnotes":""},"categories":[55],"tags":[],"class_list":["post-5982","post","type-post","status-publish","format-standard","has-post-thumbnail","hentry","category-justicia"],"jetpack_featured_media_url":"https:\/\/radiorevelacionfm.cl\/wp-content\/uploads\/2021\/07\/foto-mesa-por-la-infancia-zoom-1_optimized.jpg","_links":{"self":[{"href":"https:\/\/radiorevelacionfm.cl\/index.php?rest_route=\/wp\/v2\/posts\/5982","targetHints":{"allow":["GET"]}}],"collection":[{"href":"https:\/\/radiorevelacionfm.cl\/index.php?rest_route=\/wp\/v2\/posts"}],"about":[{"href":"https:\/\/radiorevelacionfm.cl\/index.php?rest_route=\/wp\/v2\/types\/post"}],"author":[{"embeddable":true,"href":"https:\/\/radiorevelacionfm.cl\/index.php?rest_route=\/wp\/v2\/users\/1"}],"replies":[{"embeddable":true,"href":"https:\/\/radiorevelacionfm.cl\/index.php?rest_route=%2Fwp%2Fv2%2Fcomments&post=5982"}],"version-history":[{"count":1,"href":"https:\/\/radiorevelacionfm.cl\/index.php?rest_route=\/wp\/v2\/posts\/5982\/revisions"}],"predecessor-version":[{"id":5984,"href":"https:\/\/radiorevelacionfm.cl\/index.php?rest_route=\/wp\/v2\/posts\/5982\/revisions\/5984"}],"wp:featuredmedia":[{"embeddable":true,"href":"https:\/\/radiorevelacionfm.cl\/index.php?rest_route=\/wp\/v2\/media\/5983"}],"wp:attachment":[{"href":"https:\/\/radiorevelacionfm.cl\/index.php?rest_route=%2Fwp%2Fv2%2Fmedia&parent=5982"}],"wp:term":[{"taxonomy":"category","embeddable":true,"href":"https:\/\/radiorevelacionfm.cl\/index.php?rest_route=%2Fwp%2Fv2%2Fcategories&post=5982"},{"taxonomy":"post_tag","embeddable":true,"href":"https:\/\/radiorevelacionfm.cl\/index.php?rest_route=%2Fwp%2Fv2%2Ftags&post=5982"}],"curies":[{"name":"wp","href":"https:\/\/api.w.org\/{rel}","templated":true}]}}