{"id":59813,"date":"2025-10-02T10:39:33","date_gmt":"2025-10-02T13:39:33","guid":{"rendered":"https:\/\/radiorevelacionfm.cl\/?p=59813"},"modified":"2025-10-02T10:39:33","modified_gmt":"2025-10-02T13:39:33","slug":"campana-educativa-de-reciclaje-movilizo-a-vecinos-de-puerto-puyuhuapi","status":"publish","type":"post","link":"https:\/\/radiorevelacionfm.cl\/?p=59813","title":{"rendered":"Campa\u00f1a educativa de reciclaje moviliz\u00f3 a vecinos de Puerto Puyuhuapi"},"content":{"rendered":"<div class=\"flex_column av_one_full  flex_column_div av-zero-column-padding first  avia-builder-el-0  el_before_av_one_full  avia-builder-el-first  \" style='border-radius:0px; '><div  class='avia-image-container  av-styling-    avia-builder-el-1  avia-builder-el-no-sibling  avia-align-center '  itemprop=\"image\" itemscope=\"itemscope\" itemtype=\"https:\/\/schema.org\/ImageObject\"  ><div class='avia-image-container-inner'><div class='avia-image-overlay-wrap'><img decoding=\"async\" class='wp-image-59814 avia-img-lazy-loading-not-59814 avia_image' src=\"https:\/\/radiorevelacionfm.cl\/wp-content\/uploads\/2025\/10\/3-2025-10-02t103710_optimized.037-1.jpg\" alt='' title='3---2025-10-02t103710_optimized.037-(1)' height=\"600\" width=\"1079\"  itemprop=\"thumbnailUrl\" srcset=\"https:\/\/radiorevelacionfm.cl\/wp-content\/uploads\/2025\/10\/3-2025-10-02t103710_optimized.037-1.jpg 1079w, https:\/\/radiorevelacionfm.cl\/wp-content\/uploads\/2025\/10\/3-2025-10-02t103710_optimized.037-1-300x167.jpg 300w, https:\/\/radiorevelacionfm.cl\/wp-content\/uploads\/2025\/10\/3-2025-10-02t103710_optimized.037-1-1030x573.jpg 1030w, https:\/\/radiorevelacionfm.cl\/wp-content\/uploads\/2025\/10\/3-2025-10-02t103710_optimized.037-1-768x427.jpg 768w, https:\/\/radiorevelacionfm.cl\/wp-content\/uploads\/2025\/10\/3-2025-10-02t103710_optimized.037-1-705x392.jpg 705w, https:\/\/radiorevelacionfm.cl\/wp-content\/uploads\/2025\/10\/3-2025-10-02t103710_optimized.037-1-450x250.jpg 450w, https:\/\/radiorevelacionfm.cl\/wp-content\/uploads\/2025\/10\/3-2025-10-02t103710_optimized.037-1-600x334.jpg 600w\" sizes=\"(max-width: 1079px) 100vw, 1079px\" \/><\/div><\/div><\/div><\/div><div class=\"flex_column av_one_full  flex_column_div av-zero-column-padding first  avia-builder-el-2  el_after_av_one_full  el_before_av_one_full  column-top-margin\" style='border-radius:0px; '><section class=\"av_textblock_section \"  itemscope=\"itemscope\" itemtype=\"https:\/\/schema.org\/BlogPosting\" itemprop=\"blogPost\" ><div class='avia_textblock  '   itemprop=\"text\" ><p style=\"text-align: center;\"><strong><span style=\"font-size: 18pt;\">Campa\u00f1a educativa de reciclaje moviliz\u00f3 a vecinos de Puerto Puyuhuapi<\/span><\/strong><\/p>\n<div id=\"gtx-trans\" style=\"position: absolute; left: -50px; top: 4.31534px;\">\n<div class=\"gtx-trans-icon\"><\/div>\n<\/div>\n<\/div><\/section><\/div><div class=\"flex_column av_one_full  flex_column_div av-zero-column-padding first  avia-builder-el-4  el_after_av_one_full  el_before_av_hr  column-top-margin\" style='border-radius:0px; '><section class=\"av_textblock_section \"  itemscope=\"itemscope\" itemtype=\"https:\/\/schema.org\/BlogPosting\" itemprop=\"blogPost\" ><div class='avia_textblock  '   itemprop=\"text\" ><p style=\"text-align: justify;\">La empresa \u201cReciclajes Martino\u201d y la agrupaci\u00f3n Barrios Comerciales de la localidad de Puyuhuapi se unieron en un nuevo desaf\u00edo medio ambiental, llevando a cabo, recientemente, una campa\u00f1a educativa y formativa sobre la importancia de la reutilizaci\u00f3n y reciclaje de residuos domiciliarios inorg\u00e1nicos, en la hermosa localidad tur\u00edstica de la Regi\u00f3n de Ays\u00e9n.<\/p>\n<p style=\"text-align: justify;\">La iniciativa se enmarca en el proyecto \u201cRecicla con el Barrio Comercial\u201d, financiado por el 8% del FNDR del Gobierno Regional de Ays\u00e9n, el cual \u00a0contempl\u00f3 la\u00a0 realizaci\u00f3n de talleres de concientizaci\u00f3n ambiental, con la participaci\u00f3n de ni\u00f1as y \u00a0ni\u00f1os del \u00a0Jard\u00edn Infantil \u201cT\u00eda Nora\u201d, as\u00ed como la recolecci\u00f3n entretenida a cargo del emblem\u00e1tico trencito ecol\u00f3gico que se traslad\u00f3 desde Puerto Ays\u00e9n para recorrer las calles de Puyuhuapi.<\/p>\n<p style=\"text-align: justify;\">Para Juana Altamirano, Presidenta de Barrios Comerciales en Puyuhuapi, es de suma importancia la sustentabilidad del turismo en la zona y para ello considera que es necesario crear conciencia de reciclaje, entre los\u00a0 ni\u00f1os, j\u00f3venes y adultos de la localidad. Principalmente, indica, \u201cporque la llegada de turistas se promueve con estas buenas pr\u00e1cticas entre los miembros de nuestra comunidad, permite la valoraci\u00f3n por parte de ellos,\u00a0 de nuestro entorno \u00a0natural y la belleza paisaj\u00edstica. Tambi\u00e9n quiero destacar la permanente colaboraci\u00f3n de Don Christian Martino con su trencito ecol\u00f3gico y la motivaci\u00f3n que infunde en los ni\u00f1os para proteger el medio ambiente, as\u00ed como tambi\u00e9n las charlas educativas del reciclaje que buscan crear conciencia ambiental entre nuestros vecinos \u201d, expres\u00f3.<\/p>\n<p style=\"text-align: justify;\"><strong>RECICLANDO DESDE EL HOGAR<\/strong><\/p>\n<p style=\"text-align: justify;\">La campa\u00f1a incluy\u00f3, como parte del proyecto, la entrega de un set de bolsas reutilizables para el reciclaje en el hogar, que permitir\u00e1n a los residentes separar y clasificar los residuos domiciliarios, como pl\u00e1stico, vidrio, latas, papel y cart\u00f3n, en forma ordenada y segura en un punto limpio habilitado al interior de sus propias casas.<\/p>\n<p style=\"text-align: justify;\">Estos residuos ser\u00e1n llevados, posteriormente, hasta los dos puntos limpios existentes en la localidad de Puyuhuapi, donde se almacenan de manera adecuada, para su retiro y disposici\u00f3n final. La colaboraci\u00f3n entre la empresa de reciclajes Martino y la agrupaci\u00f3n Barrios Comerciales fue fundamental para el \u00e9xito de esta iniciativa. As\u00ed lo reconoci\u00f3 Christian Martino, quien valor\u00f3 el inter\u00e9s de la comunidad y sus dirigentes por\u00a0 promover esta campa\u00f1a en Puyuhuapi. \u201cQuiero destacar el gran trabajo colaborativo que se est\u00e1 llevando a cabo en esta localidad, el cual se inicia desde la propia comunidad y sus dirigentes, como por ejemplo la agrupaci\u00f3n <em>Barrio Comerciales y <\/em>su presidenta la se\u00f1ora Juana Altamirano, quienes se preocupan de mantener su entorno limpio y libre de residuos, ayudando tambi\u00e9n a la descontaminaci\u00f3n del Planeta. Con el apoyo adem\u00e1s del\u00a0 municipio de Cisnes y el sector privado que tambi\u00e9n se han hecho part\u00edcipes, por ejemplo, en la instalaci\u00f3n de\u00a0 puntos limpios comunitarios y ba\u00f1os p\u00fablicos para los turistas que recorren la zona\u201d, agreg\u00f3 el gestor de residuos de Ays\u00e9n.<\/p>\n<p style=\"text-align: justify;\">Los organizadores de la campa\u00f1a educativa y formativa del reciclaje en Puyuhuapi, concordaron que \u00e9sta constituye un paso importante hacia la creaci\u00f3n de una cultura de reciclaje y sostenibilidad entre los vecinos de esa comunidad de la Regi\u00f3n de Ays\u00e9n.<\/p>\n<\/div><\/section><\/div><div  style='height:50px' class='hr hr-invisible   avia-builder-el-6  el_after_av_one_full  el_before_av_social_share '><span class='hr-inner ' ><span class='hr-inner-style'><\/span><\/span><\/div><\/p>\n<div  class='av-social-sharing-box  avia-builder-el-7  el_after_av_hr  el_before_av_hr  '><div class='av-share-box'><h5 class='av-share-link-description av-no-toc '>Compartir esta noticia<\/h5><ul class='av-share-box-list noLightbox'><li class='av-share-link av-social-link-facebook' ><a target=\"_blank\" aria-label=\"Compartir en Facebook\" href='https:\/\/www.facebook.com\/sharer.php?u=https:\/\/radiorevelacionfm.cl\/?p=59813&#038;t=Campa%C3%B1a%20educativa%20de%20reciclaje%20moviliz%C3%B3%20a%20vecinos%20de%20Puerto%20Puyuhuapi' aria-hidden='false' data-av_icon='\ue8f3' data-av_iconfont='entypo-fontello' title='' data-avia-related-tooltip='Compartir en Facebook' rel=\"noopener\"><span class='avia_hidden_link_text'>Compartir en Facebook<\/span><\/a><\/li><li class='av-share-link av-social-link-twitter' ><a target=\"_blank\" aria-label=\"Compartir en Twitter\" href='https:\/\/twitter.com\/share?text=Campa%C3%B1a%20educativa%20de%20reciclaje%20moviliz%C3%B3%20a%20vecinos%20de%20Puerto%20Puyuhuapi&#038;url=https:\/\/radiorevelacionfm.cl\/?p=59813' aria-hidden='false' data-av_icon='\ue8f1' data-av_iconfont='entypo-fontello' title='' data-avia-related-tooltip='Compartir en Twitter' rel=\"noopener\"><span class='avia_hidden_link_text'>Compartir en Twitter<\/span><\/a><\/li><li class='av-share-link av-social-link-whatsapp' ><a target=\"_blank\" aria-label=\"Compartir en Whatsapp\" href='https:\/\/api.whatsapp.com\/send?text=https:\/\/radiorevelacionfm.cl\/?p=59813' aria-hidden='false' data-av_icon='\uf232' data-av_iconfont='entypo-fontello' title='' data-avia-related-tooltip='Compartir en Whatsapp' rel=\"noopener\"><span class='avia_hidden_link_text'>Compartir en Whatsapp<\/span><\/a><\/li><li class='av-share-link av-social-link-linkedin' ><a target=\"_blank\" aria-label=\"Compartir en LinkedIn\" href='https:\/\/linkedin.com\/shareArticle?mini=true&#038;title=Campa%C3%B1a%20educativa%20de%20reciclaje%20moviliz%C3%B3%20a%20vecinos%20de%20Puerto%20Puyuhuapi&#038;url=https:\/\/radiorevelacionfm.cl\/?p=59813' aria-hidden='false' data-av_icon='\ue8fc' data-av_iconfont='entypo-fontello' title='' data-avia-related-tooltip='Compartir en LinkedIn' rel=\"noopener\"><span class='avia_hidden_link_text'>Compartir en LinkedIn<\/span><\/a><\/li><li class='av-share-link av-social-link-mail' ><a  aria-label=\"Compartir por correo\" href='mailto:?subject=Campa%C3%B1a%20educativa%20de%20reciclaje%20moviliz%C3%B3%20a%20vecinos%20de%20Puerto%20Puyuhuapi&#038;body=https:\/\/radiorevelacionfm.cl\/?p=59813' aria-hidden='false' data-av_icon='\ue805' data-av_iconfont='entypo-fontello' title='' data-avia-related-tooltip='Compartir por correo'><span class='avia_hidden_link_text'>Compartir por correo<\/span><\/a><\/li><\/ul><\/div><\/div>\n<div  style='height:50px' class='hr hr-invisible   avia-builder-el-8  el_after_av_social_share  el_before_av_comments_list '><span class='hr-inner ' ><span class='hr-inner-style'><\/span><\/span><\/div>\n<div  class='av-buildercomment  av-blog-meta-html-info-disabled av-blog-meta-tag-disabled  '><\/div>\n","protected":false},"excerpt":{"rendered":"","protected":false},"author":1,"featured_media":59814,"comment_status":"closed","ping_status":"closed","sticky":false,"template":"","format":"standard","meta":{"footnotes":""},"categories":[38],"tags":[],"class_list":["post-59813","post","type-post","status-publish","format-standard","has-post-thumbnail","hentry","category-regional"],"jetpack_featured_media_url":"https:\/\/radiorevelacionfm.cl\/wp-content\/uploads\/2025\/10\/3-2025-10-02t103710_optimized.037-1.jpg","_links":{"self":[{"href":"https:\/\/radiorevelacionfm.cl\/index.php?rest_route=\/wp\/v2\/posts\/59813","targetHints":{"allow":["GET"]}}],"collection":[{"href":"https:\/\/radiorevelacionfm.cl\/index.php?rest_route=\/wp\/v2\/posts"}],"about":[{"href":"https:\/\/radiorevelacionfm.cl\/index.php?rest_route=\/wp\/v2\/types\/post"}],"author":[{"embeddable":true,"href":"https:\/\/radiorevelacionfm.cl\/index.php?rest_route=\/wp\/v2\/users\/1"}],"replies":[{"embeddable":true,"href":"https:\/\/radiorevelacionfm.cl\/index.php?rest_route=%2Fwp%2Fv2%2Fcomments&post=59813"}],"version-history":[{"count":2,"href":"https:\/\/radiorevelacionfm.cl\/index.php?rest_route=\/wp\/v2\/posts\/59813\/revisions"}],"predecessor-version":[{"id":59816,"href":"https:\/\/radiorevelacionfm.cl\/index.php?rest_route=\/wp\/v2\/posts\/59813\/revisions\/59816"}],"wp:featuredmedia":[{"embeddable":true,"href":"https:\/\/radiorevelacionfm.cl\/index.php?rest_route=\/wp\/v2\/media\/59814"}],"wp:attachment":[{"href":"https:\/\/radiorevelacionfm.cl\/index.php?rest_route=%2Fwp%2Fv2%2Fmedia&parent=59813"}],"wp:term":[{"taxonomy":"category","embeddable":true,"href":"https:\/\/radiorevelacionfm.cl\/index.php?rest_route=%2Fwp%2Fv2%2Fcategories&post=59813"},{"taxonomy":"post_tag","embeddable":true,"href":"https:\/\/radiorevelacionfm.cl\/index.php?rest_route=%2Fwp%2Fv2%2Ftags&post=59813"}],"curies":[{"name":"wp","href":"https:\/\/api.w.org\/{rel}","templated":true}]}}