{"id":59807,"date":"2025-10-02T15:11:29","date_gmt":"2025-10-02T18:11:29","guid":{"rendered":"https:\/\/radiorevelacionfm.cl\/?p=59807"},"modified":"2025-10-02T15:11:29","modified_gmt":"2025-10-02T18:11:29","slug":"senadora-ordenes-y-ley-de-presupuestos-2026-vamos-a-seguir-empujando-temas-de-salud-infraestructura-y-conectividad","status":"publish","type":"post","link":"https:\/\/radiorevelacionfm.cl\/?p=59807","title":{"rendered":"Senadora \u00d3rdenes y Ley de Presupuestos 2026: \u201cVamos a seguir empujando temas de salud, infraestructura y conectividad\u201d"},"content":{"rendered":"<div class=\"flex_column av_one_full  flex_column_div av-zero-column-padding first  avia-builder-el-0  el_before_av_one_full  avia-builder-el-first  \" style='border-radius:0px; '><div  class='avia-image-container  av-styling-    avia-builder-el-1  avia-builder-el-no-sibling  avia-align-center '  itemprop=\"image\" itemscope=\"itemscope\" itemtype=\"https:\/\/schema.org\/ImageObject\"  ><div class='avia-image-container-inner'><div class='avia-image-overlay-wrap'><img decoding=\"async\" class='wp-image-59808 avia-img-lazy-loading-not-59808 avia_image' src=\"https:\/\/radiorevelacionfm.cl\/wp-content\/uploads\/2025\/10\/FOTO-21-1-1.jpeg\" alt='' title='FOTO (21) (1) (1)' height=\"600\" width=\"898\"  itemprop=\"thumbnailUrl\" srcset=\"https:\/\/radiorevelacionfm.cl\/wp-content\/uploads\/2025\/10\/FOTO-21-1-1.jpeg 898w, https:\/\/radiorevelacionfm.cl\/wp-content\/uploads\/2025\/10\/FOTO-21-1-1-300x200.jpeg 300w, https:\/\/radiorevelacionfm.cl\/wp-content\/uploads\/2025\/10\/FOTO-21-1-1-768x513.jpeg 768w, https:\/\/radiorevelacionfm.cl\/wp-content\/uploads\/2025\/10\/FOTO-21-1-1-705x471.jpeg 705w, https:\/\/radiorevelacionfm.cl\/wp-content\/uploads\/2025\/10\/FOTO-21-1-1-450x301.jpeg 450w, https:\/\/radiorevelacionfm.cl\/wp-content\/uploads\/2025\/10\/FOTO-21-1-1-600x401.jpeg 600w\" sizes=\"(max-width: 898px) 100vw, 898px\" \/><\/div><\/div><\/div><\/div><div class=\"flex_column av_one_full  flex_column_div av-zero-column-padding first  avia-builder-el-2  el_after_av_one_full  el_before_av_one_full  column-top-margin\" style='border-radius:0px; '><section class=\"av_textblock_section \"  itemscope=\"itemscope\" itemtype=\"https:\/\/schema.org\/BlogPosting\" itemprop=\"blogPost\" ><div class='avia_textblock  '   itemprop=\"text\" ><p style=\"text-align: center;\"><strong><span style=\"font-size: 18pt;\">Senadora \u00d3rdenes y Ley de Presupuestos 2026: \u201cVamos a seguir empujando temas de salud, infraestructura y conectividad\u201d<\/span><\/strong><\/p>\n<div id=\"gtx-trans\" style=\"position: absolute; left: -50px; top: 4.31534px;\">\n<div class=\"gtx-trans-icon\"><\/div>\n<\/div>\n<\/div><\/section><\/div><div class=\"flex_column av_one_full  flex_column_div av-zero-column-padding first  avia-builder-el-4  el_after_av_one_full  el_before_av_hr  column-top-margin\" style='border-radius:0px; '><section class=\"av_textblock_section \"  itemscope=\"itemscope\" itemtype=\"https:\/\/schema.org\/BlogPosting\" itemprop=\"blogPost\" ><div class='avia_textblock  '   itemprop=\"text\" ><p style=\"text-align: justify;\">La senadora por la regi\u00f3n de Ays\u00e9n, Ximena Ordenes Neira, se refiri\u00f3 al mensaje presentado por el presidente de la Rep\u00fablica ante el Congreso sobre la Ley de Presupuestos para el a\u00f1o 2026. La legisladora e integrante de la instancia mixta a cargo de discutir las diferentes glosas, sostuvo que, de cara a la discusi\u00f3n de esta ley, los \u00e9nfasis tienen que estar puestos en la responsabilidad fiscal, sin dejar de lado la responsabilidad social.<\/p>\n<p style=\"text-align: justify;\">\u201cPara nosotros hay ciertos est\u00e1ndares que creo hay que cautelar, particularmente, que en vez de recortar, se aumenten los montos para los sectores de Salud, para el Plan Habitacional, para reforzar la seguridad en la regi\u00f3n de Ays\u00e9n\u201d, se\u00f1al\u00f3 Ordenes, quien tambi\u00e9n hizo referencia a lo anunciado semanas atr\u00e1s sobre el recorte a algunos gobiernos regionales, entre los que destac\u00f3 el de Ays\u00e9n con cerca de siete puntos menos.<\/p>\n<p style=\"text-align: justify;\">\u201cMe parece que lo que se hab\u00eda anunciado como recorte al Gobierno Regional de Ays\u00e9n es algo que tenemos que rectificar\u201d, se\u00f1al\u00f3 la representante aysenina en el Senado. \u201cY por supuesto, defender los presupuestos para vivienda, que no solo son nuevas viviendas, sino tambi\u00e9n mejoramientos t\u00e9rmicos, que han sido tan virtuosos como pol\u00edtica p\u00fablica, particularmente en zonas extremas\u201d, insisti\u00f3.<\/p>\n<p style=\"text-align: justify;\">La ley de presupuestos es la norma legal m\u00e1s importante de la Rep\u00fablica, en la que se define el destino de los recurso que el pa\u00eds invierte a\u00f1o a a\u00f1o en el desarrollo social y econ\u00f3mico. Ante el recorte de m\u00e1s de $5.600 millones del presupuesto destinado a la regi\u00f3n de Ays\u00e9n, la senadora Ordenes ya advirti\u00f3 que esto afectar\u00eda la necesaria inversi\u00f3n social en la regi\u00f3n.<\/p>\n<p style=\"text-align: justify;\">\u201cComo ya lo hicimos el a\u00f1o pasado, vamos a seguir empujando temas de salud, sobre todo en reducci\u00f3n de las listas de espera. Tambi\u00e9n, en todas aquellas inversiones que generen crecimiento, particularmente infraestructura y conectividad\u201d, manifest\u00f3 la parlamentaria, quien siendo integrante de la Cuarta Subcomisi\u00f3n, ser\u00e1 parte de la discusi\u00f3n de las partidas de Educaci\u00f3n, Vivienda, Ciencias, Servel y de los Gobiernos regionales, entre otros.<\/p>\n<\/div><\/section><\/div><div  style='height:50px' class='hr hr-invisible   avia-builder-el-6  el_after_av_one_full  el_before_av_social_share '><span class='hr-inner ' ><span class='hr-inner-style'><\/span><\/span><\/div><\/p>\n<div  class='av-social-sharing-box  avia-builder-el-7  el_after_av_hr  el_before_av_hr  '><div class='av-share-box'><h5 class='av-share-link-description av-no-toc '>Compartir esta noticia<\/h5><ul class='av-share-box-list noLightbox'><li class='av-share-link av-social-link-facebook' ><a target=\"_blank\" aria-label=\"Compartir en Facebook\" href='https:\/\/www.facebook.com\/sharer.php?u=https:\/\/radiorevelacionfm.cl\/?p=59807&#038;t=Senadora%20%C3%93rdenes%20y%20Ley%20de%20Presupuestos%202026%3A%20%E2%80%9CVamos%20a%20seguir%20empujando%20temas%20de%20salud%2C%20infraestructura%20y%20conectividad%E2%80%9D' aria-hidden='false' data-av_icon='\ue8f3' data-av_iconfont='entypo-fontello' title='' data-avia-related-tooltip='Compartir en Facebook' rel=\"noopener\"><span class='avia_hidden_link_text'>Compartir en Facebook<\/span><\/a><\/li><li class='av-share-link av-social-link-twitter' ><a target=\"_blank\" aria-label=\"Compartir en Twitter\" href='https:\/\/twitter.com\/share?text=Senadora%20%C3%93rdenes%20y%20Ley%20de%20Presupuestos%202026%3A%20%E2%80%9CVamos%20a%20seguir%20empujando%20temas%20de%20salud%2C%20infraestructura%20y%20conectividad%E2%80%9D&#038;url=https:\/\/radiorevelacionfm.cl\/?p=59807' aria-hidden='false' data-av_icon='\ue8f1' data-av_iconfont='entypo-fontello' title='' data-avia-related-tooltip='Compartir en Twitter' rel=\"noopener\"><span class='avia_hidden_link_text'>Compartir en Twitter<\/span><\/a><\/li><li class='av-share-link av-social-link-whatsapp' ><a target=\"_blank\" aria-label=\"Compartir en Whatsapp\" href='https:\/\/api.whatsapp.com\/send?text=https:\/\/radiorevelacionfm.cl\/?p=59807' aria-hidden='false' data-av_icon='\uf232' data-av_iconfont='entypo-fontello' title='' data-avia-related-tooltip='Compartir en Whatsapp' rel=\"noopener\"><span class='avia_hidden_link_text'>Compartir en Whatsapp<\/span><\/a><\/li><li class='av-share-link av-social-link-linkedin' ><a target=\"_blank\" aria-label=\"Compartir en LinkedIn\" href='https:\/\/linkedin.com\/shareArticle?mini=true&#038;title=Senadora%20%C3%93rdenes%20y%20Ley%20de%20Presupuestos%202026%3A%20%E2%80%9CVamos%20a%20seguir%20empujando%20temas%20de%20salud%2C%20infraestructura%20y%20conectividad%E2%80%9D&#038;url=https:\/\/radiorevelacionfm.cl\/?p=59807' aria-hidden='false' data-av_icon='\ue8fc' data-av_iconfont='entypo-fontello' title='' data-avia-related-tooltip='Compartir en LinkedIn' rel=\"noopener\"><span class='avia_hidden_link_text'>Compartir en LinkedIn<\/span><\/a><\/li><li class='av-share-link av-social-link-mail' ><a  aria-label=\"Compartir por correo\" href='mailto:?subject=Senadora%20%C3%93rdenes%20y%20Ley%20de%20Presupuestos%202026%3A%20%E2%80%9CVamos%20a%20seguir%20empujando%20temas%20de%20salud%2C%20infraestructura%20y%20conectividad%E2%80%9D&#038;body=https:\/\/radiorevelacionfm.cl\/?p=59807' aria-hidden='false' data-av_icon='\ue805' data-av_iconfont='entypo-fontello' title='' data-avia-related-tooltip='Compartir por correo'><span class='avia_hidden_link_text'>Compartir por correo<\/span><\/a><\/li><\/ul><\/div><\/div>\n<div  style='height:50px' class='hr hr-invisible   avia-builder-el-8  el_after_av_social_share  el_before_av_comments_list '><span class='hr-inner ' ><span class='hr-inner-style'><\/span><\/span><\/div>\n<div  class='av-buildercomment  av-blog-meta-html-info-disabled av-blog-meta-tag-disabled  '><\/div>\n","protected":false},"excerpt":{"rendered":"","protected":false},"author":1,"featured_media":59808,"comment_status":"closed","ping_status":"closed","sticky":false,"template":"","format":"standard","meta":{"footnotes":""},"categories":[35],"tags":[],"class_list":["post-59807","post","type-post","status-publish","format-standard","has-post-thumbnail","hentry","category-politica"],"jetpack_featured_media_url":"https:\/\/radiorevelacionfm.cl\/wp-content\/uploads\/2025\/10\/FOTO-21-1-1.jpeg","_links":{"self":[{"href":"https:\/\/radiorevelacionfm.cl\/index.php?rest_route=\/wp\/v2\/posts\/59807","targetHints":{"allow":["GET"]}}],"collection":[{"href":"https:\/\/radiorevelacionfm.cl\/index.php?rest_route=\/wp\/v2\/posts"}],"about":[{"href":"https:\/\/radiorevelacionfm.cl\/index.php?rest_route=\/wp\/v2\/types\/post"}],"author":[{"embeddable":true,"href":"https:\/\/radiorevelacionfm.cl\/index.php?rest_route=\/wp\/v2\/users\/1"}],"replies":[{"embeddable":true,"href":"https:\/\/radiorevelacionfm.cl\/index.php?rest_route=%2Fwp%2Fv2%2Fcomments&post=59807"}],"version-history":[{"count":2,"href":"https:\/\/radiorevelacionfm.cl\/index.php?rest_route=\/wp\/v2\/posts\/59807\/revisions"}],"predecessor-version":[{"id":59834,"href":"https:\/\/radiorevelacionfm.cl\/index.php?rest_route=\/wp\/v2\/posts\/59807\/revisions\/59834"}],"wp:featuredmedia":[{"embeddable":true,"href":"https:\/\/radiorevelacionfm.cl\/index.php?rest_route=\/wp\/v2\/media\/59808"}],"wp:attachment":[{"href":"https:\/\/radiorevelacionfm.cl\/index.php?rest_route=%2Fwp%2Fv2%2Fmedia&parent=59807"}],"wp:term":[{"taxonomy":"category","embeddable":true,"href":"https:\/\/radiorevelacionfm.cl\/index.php?rest_route=%2Fwp%2Fv2%2Fcategories&post=59807"},{"taxonomy":"post_tag","embeddable":true,"href":"https:\/\/radiorevelacionfm.cl\/index.php?rest_route=%2Fwp%2Fv2%2Ftags&post=59807"}],"curies":[{"name":"wp","href":"https:\/\/api.w.org\/{rel}","templated":true}]}}