{"id":59804,"date":"2025-10-01T21:40:14","date_gmt":"2025-10-02T00:40:14","guid":{"rendered":"https:\/\/radiorevelacionfm.cl\/?p=59804"},"modified":"2025-10-01T21:40:14","modified_gmt":"2025-10-02T00:40:14","slug":"core-guglielmi-solicita-investigacion-por-recambio-de-calefactores-hay-miles-de-unidades-en-bodega","status":"publish","type":"post","link":"https:\/\/radiorevelacionfm.cl\/?p=59804","title":{"rendered":"CORE Guglielmi solicita investigaci\u00f3n por recambio de calefactores: Hay miles de unidades en bodega"},"content":{"rendered":"<div class=\"flex_column av_one_full  flex_column_div av-zero-column-padding first  avia-builder-el-0  el_before_av_one_full  avia-builder-el-first  \" style='border-radius:0px; '><div  class='avia-image-container  av-styling-    avia-builder-el-1  avia-builder-el-no-sibling  avia-align-center '  itemprop=\"image\" itemscope=\"itemscope\" itemtype=\"https:\/\/schema.org\/ImageObject\"  ><div class='avia-image-container-inner'><div class='avia-image-overlay-wrap'><img decoding=\"async\" class='wp-image-38418 avia-img-lazy-loading-not-38418 avia_image' src=\"https:\/\/radiorevelacionfm.cl\/wp-content\/uploads\/2023\/12\/CALEFACTORES-A-PELLET-1-1.jpg\" alt='' title='CALEFACTORES A PELLET (1) (1)' height=\"600\" width=\"1067\"  itemprop=\"thumbnailUrl\" srcset=\"https:\/\/radiorevelacionfm.cl\/wp-content\/uploads\/2023\/12\/CALEFACTORES-A-PELLET-1-1.jpg 1067w, https:\/\/radiorevelacionfm.cl\/wp-content\/uploads\/2023\/12\/CALEFACTORES-A-PELLET-1-1-300x169.jpg 300w, https:\/\/radiorevelacionfm.cl\/wp-content\/uploads\/2023\/12\/CALEFACTORES-A-PELLET-1-1-1030x579.jpg 1030w, https:\/\/radiorevelacionfm.cl\/wp-content\/uploads\/2023\/12\/CALEFACTORES-A-PELLET-1-1-768x432.jpg 768w, https:\/\/radiorevelacionfm.cl\/wp-content\/uploads\/2023\/12\/CALEFACTORES-A-PELLET-1-1-705x396.jpg 705w, https:\/\/radiorevelacionfm.cl\/wp-content\/uploads\/2023\/12\/CALEFACTORES-A-PELLET-1-1-450x253.jpg 450w, https:\/\/radiorevelacionfm.cl\/wp-content\/uploads\/2023\/12\/CALEFACTORES-A-PELLET-1-1-600x337.jpg 600w\" sizes=\"(max-width: 1067px) 100vw, 1067px\" \/><\/div><\/div><\/div><\/div><div class=\"flex_column av_one_full  flex_column_div av-zero-column-padding first  avia-builder-el-2  el_after_av_one_full  el_before_av_one_full  column-top-margin\" style='border-radius:0px; '><section class=\"av_textblock_section \"  itemscope=\"itemscope\" itemtype=\"https:\/\/schema.org\/BlogPosting\" itemprop=\"blogPost\" ><div class='avia_textblock  '   itemprop=\"text\" ><p style=\"text-align: center;\"><strong><span style=\"font-size: 18pt;\">CORE Guglielmi solicita investigaci\u00f3n por recambio de calefactores: Hay miles de unidades en bodega<\/span><\/strong><\/p>\n<div id=\"gtx-trans\" style=\"position: absolute; left: -50px; top: 4.31534px;\">\n<div class=\"gtx-trans-icon\"><\/div>\n<\/div>\n<\/div><\/section><\/div><div class=\"flex_column av_one_full  flex_column_div av-zero-column-padding first  avia-builder-el-4  el_after_av_one_full  el_before_av_hr  column-top-margin\" style='border-radius:0px; '><section class=\"av_textblock_section \"  itemscope=\"itemscope\" itemtype=\"https:\/\/schema.org\/BlogPosting\" itemprop=\"blogPost\" ><div class='avia_textblock  '   itemprop=\"text\" ><p style=\"text-align: justify;\"><em>Adem\u00e1s, la autoridad solicit\u00f3 un cambio en las bases del programa para que Pymes accedan al beneficio y usuarios puedan renovar sus calefactores antes adquiridos.<\/em><\/p>\n<p style=\"text-align: justify;\">Tras darse a conocer diversas dificultades que contin\u00faan postergando el Programa de Recambio de Calefactores por parte del Ministerio de Medio Ambiente, el Consejero Regional por la Provincia de Coyhaique, Pablo Guglielmi Asenjo, solicit\u00f3 al Gobierno Regional que se abra una investigaci\u00f3n para conocer d\u00f3nde se encuentran equipos de calefacci\u00f3n adquiridos, que se estiman ser\u00edan m\u00e1s de 5.000 entre l\u00ednea pellet y ecoaire. Adem\u00e1s pidi\u00f3 al pleno que se puedan incorporar a las Pymes al beneficio e incluso a usuarios que requieran renovar sus calefactores por el uso de los a\u00f1os.<\/p>\n<p style=\"text-align: justify;\">Sobre la propuesta, el consejero regional, Pablo Guglielmi, detall\u00f3 que \u201cdialogando con diversos emprendedores de la comuna de Coyhaique nos plantearon su preocupaci\u00f3n porque se les ha estado fiscalizando por tener calefactores a le\u00f1a, sin embargo, en un escenario econ\u00f3mico donde sus ingresos han ido a la baja a nuestro parecer no se les puede estar exigiendo este cambio, salvo que en una modificaci\u00f3n al Programa de Recambio de Calefactores se les pueda incorporar a quienes tengan un local establecido, cumplan con sus patentes al d\u00eda y est\u00e9n en la situaci\u00f3n de tener un calefactor a le\u00f1a en sus negocios, puesto que por su actividad diaria tienen estufas que suelen estar encendidas durante todo el d\u00eda\u201d.<\/p>\n<p style=\"text-align: justify;\">\u201cPor otro lado, hay familias que hace ya una d\u00e9cada recibieron sus calefactores de la l\u00ednea pellet, parafina o aire acondicionado, y por el paso de los a\u00f1os los equipos ya requieren de una renovaci\u00f3n. Sabemos que implica esto un alto costo para los bolsillos y adem\u00e1s, actualmente se est\u00e1 invirtiendo en la adquisici\u00f3n de equipos m\u00e1s modernos que tambi\u00e9n generan un menor gasto o consumo, haciendo su uso m\u00e1s eficiente, y aquello tambi\u00e9n permitir\u00e1 disminuir \u00edndices de contaminaci\u00f3n\u201d, agreg\u00f3 Guglielmi.<\/p>\n<p style=\"text-align: justify;\"><strong>SOLICITUD DE INVESTIGACI\u00d3N<\/strong><\/p>\n<p style=\"text-align: justify;\">En otra arista, se estima que hay 520 calefactores que a\u00fan no son entregados y se encuentran almacenados en bodegas en la Regi\u00f3n Metropolitana, a estos equipos, se suman otros 4.500 que fueron posteriormente adquiridos y se desconoce d\u00f3nde se encuentran almacenados y cu\u00e1ndo ser\u00e1n entregados.<\/p>\n<p style=\"text-align: justify;\">\u201cHay una situaci\u00f3n que nos preocupa, ya que conforme las \u00faltimas adquisiciones que el Ministerio de Medio Ambiente realiz\u00f3, hay m\u00e1s de 5.000 calefactores -se estiman-en total que se encuentran en bodegas en la Regi\u00f3n Metropolitana, no sabemos espec\u00edficamente d\u00f3nde est\u00e1n ubicados y por qu\u00e9 no han sido entregados a las familias de nuestra regi\u00f3n. Aqu\u00ed, hay recursos que tambi\u00e9n puso el Gobierno Regional y han pasado varios a\u00f1os de esta situaci\u00f3n, continu\u00e1ndose el gasto por conceptos de arriendo de bodega para su almacenamiento, mientras los niveles de contaminaci\u00f3n han seguido siendo cr\u00edticos durante los \u00faltimos 3 a\u00f1os\u201d.<\/p>\n<p style=\"text-align: justify;\">\u201cPor ello, he solicitado al Gobernador Regional, Marcelo Santana que se curse una investigaci\u00f3n para dar con los equipos y se puedan recuperar para que lleguen a las familias que es lo que corresponde. Nos pone en alarma esta situaci\u00f3n porque desconocemos las proporciones del gasto que estar\u00eda implicado esta falta de gesti\u00f3n de parte del Ministerio de Medio Ambiente y cabe preguntarse, \u00bfC\u00f3mo pretenden entregar esta cantidad de aqu\u00ed a antes que termine el actual gobierno?\u201d, concluy\u00f3 el CORE Pablo Guglielmi.<\/p>\n<\/div><\/section><\/div><div  style='height:50px' class='hr hr-invisible   avia-builder-el-6  el_after_av_one_full  el_before_av_social_share '><span class='hr-inner ' ><span class='hr-inner-style'><\/span><\/span><\/div><\/p>\n<div  class='av-social-sharing-box  avia-builder-el-7  el_after_av_hr  el_before_av_hr  '><div class='av-share-box'><h5 class='av-share-link-description av-no-toc '>Compartir esta noticia<\/h5><ul class='av-share-box-list noLightbox'><li class='av-share-link av-social-link-facebook' ><a target=\"_blank\" aria-label=\"Compartir en Facebook\" href='https:\/\/www.facebook.com\/sharer.php?u=https:\/\/radiorevelacionfm.cl\/?p=59804&#038;t=CORE%20Guglielmi%20solicita%20investigaci%C3%B3n%20por%20recambio%20de%20calefactores%3A%20Hay%20miles%20de%20unidades%20en%20bodega' aria-hidden='false' data-av_icon='\ue8f3' data-av_iconfont='entypo-fontello' title='' data-avia-related-tooltip='Compartir en Facebook' rel=\"noopener\"><span class='avia_hidden_link_text'>Compartir en Facebook<\/span><\/a><\/li><li class='av-share-link av-social-link-twitter' ><a target=\"_blank\" aria-label=\"Compartir en Twitter\" href='https:\/\/twitter.com\/share?text=CORE%20Guglielmi%20solicita%20investigaci%C3%B3n%20por%20recambio%20de%20calefactores%3A%20Hay%20miles%20de%20unidades%20en%20bodega&#038;url=https:\/\/radiorevelacionfm.cl\/?p=59804' aria-hidden='false' data-av_icon='\ue8f1' data-av_iconfont='entypo-fontello' title='' data-avia-related-tooltip='Compartir en Twitter' rel=\"noopener\"><span class='avia_hidden_link_text'>Compartir en Twitter<\/span><\/a><\/li><li class='av-share-link av-social-link-whatsapp' ><a target=\"_blank\" aria-label=\"Compartir en Whatsapp\" href='https:\/\/api.whatsapp.com\/send?text=https:\/\/radiorevelacionfm.cl\/?p=59804' aria-hidden='false' data-av_icon='\uf232' data-av_iconfont='entypo-fontello' title='' data-avia-related-tooltip='Compartir en Whatsapp' rel=\"noopener\"><span class='avia_hidden_link_text'>Compartir en Whatsapp<\/span><\/a><\/li><li class='av-share-link av-social-link-linkedin' ><a target=\"_blank\" aria-label=\"Compartir en LinkedIn\" href='https:\/\/linkedin.com\/shareArticle?mini=true&#038;title=CORE%20Guglielmi%20solicita%20investigaci%C3%B3n%20por%20recambio%20de%20calefactores%3A%20Hay%20miles%20de%20unidades%20en%20bodega&#038;url=https:\/\/radiorevelacionfm.cl\/?p=59804' aria-hidden='false' data-av_icon='\ue8fc' data-av_iconfont='entypo-fontello' title='' data-avia-related-tooltip='Compartir en LinkedIn' rel=\"noopener\"><span class='avia_hidden_link_text'>Compartir en LinkedIn<\/span><\/a><\/li><li class='av-share-link av-social-link-mail' ><a  aria-label=\"Compartir por correo\" href='mailto:?subject=CORE%20Guglielmi%20solicita%20investigaci%C3%B3n%20por%20recambio%20de%20calefactores%3A%20Hay%20miles%20de%20unidades%20en%20bodega&#038;body=https:\/\/radiorevelacionfm.cl\/?p=59804' aria-hidden='false' data-av_icon='\ue805' data-av_iconfont='entypo-fontello' title='' data-avia-related-tooltip='Compartir por correo'><span class='avia_hidden_link_text'>Compartir por correo<\/span><\/a><\/li><\/ul><\/div><\/div>\n<div  style='height:50px' class='hr hr-invisible   avia-builder-el-8  el_after_av_social_share  el_before_av_comments_list '><span class='hr-inner ' ><span class='hr-inner-style'><\/span><\/span><\/div>\n<div  class='av-buildercomment  av-blog-meta-html-info-disabled av-blog-meta-tag-disabled  '><\/div>\n","protected":false},"excerpt":{"rendered":"","protected":false},"author":1,"featured_media":38418,"comment_status":"closed","ping_status":"closed","sticky":false,"template":"","format":"standard","meta":{"footnotes":""},"categories":[38],"tags":[],"class_list":["post-59804","post","type-post","status-publish","format-standard","has-post-thumbnail","hentry","category-regional"],"jetpack_featured_media_url":"https:\/\/radiorevelacionfm.cl\/wp-content\/uploads\/2023\/12\/CALEFACTORES-A-PELLET-1-1.jpg","_links":{"self":[{"href":"https:\/\/radiorevelacionfm.cl\/index.php?rest_route=\/wp\/v2\/posts\/59804","targetHints":{"allow":["GET"]}}],"collection":[{"href":"https:\/\/radiorevelacionfm.cl\/index.php?rest_route=\/wp\/v2\/posts"}],"about":[{"href":"https:\/\/radiorevelacionfm.cl\/index.php?rest_route=\/wp\/v2\/types\/post"}],"author":[{"embeddable":true,"href":"https:\/\/radiorevelacionfm.cl\/index.php?rest_route=\/wp\/v2\/users\/1"}],"replies":[{"embeddable":true,"href":"https:\/\/radiorevelacionfm.cl\/index.php?rest_route=%2Fwp%2Fv2%2Fcomments&post=59804"}],"version-history":[{"count":2,"href":"https:\/\/radiorevelacionfm.cl\/index.php?rest_route=\/wp\/v2\/posts\/59804\/revisions"}],"predecessor-version":[{"id":59806,"href":"https:\/\/radiorevelacionfm.cl\/index.php?rest_route=\/wp\/v2\/posts\/59804\/revisions\/59806"}],"wp:featuredmedia":[{"embeddable":true,"href":"https:\/\/radiorevelacionfm.cl\/index.php?rest_route=\/wp\/v2\/media\/38418"}],"wp:attachment":[{"href":"https:\/\/radiorevelacionfm.cl\/index.php?rest_route=%2Fwp%2Fv2%2Fmedia&parent=59804"}],"wp:term":[{"taxonomy":"category","embeddable":true,"href":"https:\/\/radiorevelacionfm.cl\/index.php?rest_route=%2Fwp%2Fv2%2Fcategories&post=59804"},{"taxonomy":"post_tag","embeddable":true,"href":"https:\/\/radiorevelacionfm.cl\/index.php?rest_route=%2Fwp%2Fv2%2Ftags&post=59804"}],"curies":[{"name":"wp","href":"https:\/\/api.w.org\/{rel}","templated":true}]}}