{"id":59798,"date":"2025-10-01T19:55:32","date_gmt":"2025-10-01T22:55:32","guid":{"rendered":"https:\/\/radiorevelacionfm.cl\/?p=59798"},"modified":"2025-10-07T17:09:48","modified_gmt":"2025-10-07T20:09:48","slug":"con-publicacion-en-el-diario-oficial-gobierno-pone-en-marcha-la-ley-marco-de-autorizaciones-sectoriales-para-agilizar-proyectos-de-inversion","status":"publish","type":"post","link":"https:\/\/radiorevelacionfm.cl\/?p=59798","title":{"rendered":"Con publicaci\u00f3n en el Diario Oficial, Gobierno pone en marcha la Ley Marco de Autorizaciones Sectoriales para agilizar proyectos de inversi\u00f3n"},"content":{"rendered":"<div class=\"flex_column av_one_full  flex_column_div av-zero-column-padding first  avia-builder-el-0  el_before_av_one_full  avia-builder-el-first  \" style='border-radius:0px; '><div  class='avia-image-container  av-styling-    avia-builder-el-1  avia-builder-el-no-sibling  avia-align-center '  itemprop=\"image\" itemscope=\"itemscope\" itemtype=\"https:\/\/schema.org\/ImageObject\"  ><div class='avia-image-container-inner'><div class='avia-image-overlay-wrap'><img decoding=\"async\" class='wp-image-59799 avia-img-lazy-loading-not-59799 avia_image' src=\"https:\/\/radiorevelacionfm.cl\/wp-content\/uploads\/2025\/10\/permisos-3-1-1_optimized-1-1.jpg\" alt='' title='permisos-(3)-(1)-(1)_optimized (1) (1)' height=\"1000\" width=\"800\"  itemprop=\"thumbnailUrl\" srcset=\"https:\/\/radiorevelacionfm.cl\/wp-content\/uploads\/2025\/10\/permisos-3-1-1_optimized-1-1.jpg 800w, https:\/\/radiorevelacionfm.cl\/wp-content\/uploads\/2025\/10\/permisos-3-1-1_optimized-1-1-240x300.jpg 240w, https:\/\/radiorevelacionfm.cl\/wp-content\/uploads\/2025\/10\/permisos-3-1-1_optimized-1-1-768x960.jpg 768w, https:\/\/radiorevelacionfm.cl\/wp-content\/uploads\/2025\/10\/permisos-3-1-1_optimized-1-1-564x705.jpg 564w, https:\/\/radiorevelacionfm.cl\/wp-content\/uploads\/2025\/10\/permisos-3-1-1_optimized-1-1-450x563.jpg 450w, https:\/\/radiorevelacionfm.cl\/wp-content\/uploads\/2025\/10\/permisos-3-1-1_optimized-1-1-600x750.jpg 600w\" sizes=\"(max-width: 800px) 100vw, 800px\" \/><\/div><\/div><\/div><\/div><div class=\"flex_column av_one_full  flex_column_div av-zero-column-padding first  avia-builder-el-2  el_after_av_one_full  el_before_av_one_full  column-top-margin\" style='border-radius:0px; '><section class=\"av_textblock_section \"  itemscope=\"itemscope\" itemtype=\"https:\/\/schema.org\/BlogPosting\" itemprop=\"blogPost\" ><div class='avia_textblock  '   itemprop=\"text\" ><p style=\"text-align: center;\"><strong><span style=\"font-size: 18pt;\">Con publicaci\u00f3n en el Diario Oficial, Gobierno pone en marcha la Ley Marco de Autorizaciones Sectoriales para agilizar proyectos de inversi\u00f3n<\/span><\/strong><\/p>\n<div id=\"gtx-trans\" style=\"position: absolute; left: -50px; top: 4.31534px;\">\n<div class=\"gtx-trans-icon\"><\/div>\n<\/div>\n<\/div><\/section><\/div><div class=\"flex_column av_one_full  flex_column_div av-zero-column-padding first  avia-builder-el-4  el_after_av_one_full  el_before_av_hr  column-top-margin\" style='border-radius:0px; '><section class=\"av_textblock_section \"  itemscope=\"itemscope\" itemtype=\"https:\/\/schema.org\/BlogPosting\" itemprop=\"blogPost\" ><div class='avia_textblock  '   itemprop=\"text\" ><p style=\"text-align: justify;\"><em>Ya se encuentra publicada en el Diario Oficial la Ley 21.770. Una nueva normativa, impulsada por el Ministerio de Econom\u00eda, que permitir\u00e1 reducir significativamente los tiempos de tramitaci\u00f3n de permisos, agilizando el desarrollo de proyectos estrat\u00e9gicos y fortaleciendo la inversi\u00f3n p\u00fablica y privada en todo el pa\u00eds.<\/em><\/p>\n<p style=\"text-align: justify;\">Con la publicaci\u00f3n en el Diario Oficial de Ley Marco de Autorizaciones Sectoriales (LMAS), entra en vigencia la normativa que permite la simplificaci\u00f3n de los permisos asociados a proyectos de inversi\u00f3n p\u00fablicos y privados, cualquiera sea su envergadura, proporcionando mayor certeza sobre los tiempos tramitaci\u00f3n.<\/p>\n<p style=\"text-align: justify;\">El ministro de Econom\u00eda, Fomento y Turismo, \u00c1lvaro Garc\u00eda, destac\u00f3 este hito en la implementaci\u00f3n de este articulado: <em>\u201cCon el avance del proceso de implementaci\u00f3n de este nuevo marco jur\u00eddico, se constituir\u00e1 la Oficina de Autorizaciones Sectoriales, que supervisar\u00e1 y modernizar\u00e1 los tr\u00e1mites p\u00fablicos y se implementar\u00e1 una l\u00ednea de denuncias an\u00f3nimas para personas o empresas afectadas por demoras injustificadas. El mecanismo de silencio administrativo, tanto positivo como negativo, tambi\u00e9n comenzar\u00e1 a aplicarse, permitiendo que los proyectos que excedan los plazos establecidos sean aprobados o rechazados autom\u00e1ticamente, con posibilidad de apelaci\u00f3n<\/em>\u201d.<\/p>\n<p style=\"text-align: justify;\">Esta La ley establece un nuevo marco regulatorio, que tiene como eje la modernizaci\u00f3n del Estado para que los permisos sean otorgados en tiempo y forma con el objetivo de reducir entre un 30% y un 70% los tiempos de espera para la ejecuci\u00f3n de iniciativas de inversi\u00f3n, y de un 50% para los correspondientes a proyectos estrat\u00e9gicos. La normativa incorpora principios como la tramitaci\u00f3n paralela de autorizaciones, el uso de t\u00e9cnicas habilitantes alternativas, la implementaci\u00f3n de una ventanilla \u00fanica digital y la creaci\u00f3n de una institucionalidad t\u00e9cnica especializada. Esta ley modifica m\u00e1s de 40 cuerpos legales y marca un hito en la modernizaci\u00f3n del Estado al permitir que los proyectos de inversi\u00f3n avancen con mayor certeza, eficiencia y sin disminuir los est\u00e1ndares regulatorios vigentes.<\/p>\n<p style=\"text-align: justify;\">Al respecto, el Seremi de Econom\u00eda de la Regi\u00f3n de Ays\u00e9n, Felipe Rojas Pizarro, relev\u00f3 la importancia de esta iniciativa clave del Ministerio de Econom\u00eda, la que tuvo una tramitaci\u00f3n de 18 meses; <em>\u201cComo Gobierno del Presidente Boric, estamos muy comprometidos con el crecimiento econ\u00f3mico a nivel nacional, pero tambi\u00e9n en la Regi\u00f3n de Ays\u00e9n. Sabemos que esta normativa permitir\u00e1 reducir los tiempos de tramitaci\u00f3n de los proyectos de inversi\u00f3n privada hasta en un 70%, adem\u00e1s de sistematizarlos para conocer en qu\u00e9 estado se encuentran. Esperamos un empuje resuelto y firme para la inversi\u00f3n de los pr\u00f3ximos a\u00f1os, por lo tanto, ser\u00e1 un cambio significativo para a econom\u00eda regional\u201d.<\/em><\/p>\n<p style=\"text-align: justify;\">La Ley Marco de Autorizaciones Sectoriales es uno de los proyectos priorizados por el Ejecutivo y el Congreso en el marco del Pacto por el Crecimiento Econ\u00f3mico, el Progreso Social y la Responsabilidad Fiscal, instancia mejor conocida como \u201cFast Track Econ\u00f3mico\u201d. Su tramitaci\u00f3n fue fomentada mediante un acuerdo transversal que permiti\u00f3 avanzar con rapidez en una agenda legislativa orientada a destrabar iniciativas clave para impulsar el crecimiento del pa\u00eds. El proyecto ingres\u00f3 al Congreso en enero de 2024 y fue despachado luego de 18 meses de tramitaci\u00f3n, tras aprobar todas las etapas institucionales, y luego fue revisado satisfactoriamente por el Tribunal Constitucional.<\/p>\n<p style=\"text-align: justify;\">Si bien la Ley entra hoy en vigencia, varias de sus disposiciones clave contemplan un r\u00e9gimen de implementaci\u00f3n gradual como las normas m\u00ednimas de procedimiento, el r\u00e9gimen de sanciones a jefaturas de servicio, la puesta en marcha de la Oficina de Autorizaciones Sectoriales, el canal reservado de denuncias, la plataforma digital SUPER, la tramitaci\u00f3n \u00e1gil de iniciativas estrat\u00e9gicas y el r\u00e9gimen de estabilidad regulatoria. Estas medidas se desplegar\u00e1n en tres fases: la primera, desde la publicaci\u00f3n hasta los seis meses; la segunda, entre el sexto y el noveno mes; y la tercera, hasta completar un a\u00f1o desde la publicaci\u00f3n. Este dise\u00f1o transitorio busca asegurar una implementaci\u00f3n ordenada, coordinada y eficaz del nuevo sistema, resguardando los derechos de las personas y asegurando la capacidad del Estado para responder a todo lo que mandata la ley.<\/p>\n<\/div><\/section><\/div><div  style='height:50px' class='hr hr-invisible   avia-builder-el-6  el_after_av_one_full  el_before_av_social_share '><span class='hr-inner ' ><span class='hr-inner-style'><\/span><\/span><\/div><\/p>\n<div  class='av-social-sharing-box  avia-builder-el-7  el_after_av_hr  el_before_av_hr  '><div class='av-share-box'><h5 class='av-share-link-description av-no-toc '>Compartir esta noticia<\/h5><ul class='av-share-box-list noLightbox'><li class='av-share-link av-social-link-facebook' ><a target=\"_blank\" aria-label=\"Compartir en Facebook\" href='https:\/\/www.facebook.com\/sharer.php?u=https:\/\/radiorevelacionfm.cl\/?p=59798&#038;t=Con%20publicaci%C3%B3n%20en%20el%20Diario%20Oficial%2C%20Gobierno%20pone%20en%20marcha%20la%20Ley%20Marco%20de%20Autorizaciones%20Sectoriales%20para%20agilizar%20proyectos%20de%20inversi%C3%B3n' aria-hidden='false' data-av_icon='\ue8f3' data-av_iconfont='entypo-fontello' title='' data-avia-related-tooltip='Compartir en Facebook' rel=\"noopener\"><span class='avia_hidden_link_text'>Compartir en Facebook<\/span><\/a><\/li><li class='av-share-link av-social-link-twitter' ><a target=\"_blank\" aria-label=\"Compartir en Twitter\" href='https:\/\/twitter.com\/share?text=Con%20publicaci%C3%B3n%20en%20el%20Diario%20Oficial%2C%20Gobierno%20pone%20en%20marcha%20la%20Ley%20Marco%20de%20Autorizaciones%20Sectoriales%20para%20agilizar%20proyectos%20de%20inversi%C3%B3n&#038;url=https:\/\/radiorevelacionfm.cl\/?p=59798' aria-hidden='false' data-av_icon='\ue8f1' data-av_iconfont='entypo-fontello' title='' data-avia-related-tooltip='Compartir en Twitter' rel=\"noopener\"><span class='avia_hidden_link_text'>Compartir en Twitter<\/span><\/a><\/li><li class='av-share-link av-social-link-whatsapp' ><a target=\"_blank\" aria-label=\"Compartir en Whatsapp\" href='https:\/\/api.whatsapp.com\/send?text=https:\/\/radiorevelacionfm.cl\/?p=59798' aria-hidden='false' data-av_icon='\uf232' data-av_iconfont='entypo-fontello' title='' data-avia-related-tooltip='Compartir en Whatsapp' rel=\"noopener\"><span class='avia_hidden_link_text'>Compartir en Whatsapp<\/span><\/a><\/li><li class='av-share-link av-social-link-linkedin' ><a target=\"_blank\" aria-label=\"Compartir en LinkedIn\" href='https:\/\/linkedin.com\/shareArticle?mini=true&#038;title=Con%20publicaci%C3%B3n%20en%20el%20Diario%20Oficial%2C%20Gobierno%20pone%20en%20marcha%20la%20Ley%20Marco%20de%20Autorizaciones%20Sectoriales%20para%20agilizar%20proyectos%20de%20inversi%C3%B3n&#038;url=https:\/\/radiorevelacionfm.cl\/?p=59798' aria-hidden='false' data-av_icon='\ue8fc' data-av_iconfont='entypo-fontello' title='' data-avia-related-tooltip='Compartir en LinkedIn' rel=\"noopener\"><span class='avia_hidden_link_text'>Compartir en LinkedIn<\/span><\/a><\/li><li class='av-share-link av-social-link-mail' ><a  aria-label=\"Compartir por correo\" href='mailto:?subject=Con%20publicaci%C3%B3n%20en%20el%20Diario%20Oficial%2C%20Gobierno%20pone%20en%20marcha%20la%20Ley%20Marco%20de%20Autorizaciones%20Sectoriales%20para%20agilizar%20proyectos%20de%20inversi%C3%B3n&#038;body=https:\/\/radiorevelacionfm.cl\/?p=59798' aria-hidden='false' data-av_icon='\ue805' data-av_iconfont='entypo-fontello' title='' data-avia-related-tooltip='Compartir por correo'><span class='avia_hidden_link_text'>Compartir por correo<\/span><\/a><\/li><\/ul><\/div><\/div>\n<div  style='height:50px' class='hr hr-invisible   avia-builder-el-8  el_after_av_social_share  el_before_av_comments_list '><span class='hr-inner ' ><span class='hr-inner-style'><\/span><\/span><\/div>\n<div  class='av-buildercomment  av-blog-meta-html-info-disabled av-blog-meta-tag-disabled  '><\/div>\n","protected":false},"excerpt":{"rendered":"","protected":false},"author":1,"featured_media":59799,"comment_status":"closed","ping_status":"closed","sticky":false,"template":"","format":"standard","meta":{"footnotes":""},"categories":[61],"tags":[],"class_list":["post-59798","post","type-post","status-publish","format-standard","has-post-thumbnail","hentry","category-nacional"],"jetpack_featured_media_url":"https:\/\/radiorevelacionfm.cl\/wp-content\/uploads\/2025\/10\/permisos-3-1-1_optimized-1-1.jpg","_links":{"self":[{"href":"https:\/\/radiorevelacionfm.cl\/index.php?rest_route=\/wp\/v2\/posts\/59798","targetHints":{"allow":["GET"]}}],"collection":[{"href":"https:\/\/radiorevelacionfm.cl\/index.php?rest_route=\/wp\/v2\/posts"}],"about":[{"href":"https:\/\/radiorevelacionfm.cl\/index.php?rest_route=\/wp\/v2\/types\/post"}],"author":[{"embeddable":true,"href":"https:\/\/radiorevelacionfm.cl\/index.php?rest_route=\/wp\/v2\/users\/1"}],"replies":[{"embeddable":true,"href":"https:\/\/radiorevelacionfm.cl\/index.php?rest_route=%2Fwp%2Fv2%2Fcomments&post=59798"}],"version-history":[{"count":2,"href":"https:\/\/radiorevelacionfm.cl\/index.php?rest_route=\/wp\/v2\/posts\/59798\/revisions"}],"predecessor-version":[{"id":60058,"href":"https:\/\/radiorevelacionfm.cl\/index.php?rest_route=\/wp\/v2\/posts\/59798\/revisions\/60058"}],"wp:featuredmedia":[{"embeddable":true,"href":"https:\/\/radiorevelacionfm.cl\/index.php?rest_route=\/wp\/v2\/media\/59799"}],"wp:attachment":[{"href":"https:\/\/radiorevelacionfm.cl\/index.php?rest_route=%2Fwp%2Fv2%2Fmedia&parent=59798"}],"wp:term":[{"taxonomy":"category","embeddable":true,"href":"https:\/\/radiorevelacionfm.cl\/index.php?rest_route=%2Fwp%2Fv2%2Fcategories&post=59798"},{"taxonomy":"post_tag","embeddable":true,"href":"https:\/\/radiorevelacionfm.cl\/index.php?rest_route=%2Fwp%2Fv2%2Ftags&post=59798"}],"curies":[{"name":"wp","href":"https:\/\/api.w.org\/{rel}","templated":true}]}}