{"id":59795,"date":"2025-10-02T15:00:11","date_gmt":"2025-10-02T18:00:11","guid":{"rendered":"https:\/\/radiorevelacionfm.cl\/?p=59795"},"modified":"2025-10-02T15:00:11","modified_gmt":"2025-10-02T18:00:11","slug":"ministro-montes-reitera-inexistencia-de-deuda-de-us1-000-millones-y-afirma-que-todos-los-compromisos-pendientes-van-a-quedar-pagados-en-este-gobierno","status":"publish","type":"post","link":"https:\/\/radiorevelacionfm.cl\/?p=59795","title":{"rendered":"Ministro Montes reitera inexistencia de deuda de US$1.000 millones y afirma que todos los compromisos pendientes van a quedar pagados en este gobierno"},"content":{"rendered":"<div class=\"flex_column av_one_full  flex_column_div av-zero-column-padding first  avia-builder-el-0  el_before_av_one_full  avia-builder-el-first  \" style='border-radius:0px; '><div  class='avia-image-container  av-styling-    avia-builder-el-1  avia-builder-el-no-sibling  avia-align-center '  itemprop=\"image\" itemscope=\"itemscope\" itemtype=\"https:\/\/schema.org\/ImageObject\"  ><div class='avia-image-container-inner'><div class='avia-image-overlay-wrap'><img decoding=\"async\" class='wp-image-59796 avia-img-lazy-loading-not-59796 avia_image' src=\"https:\/\/radiorevelacionfm.cl\/wp-content\/uploads\/2025\/10\/image005-1-1.jpg\" alt='' title='image005 (1) (1)' height=\"600\" width=\"900\"  itemprop=\"thumbnailUrl\" srcset=\"https:\/\/radiorevelacionfm.cl\/wp-content\/uploads\/2025\/10\/image005-1-1.jpg 900w, https:\/\/radiorevelacionfm.cl\/wp-content\/uploads\/2025\/10\/image005-1-1-300x200.jpg 300w, https:\/\/radiorevelacionfm.cl\/wp-content\/uploads\/2025\/10\/image005-1-1-768x512.jpg 768w, https:\/\/radiorevelacionfm.cl\/wp-content\/uploads\/2025\/10\/image005-1-1-705x470.jpg 705w, https:\/\/radiorevelacionfm.cl\/wp-content\/uploads\/2025\/10\/image005-1-1-450x300.jpg 450w, https:\/\/radiorevelacionfm.cl\/wp-content\/uploads\/2025\/10\/image005-1-1-600x400.jpg 600w\" sizes=\"(max-width: 900px) 100vw, 900px\" \/><\/div><\/div><\/div><\/div><div class=\"flex_column av_one_full  flex_column_div av-zero-column-padding first  avia-builder-el-2  el_after_av_one_full  el_before_av_one_full  column-top-margin\" style='border-radius:0px; '><section class=\"av_textblock_section \"  itemscope=\"itemscope\" itemtype=\"https:\/\/schema.org\/BlogPosting\" itemprop=\"blogPost\" ><div class='avia_textblock  '   itemprop=\"text\" ><p style=\"text-align: center;\"><strong><span style=\"font-size: 18pt;\">Ministro Montes reitera inexistencia de deuda de US$1.000 millones y afirma que todos los compromisos pendientes van a quedar pagados en este gobierno<\/span><\/strong><\/p>\n<div id=\"gtx-trans\" style=\"position: absolute; left: -50px; top: 4.31534px;\">\n<div class=\"gtx-trans-icon\"><\/div>\n<\/div>\n<\/div><\/section><\/div><div class=\"flex_column av_one_full  flex_column_div av-zero-column-padding first  avia-builder-el-4  el_after_av_one_full  el_before_av_hr  column-top-margin\" style='border-radius:0px; '><section class=\"av_textblock_section \"  itemscope=\"itemscope\" itemtype=\"https:\/\/schema.org\/BlogPosting\" itemprop=\"blogPost\" ><div class='avia_textblock  '   itemprop=\"text\" ><p style=\"text-align: justify;\">Al respecto, el secretario de Estado aclar\u00f3, refiri\u00e9ndose a la supuesta obligaci\u00f3n, que \u201ctodos los datos nuestros indican que esto es de un noveno o un d\u00e9cimo de esa cifra\u201d.<\/p>\n<p style=\"text-align: justify;\">El titular del Minvu llam\u00f3 \u201ca todos los que tengan datos a que los entreguen, para analizarlos. Si hay empresas que est\u00e1n con el riesgo que se se\u00f1ala, veamos esos casos para buscar solucionarlos. Pero tratemos de dar confianza. El tema de la vivienda es un tema nacional, de todos por igual\u201d.<\/p>\n<p style=\"text-align: justify;\">El presidente de la C\u00e1mara Chilena de la Construcci\u00f3n (CChC), Alfredo Echavarr\u00eda, abord\u00f3 tambi\u00e9n la supuesta deuda del Minvu por US$1.000 millones, indicando que dicha cifra no provino del gremio y que no cuentan con antecedentes de esta.<\/p>\n<p style=\"text-align: justify;\">En el marco del anuncio del adelanto de los recursos al Subsidio al Cr\u00e9dito Hipotecario, una de las medidas del \u201cPlan de Recuperaci\u00f3n de la Construcci\u00f3n y la Vivienda\u201d del Gobierno de Chile para dinamizar la industria inmobiliaria y apoyar a familias de ingresos medios, el ministro de Vivienda y Urbanismo, Carlos Montes, reiter\u00f3 la inexistencia de una supuesta deuda de US$1.000 millones en la cartera y afirm\u00f3 que todos los compromisos pendientes de proyectos del Plan de Emergencia Habitacional van a quedar pagados en esta administraci\u00f3n.<\/p>\n<p style=\"text-align: justify;\">Consultado por los medios de comunicaci\u00f3n respecto a este tema, el titular del Minvu destac\u00f3 que \u201cnosotros estamos especialmente dedicados a cumplir nuestras metas y a producir m\u00e1s viviendas. Ya vamos en 214.588 soluciones entregadas, tenemos 127 mil m\u00e1s en ejecuci\u00f3n y otras 60 mil soluciones en proyectos listos para partir. Dentro de esto surge esta discusi\u00f3n que genera da\u00f1o, porque pone en duda ciertos datos b\u00e1sicos\u201d.<\/p>\n<p style=\"text-align: justify;\">El secretario de Estado relev\u00f3 que \u201cdecir que hay una deuda de mil millones de d\u00f3lares, la verdad es que no tiene ninguna base, en ning\u00fan dato. Todos los datos nuestros indican que esto es de un noveno o un d\u00e9cimo de esa cifra, es otra cantidad muy distinta\u201d.<\/p>\n<p style=\"text-align: justify;\">En ese marco, asegur\u00f3 que \u201cnosotros podemos decir con toda claridad, a diferencia de lo que se ha dicho en algunos medios, que todas las deudas con las viviendas del Plan de Emergencia Habitacional van a quedar pagadas en este gobierno\u201d.<\/p>\n<p style=\"text-align: justify;\">Por su parte, el ministro Montes aclar\u00f3 que lo que efectivamente se entiende por deuda corresponde a compromisos vencidos, \u201cporque, en vivienda, el costo va cambiando en la medida en que avanza en proceso de producci\u00f3n. Y nosotros estamos, en este momento, con 127 mil viviendas en construcci\u00f3n\u00bb.<\/p>\n<p style=\"text-align: justify;\">Si en el primer a\u00f1o hubo tal cantidad de transferencias de recursos, los otros a\u00f1os hay que ir pagando el diferencial, de acuerdo al avance en la construcci\u00f3n que se tenga. As\u00ed opera la construcci\u00f3n. Entonces, considerar deuda a eso, cuando es parte del proceso regular de financiamiento de la vivienda, genera distorsi\u00f3n\u201d, complement\u00f3.<\/p>\n<p style=\"text-align: justify;\">Por \u00faltimo, el jefe de la cartera de Vivienda y Urbanismo llam\u00f3 a no provocar \u201cincertidumbre a trav\u00e9s de noticias que no tienen fundamento\u201d, agregando que \u201clas familias que est\u00e1n postulando empiezan a creer que no se va a poder financiar la vivienda del Plan de Emergencia Habitacional, la vivienda social, p\u00fablica, y tambi\u00e9n pasa con algunas empresas. Yo creo que tenemos que ser muy serios\u201d.<\/p>\n<p style=\"text-align: justify;\">\u201cNosotros podemos garantizar que las viviendas que est\u00e1n en construcci\u00f3n hoy, que est\u00e1n comprometidas con los pagos, se van a pagar. Y se van a pagar con el presupuesto de este a\u00f1o las que correspondan a este a\u00f1o. Porque nosotros hoy estamos pagando buena parte de las obras urbanas del gobierno del Presidente Pi\u00f1era por el terremoto del 27F. Porque as\u00ed es el proceso presupuestario, va traslad\u00e1ndose en los a\u00f1os de acuerdo a c\u00f3mo se van ejecutando las obras\u201d, agreg\u00f3.<\/p>\n<p style=\"text-align: justify;\">El secretario de Estado concluy\u00f3 pidiendo \u201ca todos los que tengan datos a que los entreguen, para analizarlos. Si hay empresas que est\u00e1n con el riesgo que se se\u00f1ala, veamos esos casos para buscar solucionarlos. Pero tratemos de dar confianza. El tema de la vivienda es un tema nacional, de todos por igual, y hay gente que est\u00e1 sufriendo mucho por los problemas de vivienda, vive muy mal sin vivienda y se necesita poder cubrirlo. Por eso yo les pido que tengamos la mayor consideraci\u00f3n de esto\u201d.<\/p>\n<p style=\"text-align: justify;\"><strong>CChC se\u00f1ala que no cuenta con antecedentes de una deuda del Minvu por US$1.000 millones<\/strong><\/p>\n<p style=\"text-align: justify;\">El presidente de la C\u00e1mara Chilena de la Construcci\u00f3n (CChC), Alfredo Echavarr\u00eda, abord\u00f3 tambi\u00e9n la supuesta deuda del Minvu por US$1.000 millones, indicando que dicha cifra no provino del gremio y que no cuentan con antecedentes de esta.<\/p>\n<p style=\"text-align: justify;\">El titular de la CChC asever\u00f3 que \u201cno tenemos el catastro detallado. En la C\u00e1mara Chilena de la Construcci\u00f3n son socios del orden de 65% al 70% de las empresas que se dedican a la construcci\u00f3n de viviendas, entonces hay un tercio que no est\u00e1n en la C\u00e1mara. Y adem\u00e1s que no podemos nosotros pedirles a las empresas, como asociaci\u00f3n gremial, una informaci\u00f3n detallada\u201d.<\/p>\n<p style=\"text-align: justify;\">En ese sentido, Echavarr\u00eda afirm\u00f3 que \u201ctenemos antecedentes de que hay deuda en los contratos en ejecuci\u00f3n y, desde el primer momento en que eso empez\u00f3, tomamos contacto con el ministro y hemos estado actuando permanentemente y nos ha solucionado varios casos que le hemos presentado y tenemos tambi\u00e9n la conversaci\u00f3n y el compromiso con el ministro de Hacienda, don Nicol\u00e1s Grau, de poder solucionar eso en el breve plazo\u201d.<\/p>\n<p style=\"text-align: justify;\">\u201cEs decir, hay atrasos en el pago de algunos contratos, efectivamente se concentran en la regi\u00f3n Metropolitana, y en Maule tambi\u00e9n hay algo. En el resto del pa\u00eds, la informaci\u00f3n que tenemos es que est\u00e1n muy al d\u00eda los pagos de este concepto\u201d, cerr\u00f3.<\/p>\n<\/div><\/section><\/div><div  style='height:50px' class='hr hr-invisible   avia-builder-el-6  el_after_av_one_full  el_before_av_social_share '><span class='hr-inner ' ><span class='hr-inner-style'><\/span><\/span><\/div><\/p>\n<div  class='av-social-sharing-box  avia-builder-el-7  el_after_av_hr  el_before_av_hr  '><div class='av-share-box'><h5 class='av-share-link-description av-no-toc '>Compartir esta noticia<\/h5><ul class='av-share-box-list noLightbox'><li class='av-share-link av-social-link-facebook' ><a target=\"_blank\" aria-label=\"Compartir en Facebook\" href='https:\/\/www.facebook.com\/sharer.php?u=https:\/\/radiorevelacionfm.cl\/?p=59795&#038;t=Ministro%20Montes%20reitera%20inexistencia%20de%20deuda%20de%20US%241.000%20millones%20y%20afirma%20que%20todos%20los%20compromisos%20pendientes%20van%20a%20quedar%20pagados%20en%20este%20gobierno' aria-hidden='false' data-av_icon='\ue8f3' data-av_iconfont='entypo-fontello' title='' data-avia-related-tooltip='Compartir en Facebook' rel=\"noopener\"><span class='avia_hidden_link_text'>Compartir en Facebook<\/span><\/a><\/li><li class='av-share-link av-social-link-twitter' ><a target=\"_blank\" aria-label=\"Compartir en Twitter\" href='https:\/\/twitter.com\/share?text=Ministro%20Montes%20reitera%20inexistencia%20de%20deuda%20de%20US%241.000%20millones%20y%20afirma%20que%20todos%20los%20compromisos%20pendientes%20van%20a%20quedar%20pagados%20en%20este%20gobierno&#038;url=https:\/\/radiorevelacionfm.cl\/?p=59795' aria-hidden='false' data-av_icon='\ue8f1' data-av_iconfont='entypo-fontello' title='' data-avia-related-tooltip='Compartir en Twitter' rel=\"noopener\"><span class='avia_hidden_link_text'>Compartir en Twitter<\/span><\/a><\/li><li class='av-share-link av-social-link-whatsapp' ><a target=\"_blank\" aria-label=\"Compartir en Whatsapp\" href='https:\/\/api.whatsapp.com\/send?text=https:\/\/radiorevelacionfm.cl\/?p=59795' aria-hidden='false' data-av_icon='\uf232' data-av_iconfont='entypo-fontello' title='' data-avia-related-tooltip='Compartir en Whatsapp' rel=\"noopener\"><span class='avia_hidden_link_text'>Compartir en Whatsapp<\/span><\/a><\/li><li class='av-share-link av-social-link-linkedin' ><a target=\"_blank\" aria-label=\"Compartir en LinkedIn\" href='https:\/\/linkedin.com\/shareArticle?mini=true&#038;title=Ministro%20Montes%20reitera%20inexistencia%20de%20deuda%20de%20US%241.000%20millones%20y%20afirma%20que%20todos%20los%20compromisos%20pendientes%20van%20a%20quedar%20pagados%20en%20este%20gobierno&#038;url=https:\/\/radiorevelacionfm.cl\/?p=59795' aria-hidden='false' data-av_icon='\ue8fc' data-av_iconfont='entypo-fontello' title='' data-avia-related-tooltip='Compartir en LinkedIn' rel=\"noopener\"><span class='avia_hidden_link_text'>Compartir en LinkedIn<\/span><\/a><\/li><li class='av-share-link av-social-link-mail' ><a  aria-label=\"Compartir por correo\" href='mailto:?subject=Ministro%20Montes%20reitera%20inexistencia%20de%20deuda%20de%20US%241.000%20millones%20y%20afirma%20que%20todos%20los%20compromisos%20pendientes%20van%20a%20quedar%20pagados%20en%20este%20gobierno&#038;body=https:\/\/radiorevelacionfm.cl\/?p=59795' aria-hidden='false' data-av_icon='\ue805' data-av_iconfont='entypo-fontello' title='' data-avia-related-tooltip='Compartir por correo'><span class='avia_hidden_link_text'>Compartir por correo<\/span><\/a><\/li><\/ul><\/div><\/div>\n<div  style='height:50px' class='hr hr-invisible   avia-builder-el-8  el_after_av_social_share  el_before_av_comments_list '><span class='hr-inner ' ><span class='hr-inner-style'><\/span><\/span><\/div>\n<div  class='av-buildercomment  av-blog-meta-html-info-disabled av-blog-meta-tag-disabled  '><\/div>\n","protected":false},"excerpt":{"rendered":"","protected":false},"author":1,"featured_media":59796,"comment_status":"closed","ping_status":"closed","sticky":false,"template":"","format":"standard","meta":{"footnotes":""},"categories":[57],"tags":[],"class_list":["post-59795","post","type-post","status-publish","format-standard","has-post-thumbnail","hentry","category-vivienda"],"jetpack_featured_media_url":"https:\/\/radiorevelacionfm.cl\/wp-content\/uploads\/2025\/10\/image005-1-1.jpg","_links":{"self":[{"href":"https:\/\/radiorevelacionfm.cl\/index.php?rest_route=\/wp\/v2\/posts\/59795","targetHints":{"allow":["GET"]}}],"collection":[{"href":"https:\/\/radiorevelacionfm.cl\/index.php?rest_route=\/wp\/v2\/posts"}],"about":[{"href":"https:\/\/radiorevelacionfm.cl\/index.php?rest_route=\/wp\/v2\/types\/post"}],"author":[{"embeddable":true,"href":"https:\/\/radiorevelacionfm.cl\/index.php?rest_route=\/wp\/v2\/users\/1"}],"replies":[{"embeddable":true,"href":"https:\/\/radiorevelacionfm.cl\/index.php?rest_route=%2Fwp%2Fv2%2Fcomments&post=59795"}],"version-history":[{"count":2,"href":"https:\/\/radiorevelacionfm.cl\/index.php?rest_route=\/wp\/v2\/posts\/59795\/revisions"}],"predecessor-version":[{"id":59832,"href":"https:\/\/radiorevelacionfm.cl\/index.php?rest_route=\/wp\/v2\/posts\/59795\/revisions\/59832"}],"wp:featuredmedia":[{"embeddable":true,"href":"https:\/\/radiorevelacionfm.cl\/index.php?rest_route=\/wp\/v2\/media\/59796"}],"wp:attachment":[{"href":"https:\/\/radiorevelacionfm.cl\/index.php?rest_route=%2Fwp%2Fv2%2Fmedia&parent=59795"}],"wp:term":[{"taxonomy":"category","embeddable":true,"href":"https:\/\/radiorevelacionfm.cl\/index.php?rest_route=%2Fwp%2Fv2%2Fcategories&post=59795"},{"taxonomy":"post_tag","embeddable":true,"href":"https:\/\/radiorevelacionfm.cl\/index.php?rest_route=%2Fwp%2Fv2%2Ftags&post=59795"}],"curies":[{"name":"wp","href":"https:\/\/api.w.org\/{rel}","templated":true}]}}