{"id":59792,"date":"2025-10-02T10:15:37","date_gmt":"2025-10-02T13:15:37","guid":{"rendered":"https:\/\/radiorevelacionfm.cl\/?p=59792"},"modified":"2025-10-02T10:15:37","modified_gmt":"2025-10-02T13:15:37","slug":"autoridades-realizan-balance-del-periodo-de-gestion-de-episodios-criticos-en-coyhaique","status":"publish","type":"post","link":"https:\/\/radiorevelacionfm.cl\/?p=59792","title":{"rendered":"Autoridades realizan balance del per\u00edodo de Gesti\u00f3n de Episodios Cr\u00edticos en Coyhaique"},"content":{"rendered":"<div class=\"flex_column av_one_full  flex_column_div av-zero-column-padding first  avia-builder-el-0  el_before_av_one_full  avia-builder-el-first  \" style='border-radius:0px; '><div  class='avia-image-container  av-styling-    avia-builder-el-1  avia-builder-el-no-sibling  avia-align-center '  itemprop=\"image\" itemscope=\"itemscope\" itemtype=\"https:\/\/schema.org\/ImageObject\"  ><div class='avia-image-container-inner'><div class='avia-image-overlay-wrap'><img decoding=\"async\" class='wp-image-59793 avia-img-lazy-loading-not-59793 avia_image' src=\"https:\/\/radiorevelacionfm.cl\/wp-content\/uploads\/2025\/10\/1-2025-10-01t193736_optimized.272-1.jpeg\" alt='' title='1---2025-10-01t193736_optimized.272-(1)' height=\"600\" width=\"1067\"  itemprop=\"thumbnailUrl\" srcset=\"https:\/\/radiorevelacionfm.cl\/wp-content\/uploads\/2025\/10\/1-2025-10-01t193736_optimized.272-1.jpeg 1067w, https:\/\/radiorevelacionfm.cl\/wp-content\/uploads\/2025\/10\/1-2025-10-01t193736_optimized.272-1-300x169.jpeg 300w, https:\/\/radiorevelacionfm.cl\/wp-content\/uploads\/2025\/10\/1-2025-10-01t193736_optimized.272-1-1030x579.jpeg 1030w, https:\/\/radiorevelacionfm.cl\/wp-content\/uploads\/2025\/10\/1-2025-10-01t193736_optimized.272-1-768x432.jpeg 768w, https:\/\/radiorevelacionfm.cl\/wp-content\/uploads\/2025\/10\/1-2025-10-01t193736_optimized.272-1-705x396.jpeg 705w, https:\/\/radiorevelacionfm.cl\/wp-content\/uploads\/2025\/10\/1-2025-10-01t193736_optimized.272-1-450x253.jpeg 450w, https:\/\/radiorevelacionfm.cl\/wp-content\/uploads\/2025\/10\/1-2025-10-01t193736_optimized.272-1-600x337.jpeg 600w\" sizes=\"(max-width: 1067px) 100vw, 1067px\" \/><\/div><\/div><\/div><\/div><div class=\"flex_column av_one_full  flex_column_div av-zero-column-padding first  avia-builder-el-2  el_after_av_one_full  el_before_av_one_full  column-top-margin\" style='border-radius:0px; '><section class=\"av_textblock_section \"  itemscope=\"itemscope\" itemtype=\"https:\/\/schema.org\/BlogPosting\" itemprop=\"blogPost\" ><div class='avia_textblock  '   itemprop=\"text\" ><p style=\"text-align: center;\"><strong><span style=\"font-size: 18pt;\">Autoridades realizan balance del per\u00edodo de Gesti\u00f3n de Episodios Cr\u00edticos en Coyhaique<\/span><\/strong><\/p>\n<div id=\"gtx-trans\" style=\"position: absolute; left: -50px; top: 4.31534px;\">\n<div class=\"gtx-trans-icon\"><\/div>\n<\/div>\n<\/div><\/section><\/div><div class=\"flex_column av_one_full  flex_column_div av-zero-column-padding first  avia-builder-el-4  el_after_av_one_full  el_before_av_hr  column-top-margin\" style='border-radius:0px; '><section class=\"av_textblock_section \"  itemscope=\"itemscope\" itemtype=\"https:\/\/schema.org\/BlogPosting\" itemprop=\"blogPost\" ><div class='avia_textblock  '   itemprop=\"text\" ><p style=\"text-align: justify;\">El 30 de septiembre concluy\u00f3 el periodo de Gesti\u00f3n de Episodios Cr\u00edticos GEC en la zona saturada de Coyhaique, per\u00edodo de 6 meses que se extiende desde el primero de abril y que considera las restricciones y recomendaciones indicadas en el Plan de Descontaminaci\u00f3n Atmosf\u00e9rica para monitorear y disminuir la contaminaci\u00f3n del aire asociada a la calefacci\u00f3n domiciliaria a le\u00f1a en los meses de oto\u00f1o e invierno.<\/p>\n<p style=\"text-align: justify;\">Seg\u00fan indica el reporte del a\u00f1o 2025, durante este periodo GEC, se registraron un total de 73 episodios cr\u00edticos constatados, un 16% menos que el periodo 2024. Los episodios cr\u00edticos constatados se desglosan en 31 alertas, 23 preemergencias y 19 episodios de emergencia ambiental. De estos episodios se destaca que las preemergencias ambientales disminuyen en un 33% y las emergencias en un 14% durante el periodo 2025 respecto al a\u00f1o anterior.<\/p>\n<p style=\"text-align: justify;\">\u201cDe las emergencias ambientales, la cantidad de horas totales que estuvimos expuestos a contaminantes disminuy\u00f3\u00a0 casi a la mitad, pasamos de 599 en el a\u00f1o 2024 a 314 en el a\u00f1o 2025 y eso es una muy buena noticia;\u00a0 un 48% de disminuci\u00f3n (\u2026) tambi\u00e9n es importante mencionar que desde el a\u00f1o 2016 al 2025 donde comenzamos con 56 episodios de calidad del aire BUENO, este a\u00f1o logramos llegar a 110,\u00a0 estamos duplicando la cantidad de episodios buenos y eso es tambi\u00e9n una buena noticia para la salud de las personas\u201d, declar\u00f3 el Seremi del Medio Ambiente, Yoal D\u00edaz.<\/p>\n<p style=\"text-align: justify;\">En una mirada hist\u00f3rica, la autoridad ambiental relev\u00f3 que, independiente de las condiciones meteorol\u00f3gicas, en conjunto las medidas del PDA han ido haciendo frente a la problem\u00e1tica logrando disminuciones graduales en los episodios cr\u00edticos, por cuanto; el a\u00f1o 2016, a\u00f1o en que se inicia el Plan de Descontaminaci\u00f3n Atmosf\u00e9rica de Coyhaique, los episodios constatados fueron 127 (m\u00e1s de 4 meses), mientras que el a\u00f1o 2025 tuvimos en total 73 episodios lo que significa un 43% menos de episodios cr\u00edticos respecto al a\u00f1o 2016.<\/p>\n<p style=\"text-align: justify;\">Los datos de calidad del aire tambi\u00e9n reflejan lo que fue este a\u00f1o en t\u00e9rminos meteorol\u00f3gicos y en las emisiones evitadas producto de las mejoras en eficiencia energ\u00e9tica de viviendas y del recambio de calefactores que este a\u00f1o tambi\u00e9n cumpli\u00f3 el 67% de la meta con el recambio N\u00b0 10.000.<\/p>\n<p style=\"text-align: justify;\">El Delegado Presidencial Regional, Jorge D\u00edaz destac\u00f3 que \u201caqu\u00ed el rol de la ciudadan\u00eda ha sido clave, no solamente porque tenemos m\u00e1s revestimiento t\u00e9rmico de viviendas, lo que considera menor gasto de combustible, menos le\u00f1a, y el recambio de calefactores, que es una pol\u00edtica que contin\u00faa vigente, todo eso contribuye, pero lo que nosotros valoramos es la actitud de los ciudadanos, porque en nuestra ciudad capital quienes contaminan somos nosotros, es toda la ciudadan\u00eda.\u201d<\/p>\n<p style=\"text-align: justify;\">En t\u00e9rminos de fiscalizaci\u00f3n, es labor de la Superintendencia del Medio Ambiente SMA, verificar el cumplimiento de la prohibici\u00f3n del uso de artefactos a le\u00f1a en establecimientos p\u00fablicos, municipales y comercio local, medida que seg\u00fan reporta la Superintendencia, se realizaron 55 visitas de fiscalizaci\u00f3n y en cuanto a la humedad de la le\u00f1a realizaron 5 fiscalizaciones. \u201cCon mucha alegr\u00eda podemos decir de que a\u00f1o a a\u00f1o hemos ido constatando desde esta Superintendencia, un mayor cumplimiento, un mayor entendimiento de estas pol\u00edticas y de estas obligaciones. La recepci\u00f3n de la comunidad, de los locales comerciales, al ser fiscalizados incluso de los comerciantes de le\u00f1a, cada vez es m\u00e1s positiva porque entienden el valioso aporte que significa el cumplir estas obligaciones para la contaminaci\u00f3n del aire que finalmente respiramos todos\u201d, declar\u00f3 el Jefe de la Oficina Regional de la SMA, Oscar Leal\u201d.<\/p>\n<p style=\"text-align: justify;\">As\u00ed tambi\u00e9n, durante el per\u00edodo GEC, es responsabilidad de la SEREMI de Salud, la fiscalizaci\u00f3n de las restricciones en la zona saturada, activadas durante episodios de emergencia, pre emergencia y alerta. Desde la SEREMI de Salud reportan que durante el periodo GEC 2025 se realizaron 25 instancias de fiscalizaci\u00f3n, en los que se estima, abarcaron un total de 346 manzanas y 9159 viviendas, de acuerdo con los geodatos abiertos del Instituto Nacional de Estad\u00edsticas (INE).<\/p>\n<p style=\"text-align: justify;\">Finalmente la Seremi del Deporte, Eugenia Dur\u00e1n explic\u00f3 \u201cEste a\u00f1o quisimos ir un poco m\u00e1s all\u00e1 respecto de las medidas de autocuidado y fortalecer el autocuidado en nuestros y nuestras deportistas (\u2026) sabemos que es una medida impopular\u00a0 pero en los d\u00edas de emergencia y preemergencia restringimos el acceso al estadio en sus \u00e1reas al aire libre\u201d, aclarando que se sigui\u00f3 promoviendo la actividad f\u00edsica de baja intensidad en espacios cerrados y anunci\u00f3 que con el fin del periodo GEC, concluyen tambi\u00e9n las restricciones de acceso y coincide adem\u00e1s con el horario de verano que permite actividades hasta as 22:00 hrs.<\/p>\n<\/div><\/section><\/div><div  style='height:50px' class='hr hr-invisible   avia-builder-el-6  el_after_av_one_full  el_before_av_social_share '><span class='hr-inner ' ><span class='hr-inner-style'><\/span><\/span><\/div><\/p>\n<div  class='av-social-sharing-box  avia-builder-el-7  el_after_av_hr  el_before_av_hr  '><div class='av-share-box'><h5 class='av-share-link-description av-no-toc '>Compartir esta noticia<\/h5><ul class='av-share-box-list noLightbox'><li class='av-share-link av-social-link-facebook' ><a target=\"_blank\" aria-label=\"Compartir en Facebook\" href='https:\/\/www.facebook.com\/sharer.php?u=https:\/\/radiorevelacionfm.cl\/?p=59792&#038;t=Autoridades%20realizan%20balance%20del%20per%C3%ADodo%20de%20Gesti%C3%B3n%20de%20Episodios%20Cr%C3%ADticos%20en%20Coyhaique' aria-hidden='false' data-av_icon='\ue8f3' data-av_iconfont='entypo-fontello' title='' data-avia-related-tooltip='Compartir en Facebook' rel=\"noopener\"><span class='avia_hidden_link_text'>Compartir en Facebook<\/span><\/a><\/li><li class='av-share-link av-social-link-twitter' ><a target=\"_blank\" aria-label=\"Compartir en Twitter\" href='https:\/\/twitter.com\/share?text=Autoridades%20realizan%20balance%20del%20per%C3%ADodo%20de%20Gesti%C3%B3n%20de%20Episodios%20Cr%C3%ADticos%20en%20Coyhaique&#038;url=https:\/\/radiorevelacionfm.cl\/?p=59792' aria-hidden='false' data-av_icon='\ue8f1' data-av_iconfont='entypo-fontello' title='' data-avia-related-tooltip='Compartir en Twitter' rel=\"noopener\"><span class='avia_hidden_link_text'>Compartir en Twitter<\/span><\/a><\/li><li class='av-share-link av-social-link-whatsapp' ><a target=\"_blank\" aria-label=\"Compartir en Whatsapp\" href='https:\/\/api.whatsapp.com\/send?text=https:\/\/radiorevelacionfm.cl\/?p=59792' aria-hidden='false' data-av_icon='\uf232' data-av_iconfont='entypo-fontello' title='' data-avia-related-tooltip='Compartir en Whatsapp' rel=\"noopener\"><span class='avia_hidden_link_text'>Compartir en Whatsapp<\/span><\/a><\/li><li class='av-share-link av-social-link-linkedin' ><a target=\"_blank\" aria-label=\"Compartir en LinkedIn\" href='https:\/\/linkedin.com\/shareArticle?mini=true&#038;title=Autoridades%20realizan%20balance%20del%20per%C3%ADodo%20de%20Gesti%C3%B3n%20de%20Episodios%20Cr%C3%ADticos%20en%20Coyhaique&#038;url=https:\/\/radiorevelacionfm.cl\/?p=59792' aria-hidden='false' data-av_icon='\ue8fc' data-av_iconfont='entypo-fontello' title='' data-avia-related-tooltip='Compartir en LinkedIn' rel=\"noopener\"><span class='avia_hidden_link_text'>Compartir en LinkedIn<\/span><\/a><\/li><li class='av-share-link av-social-link-mail' ><a  aria-label=\"Compartir por correo\" href='mailto:?subject=Autoridades%20realizan%20balance%20del%20per%C3%ADodo%20de%20Gesti%C3%B3n%20de%20Episodios%20Cr%C3%ADticos%20en%20Coyhaique&#038;body=https:\/\/radiorevelacionfm.cl\/?p=59792' aria-hidden='false' data-av_icon='\ue805' data-av_iconfont='entypo-fontello' title='' data-avia-related-tooltip='Compartir por correo'><span class='avia_hidden_link_text'>Compartir por correo<\/span><\/a><\/li><\/ul><\/div><\/div>\n<div  style='height:50px' class='hr hr-invisible   avia-builder-el-8  el_after_av_social_share  el_before_av_comments_list '><span class='hr-inner ' ><span class='hr-inner-style'><\/span><\/span><\/div>\n<div  class='av-buildercomment  av-blog-meta-html-info-disabled av-blog-meta-tag-disabled  '><\/div>\n","protected":false},"excerpt":{"rendered":"","protected":false},"author":1,"featured_media":59793,"comment_status":"closed","ping_status":"closed","sticky":false,"template":"","format":"standard","meta":{"footnotes":""},"categories":[39],"tags":[],"class_list":["post-59792","post","type-post","status-publish","format-standard","has-post-thumbnail","hentry","category-medio-ambiente"],"jetpack_featured_media_url":"https:\/\/radiorevelacionfm.cl\/wp-content\/uploads\/2025\/10\/1-2025-10-01t193736_optimized.272-1.jpeg","_links":{"self":[{"href":"https:\/\/radiorevelacionfm.cl\/index.php?rest_route=\/wp\/v2\/posts\/59792","targetHints":{"allow":["GET"]}}],"collection":[{"href":"https:\/\/radiorevelacionfm.cl\/index.php?rest_route=\/wp\/v2\/posts"}],"about":[{"href":"https:\/\/radiorevelacionfm.cl\/index.php?rest_route=\/wp\/v2\/types\/post"}],"author":[{"embeddable":true,"href":"https:\/\/radiorevelacionfm.cl\/index.php?rest_route=\/wp\/v2\/users\/1"}],"replies":[{"embeddable":true,"href":"https:\/\/radiorevelacionfm.cl\/index.php?rest_route=%2Fwp%2Fv2%2Fcomments&post=59792"}],"version-history":[{"count":2,"href":"https:\/\/radiorevelacionfm.cl\/index.php?rest_route=\/wp\/v2\/posts\/59792\/revisions"}],"predecessor-version":[{"id":59812,"href":"https:\/\/radiorevelacionfm.cl\/index.php?rest_route=\/wp\/v2\/posts\/59792\/revisions\/59812"}],"wp:featuredmedia":[{"embeddable":true,"href":"https:\/\/radiorevelacionfm.cl\/index.php?rest_route=\/wp\/v2\/media\/59793"}],"wp:attachment":[{"href":"https:\/\/radiorevelacionfm.cl\/index.php?rest_route=%2Fwp%2Fv2%2Fmedia&parent=59792"}],"wp:term":[{"taxonomy":"category","embeddable":true,"href":"https:\/\/radiorevelacionfm.cl\/index.php?rest_route=%2Fwp%2Fv2%2Fcategories&post=59792"},{"taxonomy":"post_tag","embeddable":true,"href":"https:\/\/radiorevelacionfm.cl\/index.php?rest_route=%2Fwp%2Fv2%2Ftags&post=59792"}],"curies":[{"name":"wp","href":"https:\/\/api.w.org\/{rel}","templated":true}]}}