{"id":5979,"date":"2021-07-06T12:46:19","date_gmt":"2021-07-06T15:46:19","guid":{"rendered":"https:\/\/radiorevelacionfm.cl\/?p=5979"},"modified":"2021-07-06T12:46:19","modified_gmt":"2021-07-06T15:46:19","slug":"consejeros-regionales-plantean-prioridades-sanitarias-de-aysen-a-subsecretario-de-redes-asistenciales","status":"publish","type":"post","link":"https:\/\/radiorevelacionfm.cl\/?p=5979","title":{"rendered":"Consejeros Regionales plantean prioridades sanitarias de Ays\u00e9n a Subsecretario de Redes Asistenciales"},"content":{"rendered":"<div class=\"flex_column av_one_full  flex_column_div av-zero-column-padding first  avia-builder-el-0  el_before_av_one_full  avia-builder-el-first  \" style='border-radius:0px; '><div  class='avia-image-container  av-styling-    avia-builder-el-1  avia-builder-el-no-sibling  avia-align-center '  itemprop=\"image\" itemscope=\"itemscope\" itemtype=\"https:\/\/schema.org\/ImageObject\"  ><div class='avia-image-container-inner'><div class='avia-image-overlay-wrap'><img decoding=\"async\" class='wp-image-5980 avia-img-lazy-loading-not-5980 avia_image' src=\"https:\/\/radiorevelacionfm.cl\/wp-content\/uploads\/2021\/07\/Consejeros-2021-07-05-1.jpeg\" alt='' title='Consejeros 2021-07-05 (1)' height=\"600\" width=\"800\"  itemprop=\"thumbnailUrl\" srcset=\"https:\/\/radiorevelacionfm.cl\/wp-content\/uploads\/2021\/07\/Consejeros-2021-07-05-1.jpeg 800w, https:\/\/radiorevelacionfm.cl\/wp-content\/uploads\/2021\/07\/Consejeros-2021-07-05-1-300x225.jpeg 300w, https:\/\/radiorevelacionfm.cl\/wp-content\/uploads\/2021\/07\/Consejeros-2021-07-05-1-768x576.jpeg 768w, https:\/\/radiorevelacionfm.cl\/wp-content\/uploads\/2021\/07\/Consejeros-2021-07-05-1-705x529.jpeg 705w, https:\/\/radiorevelacionfm.cl\/wp-content\/uploads\/2021\/07\/Consejeros-2021-07-05-1-600x450.jpeg 600w\" sizes=\"(max-width: 800px) 100vw, 800px\" \/><\/div><\/div><\/div><\/div><div class=\"flex_column av_one_full  flex_column_div av-zero-column-padding first  avia-builder-el-2  el_after_av_one_full  el_before_av_one_full  column-top-margin\" style='border-radius:0px; '><section class=\"av_textblock_section \"  itemscope=\"itemscope\" itemtype=\"https:\/\/schema.org\/BlogPosting\" itemprop=\"blogPost\" ><div class='avia_textblock  '   itemprop=\"text\" ><p style=\"text-align: center;\"><strong><span style=\"font-size: 18pt;\">Consejeros Regionales plantean prioridades sanitarias de Ays\u00e9n a Subsecretario de Redes Asistenciales<\/span><\/strong><\/p>\n<div id=\"gtx-trans\" style=\"position: absolute; left: -50px; top: 4.31534px;\">\n<div class=\"gtx-trans-icon\"><\/div>\n<\/div>\n<\/div><\/section><\/div><div class=\"flex_column av_one_full  flex_column_div av-zero-column-padding first  avia-builder-el-4  el_after_av_one_full  el_before_av_hr  column-top-margin\" style='border-radius:0px; '><section class=\"av_textblock_section \"  itemscope=\"itemscope\" itemtype=\"https:\/\/schema.org\/BlogPosting\" itemprop=\"blogPost\" ><div class='avia_textblock  '   itemprop=\"text\" ><p class=\"v1MsoNormal\" style=\"text-align: justify;\">Buscando garantizar el cumplimiento de compromisos adquiridos en materia sanitaria para la Regi\u00f3n de Ays\u00e9n, una delegaci\u00f3n del Consejo Regional (CORE) trabaj\u00f3 la tarde de este lunes en dependencias el Ministerio de Salud, con el subsecretario de Redes Asistenciales, Alberto Dougnac.<\/p>\n<p class=\"v1MsoNormal\" style=\"text-align: justify;\">En la reuni\u00f3n participaron el presidente del CORE, Sergio Gonz\u00e1lez, y los consejeros Ra\u00fal Rudolphi y Carlos Quintul, quienes enfatizaron la necesidad de fortalecer el sistema de salud p\u00fablica regional.<\/p>\n<p class=\"v1MsoNormal\" style=\"text-align: justify;\">\u00abEsta mirada y atenci\u00f3n especial que tiene el Consejo Regional de la Red Asistencial en la regi\u00f3n, c\u00f3mo fortalecemos nuestra Red. Puntos importantes, son el tercer CESFAM, con el SAPU avanzado en el caso de Coyhaique; c\u00f3mo avanzamos tambi\u00e9n en la mediana complejidad del Hospital de Puerto Ays\u00e9n, muy importante para las familias del litoral y, tambi\u00e9n, los m\u00f3dulos cr\u00edticos del Hospital Regional de Coyhaique, la Sala de Esterilizaci\u00f3n, el Quinto Pabell\u00f3n con hemodinamia y la UCI Pedi\u00e1trica, son inversiones muy necesarias\u00bb, sintetiz\u00f3 el consejero Ra\u00fal Rudolphi al t\u00e9rmino de la jornada.<\/p>\n<p class=\"v1MsoNormal\" style=\"text-align: justify;\">Sergio Gonz\u00e1lez destac\u00f3 que, adem\u00e1s, se abordara proyectos del Convenio de Programaci\u00f3n con el Ministerio de Salud, como la Sala de Esterilizaci\u00f3n del Hospital Regional Coyhaique.<\/p>\n<p class=\"v1MsoNormal\" style=\"text-align: justify;\">\u00abLa ejecuci\u00f3n del proyecto del Hospital de Chile Chico, que si bien estamos muy contentos de que se ha dado el visto bueno de Contralor\u00eda para iniciar, a trav\u00e9s del MOP, la ejecuci\u00f3n y la firma de convenio, no es menor que en el corto plazo se pudieran generar algunos problemas que tienen que ver con el presupuesto definitivo que pudiera llegar a tener esta obra. Por otro lado, tambi\u00e9n pudimos poner temas en discusi\u00f3n, como el proyecto de tercer CESFAM para Coyhaique\u00bb, sostuvo.<\/p>\n<p class=\"v1MsoNormal\" style=\"text-align: justify;\">Carlos Quintul destac\u00f3 la instancia para agilizar compromisos de salud como, en especial, el anhelado Hospital Leopoldo Ortega de Chile Chico.<\/p>\n<p class=\"v1MsoNormal\" style=\"text-align: justify;\">\u00abEs un hospital que viene a solucionar un tema muy importante como es la salud en estos tiempos de pandemia y tambi\u00e9n viene a generar mano de obra local. Avanzar en este tema en lo que es la falta o un excedente de recursos que necesita este hospital que son un 2 o % m\u00e1s para el avance de esta obra, as\u00ed es que contento, ya que podemos llevar soluciones concretas a nuestra gente, que necesita de este hospital, ya que ha esperado muchos a\u00f1os\u00bb, se\u00f1al\u00f3.<\/p>\n<p class=\"v1MsoNormal\" style=\"text-align: justify;\">\u00abTener la oportunidad de hablar con las autoridades regionales, siempre es muy provechoso y conocer de los primeros actores las necesidades regionales. Es importante, porque nosotros sabemos -en boca de sus representantes- cu\u00e1les son los puntos donde nos debemos enfocar, para ir resolviendo los problemas que m\u00e1s apremian a la comunidad de Ays\u00e9n\u00bb, concluy\u00f3 el subsecretario Dougnac.<\/p>\n<p class=\"v1MsoNormal\" style=\"text-align: justify;\">Por otra parte, en la reuni\u00f3n tambi\u00e9n se dio a conocer la preocupaci\u00f3n del mundo del deporte, en cuanto a la necesidad de evaluar un aumento de los aforos ante la fase dos en Coyhaique, Ays\u00e9n y Cisnes, a partir de este jueves, lo que ser\u00eda analizado por la autoridad sanitaria del nivel central.<\/p>\n<\/div><\/section><\/div><div  style='height:50px' class='hr hr-invisible   avia-builder-el-6  el_after_av_one_full  el_before_av_social_share '><span class='hr-inner ' ><span class='hr-inner-style'><\/span><\/span><\/div><\/p>\n<div  class='av-social-sharing-box  avia-builder-el-7  el_after_av_hr  el_before_av_hr  '><div class='av-share-box'><h5 class='av-share-link-description av-no-toc '>Compartir esta noticia<\/h5><ul class='av-share-box-list noLightbox'><li class='av-share-link av-social-link-facebook' ><a target=\"_blank\" aria-label=\"Compartir en Facebook\" href='https:\/\/www.facebook.com\/sharer.php?u=https:\/\/radiorevelacionfm.cl\/?p=5979&#038;t=Consejeros%20Regionales%20plantean%20prioridades%20sanitarias%20de%20Ays%C3%A9n%20a%20Subsecretario%20de%20Redes%20Asistenciales' aria-hidden='false' data-av_icon='\ue8f3' data-av_iconfont='entypo-fontello' title='' data-avia-related-tooltip='Compartir en Facebook' rel=\"noopener\"><span class='avia_hidden_link_text'>Compartir en Facebook<\/span><\/a><\/li><li class='av-share-link av-social-link-twitter' ><a target=\"_blank\" aria-label=\"Compartir en Twitter\" href='https:\/\/twitter.com\/share?text=Consejeros%20Regionales%20plantean%20prioridades%20sanitarias%20de%20Ays%C3%A9n%20a%20Subsecretario%20de%20Redes%20Asistenciales&#038;url=https:\/\/radiorevelacionfm.cl\/?p=5979' aria-hidden='false' data-av_icon='\ue8f1' data-av_iconfont='entypo-fontello' title='' data-avia-related-tooltip='Compartir en Twitter' rel=\"noopener\"><span class='avia_hidden_link_text'>Compartir en Twitter<\/span><\/a><\/li><li class='av-share-link av-social-link-whatsapp' ><a target=\"_blank\" aria-label=\"Compartir en Whatsapp\" href='https:\/\/api.whatsapp.com\/send?text=https:\/\/radiorevelacionfm.cl\/?p=5979' aria-hidden='false' data-av_icon='\uf232' data-av_iconfont='entypo-fontello' title='' data-avia-related-tooltip='Compartir en Whatsapp' rel=\"noopener\"><span class='avia_hidden_link_text'>Compartir en Whatsapp<\/span><\/a><\/li><li class='av-share-link av-social-link-linkedin' ><a target=\"_blank\" aria-label=\"Compartir en LinkedIn\" href='https:\/\/linkedin.com\/shareArticle?mini=true&#038;title=Consejeros%20Regionales%20plantean%20prioridades%20sanitarias%20de%20Ays%C3%A9n%20a%20Subsecretario%20de%20Redes%20Asistenciales&#038;url=https:\/\/radiorevelacionfm.cl\/?p=5979' aria-hidden='false' data-av_icon='\ue8fc' data-av_iconfont='entypo-fontello' title='' data-avia-related-tooltip='Compartir en LinkedIn' rel=\"noopener\"><span class='avia_hidden_link_text'>Compartir en LinkedIn<\/span><\/a><\/li><li class='av-share-link av-social-link-mail' ><a  aria-label=\"Compartir por correo\" href='mailto:?subject=Consejeros%20Regionales%20plantean%20prioridades%20sanitarias%20de%20Ays%C3%A9n%20a%20Subsecretario%20de%20Redes%20Asistenciales&#038;body=https:\/\/radiorevelacionfm.cl\/?p=5979' aria-hidden='false' data-av_icon='\ue805' data-av_iconfont='entypo-fontello' title='' data-avia-related-tooltip='Compartir por correo'><span class='avia_hidden_link_text'>Compartir por correo<\/span><\/a><\/li><\/ul><\/div><\/div>\n<div  style='height:50px' class='hr hr-invisible   avia-builder-el-8  el_after_av_social_share  el_before_av_comments_list '><span class='hr-inner ' ><span class='hr-inner-style'><\/span><\/span><\/div>\n<div  class='av-buildercomment  av-blog-meta-html-info-disabled av-blog-meta-tag-disabled  '><\/div>\n","protected":false},"excerpt":{"rendered":"","protected":false},"author":1,"featured_media":5980,"comment_status":"open","ping_status":"open","sticky":false,"template":"","format":"standard","meta":{"footnotes":""},"categories":[38],"tags":[],"class_list":["post-5979","post","type-post","status-publish","format-standard","has-post-thumbnail","hentry","category-regional"],"jetpack_featured_media_url":"https:\/\/radiorevelacionfm.cl\/wp-content\/uploads\/2021\/07\/Consejeros-2021-07-05-1.jpeg","_links":{"self":[{"href":"https:\/\/radiorevelacionfm.cl\/index.php?rest_route=\/wp\/v2\/posts\/5979","targetHints":{"allow":["GET"]}}],"collection":[{"href":"https:\/\/radiorevelacionfm.cl\/index.php?rest_route=\/wp\/v2\/posts"}],"about":[{"href":"https:\/\/radiorevelacionfm.cl\/index.php?rest_route=\/wp\/v2\/types\/post"}],"author":[{"embeddable":true,"href":"https:\/\/radiorevelacionfm.cl\/index.php?rest_route=\/wp\/v2\/users\/1"}],"replies":[{"embeddable":true,"href":"https:\/\/radiorevelacionfm.cl\/index.php?rest_route=%2Fwp%2Fv2%2Fcomments&post=5979"}],"version-history":[{"count":1,"href":"https:\/\/radiorevelacionfm.cl\/index.php?rest_route=\/wp\/v2\/posts\/5979\/revisions"}],"predecessor-version":[{"id":5981,"href":"https:\/\/radiorevelacionfm.cl\/index.php?rest_route=\/wp\/v2\/posts\/5979\/revisions\/5981"}],"wp:featuredmedia":[{"embeddable":true,"href":"https:\/\/radiorevelacionfm.cl\/index.php?rest_route=\/wp\/v2\/media\/5980"}],"wp:attachment":[{"href":"https:\/\/radiorevelacionfm.cl\/index.php?rest_route=%2Fwp%2Fv2%2Fmedia&parent=5979"}],"wp:term":[{"taxonomy":"category","embeddable":true,"href":"https:\/\/radiorevelacionfm.cl\/index.php?rest_route=%2Fwp%2Fv2%2Fcategories&post=5979"},{"taxonomy":"post_tag","embeddable":true,"href":"https:\/\/radiorevelacionfm.cl\/index.php?rest_route=%2Fwp%2Fv2%2Ftags&post=5979"}],"curies":[{"name":"wp","href":"https:\/\/api.w.org\/{rel}","templated":true}]}}