{"id":59786,"date":"2025-10-01T21:59:29","date_gmt":"2025-10-02T00:59:29","guid":{"rendered":"https:\/\/radiorevelacionfm.cl\/?p=59786"},"modified":"2025-10-01T21:59:29","modified_gmt":"2025-10-02T00:59:29","slug":"abren-postulaciones-al-programa-latitudes-austral-para-emprendedores-de-aysen-y-magallanes","status":"publish","type":"post","link":"https:\/\/radiorevelacionfm.cl\/?p=59786","title":{"rendered":"Abren postulaciones al Programa Latitudes Austral para emprendedores de Ays\u00e9n y Magallanes"},"content":{"rendered":"<div class=\"flex_column av_one_full  flex_column_div av-zero-column-padding first  avia-builder-el-0  el_before_av_one_full  avia-builder-el-first  \" style='border-radius:0px; '><div  class='avia-image-container  av-styling-    avia-builder-el-1  avia-builder-el-no-sibling  avia-align-center '  itemprop=\"image\" itemscope=\"itemscope\" itemtype=\"https:\/\/schema.org\/ImageObject\"  ><div class='avia-image-container-inner'><div class='avia-image-overlay-wrap'><img decoding=\"async\" class='wp-image-59787 avia-img-lazy-loading-not-59787 avia_image' src=\"https:\/\/radiorevelacionfm.cl\/wp-content\/uploads\/2025\/10\/pexels-olly-826349-1-1.jpg\" alt='' title='pexels-olly-826349 (1) (1)' height=\"600\" width=\"900\"  itemprop=\"thumbnailUrl\" srcset=\"https:\/\/radiorevelacionfm.cl\/wp-content\/uploads\/2025\/10\/pexels-olly-826349-1-1.jpg 900w, https:\/\/radiorevelacionfm.cl\/wp-content\/uploads\/2025\/10\/pexels-olly-826349-1-1-300x200.jpg 300w, https:\/\/radiorevelacionfm.cl\/wp-content\/uploads\/2025\/10\/pexels-olly-826349-1-1-768x512.jpg 768w, https:\/\/radiorevelacionfm.cl\/wp-content\/uploads\/2025\/10\/pexels-olly-826349-1-1-705x470.jpg 705w, https:\/\/radiorevelacionfm.cl\/wp-content\/uploads\/2025\/10\/pexels-olly-826349-1-1-450x300.jpg 450w, https:\/\/radiorevelacionfm.cl\/wp-content\/uploads\/2025\/10\/pexels-olly-826349-1-1-600x400.jpg 600w\" sizes=\"(max-width: 900px) 100vw, 900px\" \/><\/div><\/div><\/div><\/div><div class=\"flex_column av_one_full  flex_column_div av-zero-column-padding first  avia-builder-el-2  el_after_av_one_full  el_before_av_one_full  column-top-margin\" style='border-radius:0px; '><section class=\"av_textblock_section \"  itemscope=\"itemscope\" itemtype=\"https:\/\/schema.org\/BlogPosting\" itemprop=\"blogPost\" ><div class='avia_textblock  '   itemprop=\"text\" ><p style=\"text-align: center;\"><strong><span style=\"font-size: 18pt;\">Abren postulaciones al Programa Latitudes Austral para emprendedores de Ays\u00e9n y Magallanes<\/span><\/strong><\/p>\n<div id=\"gtx-trans\" style=\"position: absolute; left: -50px; top: 4.31534px;\">\n<div class=\"gtx-trans-icon\"><\/div>\n<\/div>\n<\/div><\/section><\/div><div class=\"flex_column av_one_full  flex_column_div av-zero-column-padding first  avia-builder-el-4  el_after_av_one_full  el_before_av_hr  column-top-margin\" style='border-radius:0px; '><section class=\"av_textblock_section \"  itemscope=\"itemscope\" itemtype=\"https:\/\/schema.org\/BlogPosting\" itemprop=\"blogPost\" ><div class='avia_textblock  '   itemprop=\"text\" ><p style=\"font-weight: 400; text-align: justify;\"><em>Con el apoyo de Corfo y la ejecuci\u00f3n de IncubatecUFRO, se abri\u00f3 la convocatoria a la tercera generaci\u00f3n de este programa de incubaci\u00f3n para emprendedores de las regiones australes del pa\u00eds, el cual busca potenciar ideas y prototipos innovadores con impacto y sostenibilidad.<\/em><\/p>\n<p style=\"font-weight: 400; text-align: justify;\">La Potenciadora de Negocios de la Universidad de La Frontera, IncubatecUFRO, que mantiene operaciones en Ays\u00e9n, lanz\u00f3 con el apoyo de Corfo la nueva versi\u00f3n del <a href=\"https:\/\/incubatecufro.cl\/latitudesaustral\/\" data-saferedirecturl=\"https:\/\/www.google.com\/url?q=https:\/\/incubatecufro.cl\/latitudesaustral\/&amp;source=gmail&amp;ust=1759435799216000&amp;usg=AOvVaw2bOuE2Haq0a3VdAyFIGsIm\">Programa Latitudes Austral<\/a>, concretando as\u00ed su Tercera Generaci\u00f3n, que busca nuevamente a cerca de 50 emprendimientos de esta regi\u00f3n y de Magallanes en conjunto.<\/p>\n<p style=\"font-weight: 400; text-align: justify;\">El director de Corfo Ays\u00e9n, Humberto Mar\u00edn Leiva, destac\u00f3 que esta iniciativa reafirma el compromiso de ambas instituciones con los emprendedores de las regiones australes. El programa busca acompa\u00f1ar a quienes cuentan con ideas en etapa temprana para que puedan transformarlas en proyectos sostenibles y con impacto territorial. En ese contexto, Mar\u00edn subray\u00f3 que \u201cqueremos que quienes tienen una idea con potencial sepan que no est\u00e1n solos y que existen redes dispuestas a acompa\u00f1arlos en sus primeros pasos\u201d. Asimismo, recalc\u00f3 que \u201cLatitudes Austral es una puerta de entrada al ecosistema de innovaci\u00f3n, donde cada proyecto puede crecer con las herramientas correctas\u201d, aludiendo a la formaci\u00f3n, asesor\u00eda t\u00e9cnica y acceso a redes estrat\u00e9gicas que entrega el programa para validar y proyectar cada emprendimiento en el mercado.<\/p>\n<p style=\"font-weight: 400; text-align: justify;\"><strong>ACOMPA\u00d1AMIENTO Y REDES ESTRAT\u00c9GICAS<\/strong><\/p>\n<p style=\"font-weight: 400; text-align: justify;\">El Programa Latitudes Austral tiene por objetivo fortalecer el ecosistema emprendedor en las regiones de Ays\u00e9n y Magallanes al impulsar proyectos en sus primeras etapas y transformar ideas con potencial en negocios sostenibles. La iniciativa entrega acompa\u00f1amiento t\u00e9cnico, formaci\u00f3n especializada, vinculaci\u00f3n con redes estrat\u00e9gicas y herramientas que permiten validar comercialmente propuestas innovadoras con capacidad de crecimiento.<\/p>\n<p style=\"font-weight: 400; text-align: justify;\">Pedro Araneda, representante zonal de IncubatecUFRO en Ays\u00e9n, destac\u00f3 que fueron m\u00e1s de 100 emprendedores de Ays\u00e9n y Magallanes los beneficiados en las dos generaciones anteriores al fortalecer proyectos innovadores, validarlos y conectarlos con redes y financiamiento.<\/p>\n<p style=\"font-weight: 400; text-align: justify;\">\u201cEl Programa Latitudes Austral abre nuevamente sus puertas para que los emprendedores de Ays\u00e9n y Magallanes lleven sus ideas a otro nivel. Queremos que m\u00e1s emprendimientos de alto potencial de innovaci\u00f3n se sumen y logren despegar sus proyectos a trav\u00e9s de un acompa\u00f1amiento t\u00e9cnico, financiero, con formaci\u00f3n y acceso a redes de gran valor\u201d, puntualiz\u00f3.<\/p>\n<p style=\"font-weight: 400; text-align: justify;\">Los participantes acceden a un plan de trabajo personalizado que incluye instancias de formaci\u00f3n a trav\u00e9s de la Academia IncubatecUFRO, retroalimentaci\u00f3n de expertos mediante el Consejo Emprendedor y la posibilidad de integrarse a una comunidad din\u00e1mica que potencia el networking y la colaboraci\u00f3n entre equipos. El programa tambi\u00e9n ofrece acompa\u00f1amiento constante para el seguimiento de la hoja de ruta, orientaci\u00f3n estrat\u00e9gica y apoyo en la postulaci\u00f3n a instrumentos p\u00fablicos de financiamiento.<\/p>\n<p style=\"font-weight: 400; text-align: justify;\">La convocatoria est\u00e1 dirigida a personas naturales y jur\u00eddicas que cuenten con proyectos en fase de idea o prototipo incipiente y que requieran validaci\u00f3n comercial. Se busca que las propuestas tengan alg\u00fan grado de diferenciaci\u00f3n o innovaci\u00f3n, y que sus equipos cumplan con requisitos b\u00e1sicos como no tener deudas fiscales y mantener domicilio comercial en Chile. En el caso de personas naturales, los postulantes deben ser mayores de 18 a\u00f1os.<\/p>\n<p style=\"font-weight: 400; text-align: justify;\">La convocatoria actual se encuentra abierta hasta el 26 de octubre a las 23:30 horas y representa una oportunidad \u00fanica para quienes buscan validar y consolidar sus proyectos en el sur austral del pa\u00eds. Las postulaciones est\u00e1n disponibles a trav\u00e9s del sitio web\u00a0<a href=\"http:\/\/www.incubatecufro.cl\/latitudesaustral\" data-saferedirecturl=\"https:\/\/www.google.com\/url?q=http:\/\/www.incubatecufro.cl\/latitudesaustral&amp;source=gmail&amp;ust=1759435799216000&amp;usg=AOvVaw2jY9BixP5dssOeaMpqRrvy\">www.incubatecufro.cl\/latitudesaustral<\/a><\/p>\n<\/div><\/section><\/div><div  style='height:50px' class='hr hr-invisible   avia-builder-el-6  el_after_av_one_full  el_before_av_social_share '><span class='hr-inner ' ><span class='hr-inner-style'><\/span><\/span><\/div><\/p>\n<div  class='av-social-sharing-box  avia-builder-el-7  el_after_av_hr  el_before_av_hr  '><div class='av-share-box'><h5 class='av-share-link-description av-no-toc '>Compartir esta noticia<\/h5><ul class='av-share-box-list noLightbox'><li class='av-share-link av-social-link-facebook' ><a target=\"_blank\" aria-label=\"Compartir en Facebook\" href='https:\/\/www.facebook.com\/sharer.php?u=https:\/\/radiorevelacionfm.cl\/?p=59786&#038;t=Abren%20postulaciones%20al%20Programa%20Latitudes%20Austral%20para%20emprendedores%20de%20Ays%C3%A9n%20y%20Magallanes' aria-hidden='false' data-av_icon='\ue8f3' data-av_iconfont='entypo-fontello' title='' data-avia-related-tooltip='Compartir en Facebook' rel=\"noopener\"><span class='avia_hidden_link_text'>Compartir en Facebook<\/span><\/a><\/li><li class='av-share-link av-social-link-twitter' ><a target=\"_blank\" aria-label=\"Compartir en Twitter\" href='https:\/\/twitter.com\/share?text=Abren%20postulaciones%20al%20Programa%20Latitudes%20Austral%20para%20emprendedores%20de%20Ays%C3%A9n%20y%20Magallanes&#038;url=https:\/\/radiorevelacionfm.cl\/?p=59786' aria-hidden='false' data-av_icon='\ue8f1' data-av_iconfont='entypo-fontello' title='' data-avia-related-tooltip='Compartir en Twitter' rel=\"noopener\"><span class='avia_hidden_link_text'>Compartir en Twitter<\/span><\/a><\/li><li class='av-share-link av-social-link-whatsapp' ><a target=\"_blank\" aria-label=\"Compartir en Whatsapp\" href='https:\/\/api.whatsapp.com\/send?text=https:\/\/radiorevelacionfm.cl\/?p=59786' aria-hidden='false' data-av_icon='\uf232' data-av_iconfont='entypo-fontello' title='' data-avia-related-tooltip='Compartir en Whatsapp' rel=\"noopener\"><span class='avia_hidden_link_text'>Compartir en Whatsapp<\/span><\/a><\/li><li class='av-share-link av-social-link-linkedin' ><a target=\"_blank\" aria-label=\"Compartir en LinkedIn\" href='https:\/\/linkedin.com\/shareArticle?mini=true&#038;title=Abren%20postulaciones%20al%20Programa%20Latitudes%20Austral%20para%20emprendedores%20de%20Ays%C3%A9n%20y%20Magallanes&#038;url=https:\/\/radiorevelacionfm.cl\/?p=59786' aria-hidden='false' data-av_icon='\ue8fc' data-av_iconfont='entypo-fontello' title='' data-avia-related-tooltip='Compartir en LinkedIn' rel=\"noopener\"><span class='avia_hidden_link_text'>Compartir en LinkedIn<\/span><\/a><\/li><li class='av-share-link av-social-link-mail' ><a  aria-label=\"Compartir por correo\" href='mailto:?subject=Abren%20postulaciones%20al%20Programa%20Latitudes%20Austral%20para%20emprendedores%20de%20Ays%C3%A9n%20y%20Magallanes&#038;body=https:\/\/radiorevelacionfm.cl\/?p=59786' aria-hidden='false' data-av_icon='\ue805' data-av_iconfont='entypo-fontello' title='' data-avia-related-tooltip='Compartir por correo'><span class='avia_hidden_link_text'>Compartir por correo<\/span><\/a><\/li><\/ul><\/div><\/div>\n<div  style='height:50px' class='hr hr-invisible   avia-builder-el-8  el_after_av_social_share  el_before_av_comments_list '><span class='hr-inner ' ><span class='hr-inner-style'><\/span><\/span><\/div>\n<div  class='av-buildercomment  av-blog-meta-html-info-disabled av-blog-meta-tag-disabled  '><\/div>\n","protected":false},"excerpt":{"rendered":"","protected":false},"author":1,"featured_media":59787,"comment_status":"closed","ping_status":"closed","sticky":false,"template":"","format":"standard","meta":{"footnotes":""},"categories":[38],"tags":[],"class_list":["post-59786","post","type-post","status-publish","format-standard","has-post-thumbnail","hentry","category-regional"],"jetpack_featured_media_url":"https:\/\/radiorevelacionfm.cl\/wp-content\/uploads\/2025\/10\/pexels-olly-826349-1-1.jpg","_links":{"self":[{"href":"https:\/\/radiorevelacionfm.cl\/index.php?rest_route=\/wp\/v2\/posts\/59786","targetHints":{"allow":["GET"]}}],"collection":[{"href":"https:\/\/radiorevelacionfm.cl\/index.php?rest_route=\/wp\/v2\/posts"}],"about":[{"href":"https:\/\/radiorevelacionfm.cl\/index.php?rest_route=\/wp\/v2\/types\/post"}],"author":[{"embeddable":true,"href":"https:\/\/radiorevelacionfm.cl\/index.php?rest_route=\/wp\/v2\/users\/1"}],"replies":[{"embeddable":true,"href":"https:\/\/radiorevelacionfm.cl\/index.php?rest_route=%2Fwp%2Fv2%2Fcomments&post=59786"}],"version-history":[{"count":2,"href":"https:\/\/radiorevelacionfm.cl\/index.php?rest_route=\/wp\/v2\/posts\/59786\/revisions"}],"predecessor-version":[{"id":59810,"href":"https:\/\/radiorevelacionfm.cl\/index.php?rest_route=\/wp\/v2\/posts\/59786\/revisions\/59810"}],"wp:featuredmedia":[{"embeddable":true,"href":"https:\/\/radiorevelacionfm.cl\/index.php?rest_route=\/wp\/v2\/media\/59787"}],"wp:attachment":[{"href":"https:\/\/radiorevelacionfm.cl\/index.php?rest_route=%2Fwp%2Fv2%2Fmedia&parent=59786"}],"wp:term":[{"taxonomy":"category","embeddable":true,"href":"https:\/\/radiorevelacionfm.cl\/index.php?rest_route=%2Fwp%2Fv2%2Fcategories&post=59786"},{"taxonomy":"post_tag","embeddable":true,"href":"https:\/\/radiorevelacionfm.cl\/index.php?rest_route=%2Fwp%2Fv2%2Ftags&post=59786"}],"curies":[{"name":"wp","href":"https:\/\/api.w.org\/{rel}","templated":true}]}}