{"id":59782,"date":"2025-10-01T17:49:28","date_gmt":"2025-10-01T20:49:28","guid":{"rendered":"https:\/\/radiorevelacionfm.cl\/?p=59782"},"modified":"2025-10-01T17:49:28","modified_gmt":"2025-10-01T20:49:28","slug":"indap-y-ministerio-de-agricultura-apoyan-a-productora-afectada-por-fuertes-vientos-en-coyhaique","status":"publish","type":"post","link":"https:\/\/radiorevelacionfm.cl\/?p=59782","title":{"rendered":"Indap y Ministerio de Agricultura apoyan a productora afectada por fuertes vientos en Coyhaique"},"content":{"rendered":"<div class=\"flex_column av_one_full  flex_column_div av-zero-column-padding first  avia-builder-el-0  el_before_av_one_full  avia-builder-el-first  \" style='border-radius:0px; '><div  class='avia-image-container  av-styling-    avia-builder-el-1  avia-builder-el-no-sibling  avia-align-center '  itemprop=\"image\" itemscope=\"itemscope\" itemtype=\"https:\/\/schema.org\/ImageObject\"  ><div class='avia-image-container-inner'><div class='avia-image-overlay-wrap'><img decoding=\"async\" class='wp-image-59783 avia-img-lazy-loading-not-59783 avia_image' src=\"https:\/\/radiorevelacionfm.cl\/wp-content\/uploads\/2025\/10\/visita-tecnica-minagri-parcela-la-papa-daNos-4-1-1_optimized-1.jpeg\" alt='' title='visita-tecnica-minagri-parcela-la-papa-da\u00d1os-(4)-1-(1)_optimized (1)' height=\"600\" width=\"800\"  itemprop=\"thumbnailUrl\" srcset=\"https:\/\/radiorevelacionfm.cl\/wp-content\/uploads\/2025\/10\/visita-tecnica-minagri-parcela-la-papa-daNos-4-1-1_optimized-1.jpeg 800w, https:\/\/radiorevelacionfm.cl\/wp-content\/uploads\/2025\/10\/visita-tecnica-minagri-parcela-la-papa-daNos-4-1-1_optimized-1-300x225.jpeg 300w, https:\/\/radiorevelacionfm.cl\/wp-content\/uploads\/2025\/10\/visita-tecnica-minagri-parcela-la-papa-daNos-4-1-1_optimized-1-768x576.jpeg 768w, https:\/\/radiorevelacionfm.cl\/wp-content\/uploads\/2025\/10\/visita-tecnica-minagri-parcela-la-papa-daNos-4-1-1_optimized-1-705x529.jpeg 705w, https:\/\/radiorevelacionfm.cl\/wp-content\/uploads\/2025\/10\/visita-tecnica-minagri-parcela-la-papa-daNos-4-1-1_optimized-1-450x338.jpeg 450w, https:\/\/radiorevelacionfm.cl\/wp-content\/uploads\/2025\/10\/visita-tecnica-minagri-parcela-la-papa-daNos-4-1-1_optimized-1-600x450.jpeg 600w\" sizes=\"(max-width: 800px) 100vw, 800px\" \/><\/div><\/div><\/div><\/div><div class=\"flex_column av_one_full  flex_column_div av-zero-column-padding first  avia-builder-el-2  el_after_av_one_full  el_before_av_one_full  column-top-margin\" style='border-radius:0px; '><section class=\"av_textblock_section \"  itemscope=\"itemscope\" itemtype=\"https:\/\/schema.org\/BlogPosting\" itemprop=\"blogPost\" ><div class='avia_textblock  '   itemprop=\"text\" ><p style=\"text-align: center;\"><strong><span style=\"font-size: 18pt;\">Indap y Ministerio de Agricultura apoyan a productora afectada por fuertes vientos en Coyhaique<\/span><\/strong><\/p>\n<div id=\"gtx-trans\" style=\"position: absolute; left: -50px; top: 4.31534px;\">\n<div class=\"gtx-trans-icon\"><\/div>\n<\/div>\n<\/div><\/section><\/div><div class=\"flex_column av_one_full  flex_column_div av-zero-column-padding first  avia-builder-el-4  el_after_av_one_full  el_before_av_hr  column-top-margin\" style='border-radius:0px; '><section class=\"av_textblock_section \"  itemscope=\"itemscope\" itemtype=\"https:\/\/schema.org\/BlogPosting\" itemprop=\"blogPost\" ><div class='avia_textblock  '   itemprop=\"text\" ><p style=\"text-align: justify;\">En respuesta a los da\u00f1os provocados por el episodio de viento registrado durante la ma\u00f1ana en el sector El Claro, autoridades y equipos t\u00e9cnicos del Ministerio de Agricultura e INDAP Ays\u00e9n se hicieron presentes para acompa\u00f1ar a la productora Amanda Rivera, de la Parcela La Papa, cuyo emprendimiento Mercaditos Secretos del Campo sufri\u00f3 la destrucci\u00f3n de ocho invernaderos.<\/p>\n<p style=\"text-align: justify;\">El emprendimiento de la se\u00f1ora Amanda es un actor clave en la soberan\u00eda alimentaria de Coyhaique, ya que abastece a la comunidad local con frutas y verduras frescas, libres de agroqu\u00edmicos y cultivadas bajo pr\u00e1cticas sustentables. Para garantizar la continuidad de su producci\u00f3n previo a la temporada, INDAP Ays\u00e9n dispuso apoyo a trav\u00e9s Programa de Transici\u00f3n a la Agricultura Sostenible (TAS), a trav\u00e9s del cual se entregar\u00e1n recursos para la reposici\u00f3n de la infraestructura da\u00f1ada, asegurando que este espacio de producci\u00f3n siga contribuyendo al bienestar de la comunidad.<\/p>\n<p style=\"text-align: justify;\">\u201cDesde INDAP, la se\u00f1ora Amanda era parte del Programa TAS, y estamos buscando todas las formas de apoyarla en su parcela que tambi\u00e9n es una parcela demostrativa, que entrega alimentaci\u00f3n sana a la comunidad de Ays\u00e9n. Desde INDAP seguiremos presentes y acompa\u00f1\u00e1ndola en este hermoso proyecto\u201d, se\u00f1al\u00f3 Yessica Lagos C\u00e1rdenas, directora regional de INDAP Ays\u00e9n.<\/p>\n<p style=\"text-align: justify;\">En la visita participaron el Seremi de Agricultura, Eugenio Ruiz, la directora regional de INDAP Ays\u00e9n, Yessica Lagos, y la encargada regional del Programa TAS, Mar\u00eda Nelly P\u00e9rez Mansilla, quienes recorrieron la parcela y dialogaron directamente con la productora para coordinar el apoyo requerido.<\/p>\n<p style=\"text-align: justify;\">Desde INDAP y el Ministerio de Agricultura se hizo tambi\u00e9n un llamado a la comunidad aysenina a seguir respaldando el trabajo de la se\u00f1ora Amanda mediante la compra de sus productos en los puntos de venta habituales: Mercaditos Secretos del Campo, abiertos los d\u00edas viernes y s\u00e1bado en la propia parcela, y en la Feria Las Quintas de Coyhaique. Sus productos contin\u00faan a disposici\u00f3n, cultivados sin agroqu\u00edmicos y con un sello de identidad campesina que fortalece la soberan\u00eda alimentaria de la regi\u00f3n.<\/p>\n<p style=\"text-align: justify;\">En esa misma l\u00ednea, el SEREMI de Agricultura, Eugenio Ruiz expres\u00f3 que \u201cNos encontramos con la se\u00f1ora Amanda, y vinimos a ver los efectos de este temporal at\u00edpico para apoyarla. Les invitamos a acercarse a seguir adquiriendo sus productos y seguiremos apoyando desde INDAP y desde el Ministerio de Agricultura\u201d.<\/p>\n<p style=\"text-align: justify;\">Amanda Rivera, productora y usuaria de INDAP, apreci\u00f3 positivamente la visita \u201cvamos a seguir funcionando, tenemos producci\u00f3n, esta visita de INDAP y del Ministerio de Agricultura nos ha ofrecido su ayuda, estamos muy agradecidos, y les invitamos a visitar el Mercadito ya que seguiremos funcionando\u201d.<\/p>\n<p style=\"text-align: justify;\">Con este apoyo, INDAP-Ays\u00e9n reitera que sus acciones frente a emergencias clim\u00e1ticas y proteger los medios de vida campesinos y asegurar que la agricultura local siga siendo una apuesta viable y sostenible para las familias de Ays\u00e9n.<\/p>\n<\/div><\/section><\/div><div  style='height:50px' class='hr hr-invisible   avia-builder-el-6  el_after_av_one_full  el_before_av_social_share '><span class='hr-inner ' ><span class='hr-inner-style'><\/span><\/span><\/div><\/p>\n<div  class='av-social-sharing-box  avia-builder-el-7  el_after_av_hr  el_before_av_hr  '><div class='av-share-box'><h5 class='av-share-link-description av-no-toc '>Compartir esta noticia<\/h5><ul class='av-share-box-list noLightbox'><li class='av-share-link av-social-link-facebook' ><a target=\"_blank\" aria-label=\"Compartir en Facebook\" href='https:\/\/www.facebook.com\/sharer.php?u=https:\/\/radiorevelacionfm.cl\/?p=59782&#038;t=Indap%20y%20Ministerio%20de%20Agricultura%20apoyan%20a%20productora%20afectada%20por%20fuertes%20vientos%20en%20Coyhaique' aria-hidden='false' data-av_icon='\ue8f3' data-av_iconfont='entypo-fontello' title='' data-avia-related-tooltip='Compartir en Facebook' rel=\"noopener\"><span class='avia_hidden_link_text'>Compartir en Facebook<\/span><\/a><\/li><li class='av-share-link av-social-link-twitter' ><a target=\"_blank\" aria-label=\"Compartir en Twitter\" href='https:\/\/twitter.com\/share?text=Indap%20y%20Ministerio%20de%20Agricultura%20apoyan%20a%20productora%20afectada%20por%20fuertes%20vientos%20en%20Coyhaique&#038;url=https:\/\/radiorevelacionfm.cl\/?p=59782' aria-hidden='false' data-av_icon='\ue8f1' data-av_iconfont='entypo-fontello' title='' data-avia-related-tooltip='Compartir en Twitter' rel=\"noopener\"><span class='avia_hidden_link_text'>Compartir en Twitter<\/span><\/a><\/li><li class='av-share-link av-social-link-whatsapp' ><a target=\"_blank\" aria-label=\"Compartir en Whatsapp\" href='https:\/\/api.whatsapp.com\/send?text=https:\/\/radiorevelacionfm.cl\/?p=59782' aria-hidden='false' data-av_icon='\uf232' data-av_iconfont='entypo-fontello' title='' data-avia-related-tooltip='Compartir en Whatsapp' rel=\"noopener\"><span class='avia_hidden_link_text'>Compartir en Whatsapp<\/span><\/a><\/li><li class='av-share-link av-social-link-linkedin' ><a target=\"_blank\" aria-label=\"Compartir en LinkedIn\" href='https:\/\/linkedin.com\/shareArticle?mini=true&#038;title=Indap%20y%20Ministerio%20de%20Agricultura%20apoyan%20a%20productora%20afectada%20por%20fuertes%20vientos%20en%20Coyhaique&#038;url=https:\/\/radiorevelacionfm.cl\/?p=59782' aria-hidden='false' data-av_icon='\ue8fc' data-av_iconfont='entypo-fontello' title='' data-avia-related-tooltip='Compartir en LinkedIn' rel=\"noopener\"><span class='avia_hidden_link_text'>Compartir en LinkedIn<\/span><\/a><\/li><li class='av-share-link av-social-link-mail' ><a  aria-label=\"Compartir por correo\" href='mailto:?subject=Indap%20y%20Ministerio%20de%20Agricultura%20apoyan%20a%20productora%20afectada%20por%20fuertes%20vientos%20en%20Coyhaique&#038;body=https:\/\/radiorevelacionfm.cl\/?p=59782' aria-hidden='false' data-av_icon='\ue805' data-av_iconfont='entypo-fontello' title='' data-avia-related-tooltip='Compartir por correo'><span class='avia_hidden_link_text'>Compartir por correo<\/span><\/a><\/li><\/ul><\/div><\/div>\n<div  style='height:50px' class='hr hr-invisible   avia-builder-el-8  el_after_av_social_share  el_before_av_comments_list '><span class='hr-inner ' ><span class='hr-inner-style'><\/span><\/span><\/div>\n<div  class='av-buildercomment  av-blog-meta-html-info-disabled av-blog-meta-tag-disabled  '><\/div>\n","protected":false},"excerpt":{"rendered":"","protected":false},"author":1,"featured_media":59783,"comment_status":"closed","ping_status":"closed","sticky":false,"template":"","format":"standard","meta":{"footnotes":""},"categories":[58],"tags":[],"class_list":["post-59782","post","type-post","status-publish","format-standard","has-post-thumbnail","hentry","category-agricultura"],"jetpack_featured_media_url":"https:\/\/radiorevelacionfm.cl\/wp-content\/uploads\/2025\/10\/visita-tecnica-minagri-parcela-la-papa-daNos-4-1-1_optimized-1.jpeg","_links":{"self":[{"href":"https:\/\/radiorevelacionfm.cl\/index.php?rest_route=\/wp\/v2\/posts\/59782","targetHints":{"allow":["GET"]}}],"collection":[{"href":"https:\/\/radiorevelacionfm.cl\/index.php?rest_route=\/wp\/v2\/posts"}],"about":[{"href":"https:\/\/radiorevelacionfm.cl\/index.php?rest_route=\/wp\/v2\/types\/post"}],"author":[{"embeddable":true,"href":"https:\/\/radiorevelacionfm.cl\/index.php?rest_route=\/wp\/v2\/users\/1"}],"replies":[{"embeddable":true,"href":"https:\/\/radiorevelacionfm.cl\/index.php?rest_route=%2Fwp%2Fv2%2Fcomments&post=59782"}],"version-history":[{"count":2,"href":"https:\/\/radiorevelacionfm.cl\/index.php?rest_route=\/wp\/v2\/posts\/59782\/revisions"}],"predecessor-version":[{"id":59785,"href":"https:\/\/radiorevelacionfm.cl\/index.php?rest_route=\/wp\/v2\/posts\/59782\/revisions\/59785"}],"wp:featuredmedia":[{"embeddable":true,"href":"https:\/\/radiorevelacionfm.cl\/index.php?rest_route=\/wp\/v2\/media\/59783"}],"wp:attachment":[{"href":"https:\/\/radiorevelacionfm.cl\/index.php?rest_route=%2Fwp%2Fv2%2Fmedia&parent=59782"}],"wp:term":[{"taxonomy":"category","embeddable":true,"href":"https:\/\/radiorevelacionfm.cl\/index.php?rest_route=%2Fwp%2Fv2%2Fcategories&post=59782"},{"taxonomy":"post_tag","embeddable":true,"href":"https:\/\/radiorevelacionfm.cl\/index.php?rest_route=%2Fwp%2Fv2%2Ftags&post=59782"}],"curies":[{"name":"wp","href":"https:\/\/api.w.org\/{rel}","templated":true}]}}