{"id":59772,"date":"2025-10-01T15:08:09","date_gmt":"2025-10-01T18:08:09","guid":{"rendered":"https:\/\/radiorevelacionfm.cl\/?p=59772"},"modified":"2025-10-01T15:08:09","modified_gmt":"2025-10-01T18:08:09","slug":"seremi-de-energia-y-universidad-de-aysen-colaboran-en-la-nueva-carrera-de-ingenieria-civil-en-energias-renovables","status":"publish","type":"post","link":"https:\/\/radiorevelacionfm.cl\/?p=59772","title":{"rendered":"Seremi de Energ\u00eda y Universidad de Ays\u00e9n colaboran en la nueva carrera de Ingenier\u00eda Civil en Energ\u00edas Renovables"},"content":{"rendered":"<div class=\"flex_column av_one_full  flex_column_div av-zero-column-padding first  avia-builder-el-0  el_before_av_one_full  avia-builder-el-first  \" style='border-radius:0px; '><div  class='avia-image-container  av-styling-    avia-builder-el-1  avia-builder-el-no-sibling  avia-align-center '  itemprop=\"image\" itemscope=\"itemscope\" itemtype=\"https:\/\/schema.org\/ImageObject\"  ><div class='avia-image-container-inner'><div class='avia-image-overlay-wrap'><img decoding=\"async\" class='wp-image-59773 avia-img-lazy-loading-not-59773 avia_image' src=\"https:\/\/radiorevelacionfm.cl\/wp-content\/uploads\/2025\/10\/foto-1-86-1_optimized-1.jpeg\" alt='' title='foto-1-(86)-(1)_optimized (1)' height=\"600\" width=\"800\"  itemprop=\"thumbnailUrl\" srcset=\"https:\/\/radiorevelacionfm.cl\/wp-content\/uploads\/2025\/10\/foto-1-86-1_optimized-1.jpeg 800w, https:\/\/radiorevelacionfm.cl\/wp-content\/uploads\/2025\/10\/foto-1-86-1_optimized-1-300x225.jpeg 300w, https:\/\/radiorevelacionfm.cl\/wp-content\/uploads\/2025\/10\/foto-1-86-1_optimized-1-768x576.jpeg 768w, https:\/\/radiorevelacionfm.cl\/wp-content\/uploads\/2025\/10\/foto-1-86-1_optimized-1-705x529.jpeg 705w, https:\/\/radiorevelacionfm.cl\/wp-content\/uploads\/2025\/10\/foto-1-86-1_optimized-1-450x338.jpeg 450w, https:\/\/radiorevelacionfm.cl\/wp-content\/uploads\/2025\/10\/foto-1-86-1_optimized-1-600x450.jpeg 600w\" sizes=\"(max-width: 800px) 100vw, 800px\" \/><\/div><\/div><\/div><\/div>\n<div class=\"flex_column av_one_full  flex_column_div av-zero-column-padding first  avia-builder-el-2  el_after_av_one_full  el_before_av_one_full  column-top-margin\" style='border-radius:0px; '><section class=\"av_textblock_section \"  itemscope=\"itemscope\" itemtype=\"https:\/\/schema.org\/BlogPosting\" itemprop=\"blogPost\" ><div class='avia_textblock  '   itemprop=\"text\" ><p style=\"text-align: center;\"><span style=\"font-size: 18pt;\"><strong>Seremi de Energ\u00eda y Universidad de Ays\u00e9n colaboran \u00a0en la nueva carrera de Ingenier\u00eda Civil en Energ\u00edas Renovables<\/strong><\/span><\/p>\n<div id=\"gtx-trans\" style=\"position: absolute; left: -50px; top: 4.31534px;\">\n<div class=\"gtx-trans-icon\"><\/div>\n<\/div>\n<\/div><\/section><\/div>\n<div class=\"flex_column av_one_full  flex_column_div av-zero-column-padding first  avia-builder-el-4  el_after_av_one_full  el_before_av_hr  column-top-margin\" style='border-radius:0px; '><section class=\"av_textblock_section \"  itemscope=\"itemscope\" itemtype=\"https:\/\/schema.org\/BlogPosting\" itemprop=\"blogPost\" ><div class='avia_textblock  '   itemprop=\"text\" ><p style=\"text-align: justify;\">El Seremi de Energ\u00eda (s), Felipe Rojas, junto al equipo de profesionales de la instituci\u00f3n, sostuvo un encuentro con Paulina Flores, Jefa del Departamento de Ciencias Naturales y Tecnolog\u00eda, y con el docente V\u00edctor Pizarro de la Universidad de Ays\u00e9n, para establecer un trabajo de colaboraci\u00f3n que permita aportar a la instalaci\u00f3n de la nueva carrera de Ingenier\u00eda Civil en Energ\u00edas Renovables, \u00fanica en Chile y pionera en la formaci\u00f3n de profesionales para la transici\u00f3n energ\u00e9tica.<\/p>\n<p style=\"text-align: justify;\">Al respecto el Seremi Rojas destac\u00f3 que \u201cla apertura de esta carrera en la Universidad de Ays\u00e9n es un paso hist\u00f3rico para la regi\u00f3n y para el pa\u00eds. Hoy m\u00e1s que nunca necesitamos profesionales capaces de liderar la transici\u00f3n energ\u00e9tica con una mirada sostenible, innovadora y comprometida con los territorios. Esta colaboraci\u00f3n refuerza nuestro compromiso en la formaci\u00f3n de capital humano que lidere los cambios que Chile requiere en materia energ\u00e9tica y consolide a nuestra regi\u00f3n como un polo estrat\u00e9gico en materia de energ\u00edas renovables.\u201d<\/p>\n<p style=\"text-align: justify;\">La carrera de Ingenier\u00eda Civil en Energ\u00edas Renovables de la Universidad de Ays\u00e9n busca entregar a las y los estudiantes una formaci\u00f3n cient\u00edfica, tecnol\u00f3gica y territorial de excelencia, que les permita desempe\u00f1arse en el dise\u00f1o, implementaci\u00f3n, gesti\u00f3n y evaluaci\u00f3n de proyectos energ\u00e9ticos sostenibles.<\/p>\n<p style=\"text-align: justify;\">En este sentido, Paulina Flores destac\u00f3 que \u201cla actividad de hoy fue muy enriquecedora reunirnos con el Seremi de Energ\u00eda y su equipo, nos ayud\u00f3 para mostrar nuestra nueva carrera de Ingenier\u00eda Civil en Energ\u00edas Renovables, hablar temas en com\u00fan y nos colaboraron much\u00edsimo en diversas tem\u00e1ticas para poder enriquecer todos los conocimientos que le vamos a entregar a los nuevos estudiantes a partir del a\u00f1o 2026. Y tambi\u00e9n conversamos sobre las posibilidades de poder levantar un lugar de experimentaci\u00f3n e investigaci\u00f3n en nuestro nuevo Campus R\u00edo Coyhaique, en torno tambi\u00e9n a las energ\u00edas renovables\u201d.<\/p>\n<p style=\"text-align: justify;\">El Docente V\u00edctor Pizarro indic\u00f3 que \u201ctuvimos la oportunidad de conocer la experiencia que tiene todo el equipo de la Seremi, para poder fortalecer mejor el inicio de esta carrera y c\u00f3mo podemos trabajar a futuro la preparaci\u00f3n de los nuevos profesionales en esta l\u00ednea de las energ\u00edas que vamos a tener ac\u00e1 en la regi\u00f3n\u201d.<\/p>\n<p style=\"text-align: justify;\">La instalaci\u00f3n de esta carrera no solo refuerza el compromiso del Gobierno del Presidente Gabriel Boric, en avanzar hacia una matriz energ\u00e9tica m\u00e1s limpia y sostenible, sino que tambi\u00e9n consolida a la Regi\u00f3n de Ays\u00e9n como un referente nacional en la formaci\u00f3n de profesionales especializados en energ\u00edas renovables. Con este hito, la Universidad de Ays\u00e9n y el Ministerio de Energ\u00eda avanzan en conjunto en la construcci\u00f3n de un futuro energ\u00e9tico m\u00e1s equitativo, innovador y responsable con las comunidades y el medio ambiente\u201d.<\/p>\n<\/div><\/section><\/div><div  style='height:50px' class='hr hr-invisible   avia-builder-el-6  el_after_av_one_full  el_before_av_social_share '><span class='hr-inner ' ><span class='hr-inner-style'><\/span><\/span><\/div><\/p>\n<div  class='av-social-sharing-box  avia-builder-el-7  el_after_av_hr  el_before_av_hr  '><div class='av-share-box'><h5 class='av-share-link-description av-no-toc '>Compartir esta noticia<\/h5><ul class='av-share-box-list noLightbox'><li class='av-share-link av-social-link-facebook' ><a target=\"_blank\" aria-label=\"Compartir en Facebook\" href='https:\/\/www.facebook.com\/sharer.php?u=https:\/\/radiorevelacionfm.cl\/?p=59772&#038;t=Seremi%20de%20Energ%C3%ADa%20y%20Universidad%20de%20Ays%C3%A9n%20colaboran%20en%20la%20nueva%20carrera%20de%20Ingenier%C3%ADa%20Civil%20en%20Energ%C3%ADas%20Renovables' aria-hidden='false' data-av_icon='\ue8f3' data-av_iconfont='entypo-fontello' title='' data-avia-related-tooltip='Compartir en Facebook' rel=\"noopener\"><span class='avia_hidden_link_text'>Compartir en Facebook<\/span><\/a><\/li><li class='av-share-link av-social-link-twitter' ><a target=\"_blank\" aria-label=\"Compartir en Twitter\" href='https:\/\/twitter.com\/share?text=Seremi%20de%20Energ%C3%ADa%20y%20Universidad%20de%20Ays%C3%A9n%20colaboran%20en%20la%20nueva%20carrera%20de%20Ingenier%C3%ADa%20Civil%20en%20Energ%C3%ADas%20Renovables&#038;url=https:\/\/radiorevelacionfm.cl\/?p=59772' aria-hidden='false' data-av_icon='\ue8f1' data-av_iconfont='entypo-fontello' title='' data-avia-related-tooltip='Compartir en Twitter' rel=\"noopener\"><span class='avia_hidden_link_text'>Compartir en Twitter<\/span><\/a><\/li><li class='av-share-link av-social-link-whatsapp' ><a target=\"_blank\" aria-label=\"Compartir en Whatsapp\" href='https:\/\/api.whatsapp.com\/send?text=https:\/\/radiorevelacionfm.cl\/?p=59772' aria-hidden='false' data-av_icon='\uf232' data-av_iconfont='entypo-fontello' title='' data-avia-related-tooltip='Compartir en Whatsapp' rel=\"noopener\"><span class='avia_hidden_link_text'>Compartir en Whatsapp<\/span><\/a><\/li><li class='av-share-link av-social-link-linkedin' ><a target=\"_blank\" aria-label=\"Compartir en LinkedIn\" href='https:\/\/linkedin.com\/shareArticle?mini=true&#038;title=Seremi%20de%20Energ%C3%ADa%20y%20Universidad%20de%20Ays%C3%A9n%20colaboran%20en%20la%20nueva%20carrera%20de%20Ingenier%C3%ADa%20Civil%20en%20Energ%C3%ADas%20Renovables&#038;url=https:\/\/radiorevelacionfm.cl\/?p=59772' aria-hidden='false' data-av_icon='\ue8fc' data-av_iconfont='entypo-fontello' title='' data-avia-related-tooltip='Compartir en LinkedIn' rel=\"noopener\"><span class='avia_hidden_link_text'>Compartir en LinkedIn<\/span><\/a><\/li><li class='av-share-link av-social-link-mail' ><a  aria-label=\"Compartir por correo\" href='mailto:?subject=Seremi%20de%20Energ%C3%ADa%20y%20Universidad%20de%20Ays%C3%A9n%20colaboran%20en%20la%20nueva%20carrera%20de%20Ingenier%C3%ADa%20Civil%20en%20Energ%C3%ADas%20Renovables&#038;body=https:\/\/radiorevelacionfm.cl\/?p=59772' aria-hidden='false' data-av_icon='\ue805' data-av_iconfont='entypo-fontello' title='' data-avia-related-tooltip='Compartir por correo'><span class='avia_hidden_link_text'>Compartir por correo<\/span><\/a><\/li><\/ul><\/div><\/div>\n<div  style='height:50px' class='hr hr-invisible   avia-builder-el-8  el_after_av_social_share  el_before_av_comments_list '><span class='hr-inner ' ><span class='hr-inner-style'><\/span><\/span><\/div>\n<div  class='av-buildercomment  av-blog-meta-html-info-disabled av-blog-meta-tag-disabled  '><\/div>\n","protected":false},"excerpt":{"rendered":"","protected":false},"author":1,"featured_media":59773,"comment_status":"closed","ping_status":"closed","sticky":false,"template":"","format":"standard","meta":{"footnotes":""},"categories":[38],"tags":[],"class_list":["post-59772","post","type-post","status-publish","format-standard","has-post-thumbnail","hentry","category-regional"],"jetpack_featured_media_url":"https:\/\/radiorevelacionfm.cl\/wp-content\/uploads\/2025\/10\/foto-1-86-1_optimized-1.jpeg","_links":{"self":[{"href":"https:\/\/radiorevelacionfm.cl\/index.php?rest_route=\/wp\/v2\/posts\/59772","targetHints":{"allow":["GET"]}}],"collection":[{"href":"https:\/\/radiorevelacionfm.cl\/index.php?rest_route=\/wp\/v2\/posts"}],"about":[{"href":"https:\/\/radiorevelacionfm.cl\/index.php?rest_route=\/wp\/v2\/types\/post"}],"author":[{"embeddable":true,"href":"https:\/\/radiorevelacionfm.cl\/index.php?rest_route=\/wp\/v2\/users\/1"}],"replies":[{"embeddable":true,"href":"https:\/\/radiorevelacionfm.cl\/index.php?rest_route=%2Fwp%2Fv2%2Fcomments&post=59772"}],"version-history":[{"count":3,"href":"https:\/\/radiorevelacionfm.cl\/index.php?rest_route=\/wp\/v2\/posts\/59772\/revisions"}],"predecessor-version":[{"id":59777,"href":"https:\/\/radiorevelacionfm.cl\/index.php?rest_route=\/wp\/v2\/posts\/59772\/revisions\/59777"}],"wp:featuredmedia":[{"embeddable":true,"href":"https:\/\/radiorevelacionfm.cl\/index.php?rest_route=\/wp\/v2\/media\/59773"}],"wp:attachment":[{"href":"https:\/\/radiorevelacionfm.cl\/index.php?rest_route=%2Fwp%2Fv2%2Fmedia&parent=59772"}],"wp:term":[{"taxonomy":"category","embeddable":true,"href":"https:\/\/radiorevelacionfm.cl\/index.php?rest_route=%2Fwp%2Fv2%2Fcategories&post=59772"},{"taxonomy":"post_tag","embeddable":true,"href":"https:\/\/radiorevelacionfm.cl\/index.php?rest_route=%2Fwp%2Fv2%2Ftags&post=59772"}],"curies":[{"name":"wp","href":"https:\/\/api.w.org\/{rel}","templated":true}]}}