{"id":59769,"date":"2025-10-01T14:56:46","date_gmt":"2025-10-01T17:56:46","guid":{"rendered":"https:\/\/radiorevelacionfm.cl\/?p=59769"},"modified":"2025-10-01T14:56:46","modified_gmt":"2025-10-01T17:56:46","slug":"en-el-dia-internacional-de-las-personas-mayores-inacap-lanza-beca-plateada-y-dorada-carreras-tecnicas-con-100-de-descuento-para-personas-desde-los-60-anos-y-50-desde-los-50","status":"publish","type":"post","link":"https:\/\/radiorevelacionfm.cl\/?p=59769","title":{"rendered":"En el d\u00eda Internacional de las personas mayores: INACAP lanza Beca Plateada y Dorada: carreras t\u00e9cnicas con 100% de descuento para personas desde los 60 a\u00f1os y 50% desde los 50"},"content":{"rendered":"<div class=\"flex_column av_one_full  flex_column_div av-zero-column-padding first  avia-builder-el-0  el_before_av_one_full  avia-builder-el-first  \" style='border-radius:0px; '><div  class='avia-image-container  av-styling-    avia-builder-el-1  avia-builder-el-no-sibling  avia-align-center '  itemprop=\"image\" itemscope=\"itemscope\" itemtype=\"https:\/\/schema.org\/ImageObject\"  ><div class='avia-image-container-inner'><div class='avia-image-overlay-wrap'><img decoding=\"async\" class='wp-image-59770 avia-img-lazy-loading-not-59770 avia_image' src=\"https:\/\/radiorevelacionfm.cl\/wp-content\/uploads\/2025\/10\/FOTO-1-2025-10-01T143025.403-1-1.jpg\" alt='' title='FOTO 1 - 2025-10-01T143025.403 (1) (1)' height=\"600\" width=\"899\"  itemprop=\"thumbnailUrl\" srcset=\"https:\/\/radiorevelacionfm.cl\/wp-content\/uploads\/2025\/10\/FOTO-1-2025-10-01T143025.403-1-1.jpg 899w, https:\/\/radiorevelacionfm.cl\/wp-content\/uploads\/2025\/10\/FOTO-1-2025-10-01T143025.403-1-1-300x200.jpg 300w, https:\/\/radiorevelacionfm.cl\/wp-content\/uploads\/2025\/10\/FOTO-1-2025-10-01T143025.403-1-1-768x513.jpg 768w, https:\/\/radiorevelacionfm.cl\/wp-content\/uploads\/2025\/10\/FOTO-1-2025-10-01T143025.403-1-1-705x471.jpg 705w, https:\/\/radiorevelacionfm.cl\/wp-content\/uploads\/2025\/10\/FOTO-1-2025-10-01T143025.403-1-1-450x300.jpg 450w, https:\/\/radiorevelacionfm.cl\/wp-content\/uploads\/2025\/10\/FOTO-1-2025-10-01T143025.403-1-1-600x400.jpg 600w\" sizes=\"(max-width: 899px) 100vw, 899px\" \/><\/div><\/div><\/div><\/div><div class=\"flex_column av_one_full  flex_column_div av-zero-column-padding first  avia-builder-el-2  el_after_av_one_full  el_before_av_one_full  column-top-margin\" style='border-radius:0px; '><section class=\"av_textblock_section \"  itemscope=\"itemscope\" itemtype=\"https:\/\/schema.org\/BlogPosting\" itemprop=\"blogPost\" ><div class='avia_textblock  '   itemprop=\"text\" ><p style=\"text-align: center;\"><strong><span style=\"font-size: 18pt;\">En el d\u00eda Internacional de las personas mayores: INACAP lanza Beca Plateada y Dorada: carreras t\u00e9cnicas con 100% de descuento para personas desde los 60 a\u00f1os y 50% desde los 50<\/span><\/strong><\/p>\n<div id=\"gtx-trans\" style=\"position: absolute; left: -50px; top: 4.31534px;\">\n<div class=\"gtx-trans-icon\"><\/div>\n<\/div>\n<\/div><\/section><\/div><div class=\"flex_column av_one_full  flex_column_div av-zero-column-padding first  avia-builder-el-4  el_after_av_one_full  el_before_av_hr  column-top-margin\" style='border-radius:0px; '><section class=\"av_textblock_section \"  itemscope=\"itemscope\" itemtype=\"https:\/\/schema.org\/BlogPosting\" itemprop=\"blogPost\" ><div class='avia_textblock  '   itemprop=\"text\" ><p style=\"text-align: justify;\">El beneficio est\u00e1 considerado para la Admisi\u00f3n 2026 de alumnos nuevos que quieran estudiar cualquiera de las 34 carreras, en formato diurno y vespertino. El descuento incluye las mensualidades y la matr\u00edcula del primer semestre.<\/p>\n<p style=\"text-align: justify;\">Considerando que la poblaci\u00f3n de Chile est\u00e1 envejeciendo, que las personas mayores de 65 a\u00f1os representan el 14% del total, seg\u00fan Censo 2024 y que para el a\u00f1o 2050, las personas sobre 60 a\u00f1os ser\u00e1n el 25% de total de nuestro pa\u00eds, la posibilidad de reinventarse, perfeccionarse y adquirir nuevos conocimientos a trav\u00e9s de la educaci\u00f3n es m\u00e1s que una necesidad, es una oportunidad para ampliar horizontes, recuperar sue\u00f1os postergados y construir un futuro con m\u00e1s protagonismo para las personas mayores. En este sentido y a prop\u00f3sito del D\u00eda Internacional de las personas mayores, INACAP, en el marco de la conmemoraci\u00f3n de sus 60 a\u00f1os de vida, anunci\u00f3 el lanzamiento de innovadores beneficios, la Beca Plateada y Dorada.<\/p>\n<p style=\"text-align: justify;\">La beca contempla dos modalidades, con oportunidades educativas para las personas desde 50 a\u00f1os en todo Chile:<\/p>\n<ul style=\"text-align: justify;\">\n<li><strong>Beca Plateada<\/strong>: 50% de descuento en la mensualidad para personas de entre 50 y 59 a\u00f1os.<\/li>\n<li><strong>Beca Dorada<\/strong>: 100% de descuento en la mensualidad para personas de 60 a\u00f1os o m\u00e1s.<\/li>\n<\/ul>\n<p style=\"text-align: justify;\">\u00abLa educaci\u00f3n actual debe ser flexible, accesible y relevante, permitiendo a cada persona, sin importar su etapa de vida, adquirir nuevas herramientas, desarrollar sus talentos y proyectar un futuro con m\u00e1s oportunidades. Con la Beca Plateada y Dorada queremos decirle a Chile que nunca es tarde para aprender, para emprender o para reinventarse. Sabemos que muchas personas han postergado el sue\u00f1o de estudiar, y hoy abrimos un camino para que lo puedan concretar con oportunidades concretas y sin barreras econ\u00f3micas, en una instituci\u00f3n de excelencia. El futuro de Chile tambi\u00e9n se escribe con la experiencia, la motivaci\u00f3n y el talento de quienes tienen 50, 60 a\u00f1os o m\u00e1s. Ellos son parte fundamental de la fuerza laboral, de la innovaci\u00f3n y de la cohesi\u00f3n social que necesitamos como pa\u00eds\u201d, asegur\u00f3 Lucas Palacios, rector de INACAP.<\/p>\n<p style=\"text-align: justify;\">En la Regi\u00f3n de Ays\u00e9n, donde la poblaci\u00f3n mayor de 50 a\u00f1os ha ido en constante aumento en la \u00faltima d\u00e9cada, esta iniciativa cobra especial relevancia. La sede Coyhaique de INACAP se ha consolidado como un espacio abierto a la comunidad, que promueve la inclusi\u00f3n y el acceso a la educaci\u00f3n en todas las etapas de la vida. De hecho, cada a\u00f1o son m\u00e1s las personas mayores que se incorporan a nuestras aulas en \u00e1reas como Administraci\u00f3n, Gastronom\u00eda, Inform\u00e1tica y Salud, buscando reinventarse, actualizarse y seguir aportando con su experiencia a la regi\u00f3n. Con la Beca Plateada y Dorada, desde Coyhaique queremos reforzar este compromiso y motivar a que m\u00e1s personas de nuestra comunidad puedan cumplir el sue\u00f1o de estudiar y proyectarse profesionalmente, sin importar la edad.<\/p>\n<p style=\"text-align: justify;\">La Beca Dorada y Plateada est\u00e1 pensada para Admisi\u00f3n 2026 de alumnos nuevos, contempla 34 carreras t\u00e9cnicas (cuatro semestres) impartidas por el Instituto Profesional INACAP, en sus 29 sedes, en todas las regiones del pa\u00eds, en \u00e1reas como Administraci\u00f3n; Agroindustria, Automatizaci\u00f3n y Rob\u00f3tica; Energ\u00eda, Miner\u00eda y Construcci\u00f3n. As\u00ed como tambi\u00e9n carreras vinculadas a Dise\u00f1o; Gastronom\u00eda; Inform\u00e1tica, Ciberseguridad y Telecomunicaciones; Log\u00edstica; Mec\u00e1nica; Salud y Turismo y Hospitalidad.\u00a0 La beca, que incluye las mensualidades y matr\u00edcula del primer semestre, es para el formato diurno y vespertino en todas las sedes de INACAP de Arica a Punta Arenas. Esta beca se suma a otros apoyos desplegados por la casa de estudios como la Beca STEM dirigida a estudiantes mujeres que se matriculan en el primer semestre 2026 en carreras T\u00e9cnicas STEM.<\/p>\n<p style=\"text-align: justify;\"><strong>Impacto creciente en el Aprendizaje a lo largo de la vida<\/strong><\/p>\n<p style=\"text-align: justify;\">El lanzamiento de la Beca Plateada y Dorada se enmarca en una tendencia al alza: entre 2018 y 2024, la matr\u00edcula de alumnos nuevos mayores de 50 a\u00f1os en INACAP aument\u00f3 un 185%. Solo en 2025, cerca de 950 personas de este grupo etario se incorporan a la instituci\u00f3n, lo que representa un crecimiento acumulado del 284% desde 2018.<\/p>\n<p style=\"text-align: justify;\">Al respecto, el Rector Palacios agreg\u00f3 que \u201cla matr\u00edcula total de estudiantes mayores de 40 a\u00f1os en nuestra instituci\u00f3n ya bordea los 4.500 en todo el pa\u00eds, consolidando la importancia del aprendizaje a lo largo de la vida como motor de desarrollo personal y social. Nunca es tarde para aprender, para crecer y para estudiar\u201d.<\/p>\n<\/div><\/section><\/div><div  style='height:50px' class='hr hr-invisible   avia-builder-el-6  el_after_av_one_full  el_before_av_social_share '><span class='hr-inner ' ><span class='hr-inner-style'><\/span><\/span><\/div><\/p>\n<div  class='av-social-sharing-box  avia-builder-el-7  el_after_av_hr  el_before_av_hr  '><div class='av-share-box'><h5 class='av-share-link-description av-no-toc '>Compartir esta noticia<\/h5><ul class='av-share-box-list noLightbox'><li class='av-share-link av-social-link-facebook' ><a target=\"_blank\" aria-label=\"Compartir en Facebook\" href='https:\/\/www.facebook.com\/sharer.php?u=https:\/\/radiorevelacionfm.cl\/?p=59769&#038;t=En%20el%20d%C3%ADa%20Internacional%20de%20las%20personas%20mayores%3A%20INACAP%20lanza%20Beca%20Plateada%20y%20Dorada%3A%20carreras%20t%C3%A9cnicas%20con%20100%25%20de%20descuento%20para%20personas%20desde%20los%2060%20a%C3%B1os%20y%2050%25%20desde%20los%2050' aria-hidden='false' data-av_icon='\ue8f3' data-av_iconfont='entypo-fontello' title='' data-avia-related-tooltip='Compartir en Facebook' rel=\"noopener\"><span class='avia_hidden_link_text'>Compartir en Facebook<\/span><\/a><\/li><li class='av-share-link av-social-link-twitter' ><a target=\"_blank\" aria-label=\"Compartir en Twitter\" href='https:\/\/twitter.com\/share?text=En%20el%20d%C3%ADa%20Internacional%20de%20las%20personas%20mayores%3A%20INACAP%20lanza%20Beca%20Plateada%20y%20Dorada%3A%20carreras%20t%C3%A9cnicas%20con%20100%25%20de%20descuento%20para%20personas%20desde%20los%2060%20a%C3%B1os%20y%2050%25%20desde%20los%2050&#038;url=https:\/\/radiorevelacionfm.cl\/?p=59769' aria-hidden='false' data-av_icon='\ue8f1' data-av_iconfont='entypo-fontello' title='' data-avia-related-tooltip='Compartir en Twitter' rel=\"noopener\"><span class='avia_hidden_link_text'>Compartir en Twitter<\/span><\/a><\/li><li class='av-share-link av-social-link-whatsapp' ><a target=\"_blank\" aria-label=\"Compartir en Whatsapp\" href='https:\/\/api.whatsapp.com\/send?text=https:\/\/radiorevelacionfm.cl\/?p=59769' aria-hidden='false' data-av_icon='\uf232' data-av_iconfont='entypo-fontello' title='' data-avia-related-tooltip='Compartir en Whatsapp' rel=\"noopener\"><span class='avia_hidden_link_text'>Compartir en Whatsapp<\/span><\/a><\/li><li class='av-share-link av-social-link-linkedin' ><a target=\"_blank\" aria-label=\"Compartir en LinkedIn\" href='https:\/\/linkedin.com\/shareArticle?mini=true&#038;title=En%20el%20d%C3%ADa%20Internacional%20de%20las%20personas%20mayores%3A%20INACAP%20lanza%20Beca%20Plateada%20y%20Dorada%3A%20carreras%20t%C3%A9cnicas%20con%20100%25%20de%20descuento%20para%20personas%20desde%20los%2060%20a%C3%B1os%20y%2050%25%20desde%20los%2050&#038;url=https:\/\/radiorevelacionfm.cl\/?p=59769' aria-hidden='false' data-av_icon='\ue8fc' data-av_iconfont='entypo-fontello' title='' data-avia-related-tooltip='Compartir en LinkedIn' rel=\"noopener\"><span class='avia_hidden_link_text'>Compartir en LinkedIn<\/span><\/a><\/li><li class='av-share-link av-social-link-mail' ><a  aria-label=\"Compartir por correo\" href='mailto:?subject=En%20el%20d%C3%ADa%20Internacional%20de%20las%20personas%20mayores%3A%20INACAP%20lanza%20Beca%20Plateada%20y%20Dorada%3A%20carreras%20t%C3%A9cnicas%20con%20100%25%20de%20descuento%20para%20personas%20desde%20los%2060%20a%C3%B1os%20y%2050%25%20desde%20los%2050&#038;body=https:\/\/radiorevelacionfm.cl\/?p=59769' aria-hidden='false' data-av_icon='\ue805' data-av_iconfont='entypo-fontello' title='' data-avia-related-tooltip='Compartir por correo'><span class='avia_hidden_link_text'>Compartir por correo<\/span><\/a><\/li><\/ul><\/div><\/div>\n<div  style='height:50px' class='hr hr-invisible   avia-builder-el-8  el_after_av_social_share  el_before_av_comments_list '><span class='hr-inner ' ><span class='hr-inner-style'><\/span><\/span><\/div>\n<div  class='av-buildercomment  av-blog-meta-html-info-disabled av-blog-meta-tag-disabled  '><\/div>\n","protected":false},"excerpt":{"rendered":"","protected":false},"author":1,"featured_media":59770,"comment_status":"closed","ping_status":"closed","sticky":false,"template":"","format":"standard","meta":{"footnotes":""},"categories":[49],"tags":[],"class_list":["post-59769","post","type-post","status-publish","format-standard","has-post-thumbnail","hentry","category-educacion"],"jetpack_featured_media_url":"https:\/\/radiorevelacionfm.cl\/wp-content\/uploads\/2025\/10\/FOTO-1-2025-10-01T143025.403-1-1.jpg","_links":{"self":[{"href":"https:\/\/radiorevelacionfm.cl\/index.php?rest_route=\/wp\/v2\/posts\/59769","targetHints":{"allow":["GET"]}}],"collection":[{"href":"https:\/\/radiorevelacionfm.cl\/index.php?rest_route=\/wp\/v2\/posts"}],"about":[{"href":"https:\/\/radiorevelacionfm.cl\/index.php?rest_route=\/wp\/v2\/types\/post"}],"author":[{"embeddable":true,"href":"https:\/\/radiorevelacionfm.cl\/index.php?rest_route=\/wp\/v2\/users\/1"}],"replies":[{"embeddable":true,"href":"https:\/\/radiorevelacionfm.cl\/index.php?rest_route=%2Fwp%2Fv2%2Fcomments&post=59769"}],"version-history":[{"count":2,"href":"https:\/\/radiorevelacionfm.cl\/index.php?rest_route=\/wp\/v2\/posts\/59769\/revisions"}],"predecessor-version":[{"id":59775,"href":"https:\/\/radiorevelacionfm.cl\/index.php?rest_route=\/wp\/v2\/posts\/59769\/revisions\/59775"}],"wp:featuredmedia":[{"embeddable":true,"href":"https:\/\/radiorevelacionfm.cl\/index.php?rest_route=\/wp\/v2\/media\/59770"}],"wp:attachment":[{"href":"https:\/\/radiorevelacionfm.cl\/index.php?rest_route=%2Fwp%2Fv2%2Fmedia&parent=59769"}],"wp:term":[{"taxonomy":"category","embeddable":true,"href":"https:\/\/radiorevelacionfm.cl\/index.php?rest_route=%2Fwp%2Fv2%2Fcategories&post=59769"},{"taxonomy":"post_tag","embeddable":true,"href":"https:\/\/radiorevelacionfm.cl\/index.php?rest_route=%2Fwp%2Fv2%2Ftags&post=59769"}],"curies":[{"name":"wp","href":"https:\/\/api.w.org\/{rel}","templated":true}]}}