{"id":59765,"date":"2025-10-01T12:45:54","date_gmt":"2025-10-01T15:45:54","guid":{"rendered":"https:\/\/radiorevelacionfm.cl\/?p=59765"},"modified":"2025-10-01T12:45:54","modified_gmt":"2025-10-01T15:45:54","slug":"impulsan-clases-de-lengua-de-senas-en-la-escuela-libertador-ohiggins-en-puerto-guadal","status":"publish","type":"post","link":"https:\/\/radiorevelacionfm.cl\/?p=59765","title":{"rendered":"Impulsan clases de Lengua de Se\u00f1as en la Escuela Libertador O\u2019Higgins en Puerto Guadal"},"content":{"rendered":"<div class=\"flex_column av_one_full  flex_column_div av-zero-column-padding first  avia-builder-el-0  el_before_av_one_full  avia-builder-el-first  \" style='border-radius:0px; '><div  class='avia-image-container  av-styling-    avia-builder-el-1  avia-builder-el-no-sibling  avia-align-center '  itemprop=\"image\" itemscope=\"itemscope\" itemtype=\"https:\/\/schema.org\/ImageObject\"  ><div class='avia-image-container-inner'><div class='avia-image-overlay-wrap'><img decoding=\"async\" class='wp-image-59766 avia-img-lazy-loading-not-59766 avia_image' src=\"https:\/\/radiorevelacionfm.cl\/wp-content\/uploads\/2025\/10\/554330402_1331167972133507_6139228067387911953_n-1-1.jpg\" alt='' title='554330402_1331167972133507_6139228067387911953_n (1) (1)' height=\"600\" width=\"800\"  itemprop=\"thumbnailUrl\" srcset=\"https:\/\/radiorevelacionfm.cl\/wp-content\/uploads\/2025\/10\/554330402_1331167972133507_6139228067387911953_n-1-1.jpg 800w, https:\/\/radiorevelacionfm.cl\/wp-content\/uploads\/2025\/10\/554330402_1331167972133507_6139228067387911953_n-1-1-300x225.jpg 300w, https:\/\/radiorevelacionfm.cl\/wp-content\/uploads\/2025\/10\/554330402_1331167972133507_6139228067387911953_n-1-1-768x576.jpg 768w, https:\/\/radiorevelacionfm.cl\/wp-content\/uploads\/2025\/10\/554330402_1331167972133507_6139228067387911953_n-1-1-705x529.jpg 705w, https:\/\/radiorevelacionfm.cl\/wp-content\/uploads\/2025\/10\/554330402_1331167972133507_6139228067387911953_n-1-1-450x338.jpg 450w, https:\/\/radiorevelacionfm.cl\/wp-content\/uploads\/2025\/10\/554330402_1331167972133507_6139228067387911953_n-1-1-600x450.jpg 600w\" sizes=\"(max-width: 800px) 100vw, 800px\" \/><\/div><\/div><\/div><\/div><div class=\"flex_column av_one_full  flex_column_div av-zero-column-padding first  avia-builder-el-2  el_after_av_one_full  el_before_av_one_full  column-top-margin\" style='border-radius:0px; '><section class=\"av_textblock_section \"  itemscope=\"itemscope\" itemtype=\"https:\/\/schema.org\/BlogPosting\" itemprop=\"blogPost\" ><div class='avia_textblock  '   itemprop=\"text\" ><p style=\"text-align: center;\"><strong><span style=\"font-size: 18pt;\">Impulsan clases de Lengua de Se\u00f1as en la Escuela Libertador O\u2019Higgins en Puerto Guadal<\/span><\/strong><\/p>\n<div id=\"gtx-trans\" style=\"position: absolute; left: -50px; top: 4.31534px;\">\n<div class=\"gtx-trans-icon\"><\/div>\n<\/div>\n<\/div><\/section><\/div><div class=\"flex_column av_one_full  flex_column_div av-zero-column-padding first  avia-builder-el-4  el_after_av_one_full  el_before_av_hr  column-top-margin\" style='border-radius:0px; '><section class=\"av_textblock_section \"  itemscope=\"itemscope\" itemtype=\"https:\/\/schema.org\/BlogPosting\" itemprop=\"blogPost\" ><div class='avia_textblock  '   itemprop=\"text\" ><p style=\"text-align: justify;\">La iniciativa naci\u00f3 en la Escuela B\u00e1sica con la profesora Pamela Arriaga y qued\u00f3 sin continuidad por falta de recursos. Hoy, bajo convenio de colaboraci\u00f3n con el SLEP, el alcalde Ariel Keim asegura el financiamiento y formaliza la incorporaci\u00f3n de Estefan\u00eda Avilez \u2014vecina, ex alumna y certificada en LSCh\u2014 para fortalecer la inclusi\u00f3n educativa.<\/p>\n<p style=\"text-align: justify;\">Desde este mes, la Municipalidad de Chile Chico, en coordinaci\u00f3n con la Escuela B\u00e1sica Libertador Bernardo O\u2019Higgins de Puerto Guadal, implementa clases de Lengua de Se\u00f1as Chilena (LSCh) a cargo de Estefan\u00eda Avilez, retomando un trabajo iniciado en el establecimiento y que no hab\u00eda podido continuar por falta de recursos.<\/p>\n<p style=\"text-align: justify;\">El apoyo municipal permitir\u00e1 dar continuidad a un proceso clave para derribar barreras comunicacionales y promover una comunidad escolar m\u00e1s inclusiva y accesible. El programa contempla sesiones te\u00f3rico-pr\u00e1cticas, materiales de apoyo y actividades de sensibilizaci\u00f3n, con \u00e9nfasis en alfabeto dactilol\u00f3gico, vocabulario cotidiano y convivencia inclusiva. La coordinaci\u00f3n se realizar\u00e1 entre el establecimiento y la Direcci\u00f3n de Educaci\u00f3n municipal, asegurando regularidad, seguimiento pedag\u00f3gico y evaluaci\u00f3n de aprendizajes.<\/p>\n<p style=\"text-align: justify;\">\u201cHoy quiero compartir una muy buena noticia para toda nuestra comuna y principalmente para la comunidad de Puerto Guadal. En un trabajo en conjunto realizado con la Escuela Libertador Bernardo O\u2019Higgins hemos concretado la contrataci\u00f3n de una monitora municipal de Lengua de Se\u00f1as para apoyar a todos nuestros estudiantes y a la comunidad educativa en general con las necesidades comunicacionales especiales. Y lo principal de esto es que la monitora, Estefan\u00eda, no solo tiene la formaci\u00f3n y la experiencia necesaria, sino que adem\u00e1s es una vecina, hija de Puerto Guadal y ex alumna de esta escuela, lo que le permite comprender de manera \u00fanica la realidad de nuestros estudiantes y del establecimiento. Como alcalde, soy convencido de que la inclusi\u00f3n es un pilar fundamental para nuestra gesti\u00f3n y con la incorporaci\u00f3n de Estefan\u00eda, muchos m\u00e1s estudiantes y toda la comunidad educativa podr\u00e1n acceder a una educaci\u00f3n completa, participativa e inclusiva, fortaleciendo la igualdad de oportunidades en toda nuestra comuna. Este proyecto refleja, por otra parte, el compromiso que tiene nuestro municipio, nuestra administraci\u00f3n y la comunidad educativa de trabajar en conjunto, generando espacios de respeto, integraci\u00f3n y desarrollo para todos y cada uno de nuestros estudiantes. As\u00ed que esta importante noticia nos mantiene muy contentos y, por supuesto, marca un hito importante en el desarrollo de la educaci\u00f3n local en la Escuela de Puerto Guadal\u201d, expres\u00f3 el alcalde Ariel Keim.<\/p>\n<p style=\"text-align: justify;\">La directora del establecimiento, Cecilia Rosas, destac\u00f3 que \u201cestamos muy felices de contar con Fanny, ex alumna de esta escuela, trabajando con nosotros como monitora en la actividad extraprogram\u00e1tica de Lengua de Se\u00f1as. Esta iniciativa parti\u00f3 aqu\u00ed, gracias a la profesora Pamela, educadora de p\u00e1rvulos, y la vimos desde el comienzo como una actividad inclusiva para todos nuestros estudiantes. Agradecemos profundamente el apoyo del alcalde y de la Municipalidad de Chile Chico, porque la idea es no perder este trabajo y que la inclusi\u00f3n sea una realidad. Tenemos varios apoderados sordos y necesitamos que esto se haga realidad en nuestra escuela. Muy agradecida por esta gesti\u00f3n.\u201d<\/p>\n<p style=\"text-align: justify;\">Por su parte, la delegada de Puerto Guadal, Ana Romero, se\u00f1al\u00f3: \u201cEstamos muy contentos de poder llevar a cabo estos talleres en Puerto Guadal. Es una iniciativa que, si bien naci\u00f3 en el colegio, no pudo tener continuidad por falta de recursos para contratar monitores. Hoy el alcalde se compromete con la comunidad educativa, con los apoderados y con los ni\u00f1os a dar este gran paso en la educaci\u00f3n, que no solo potencia las habilidades de manera tradicional, sino que tambi\u00e9n incorpora la Lengua de Se\u00f1as. Agradecemos a la profesora Pamela Arriaga, quien ha estado apoyando a Estefan\u00eda en este proceso de inducci\u00f3n, y destacamos que sea una joven local y ex alumna del colegio quien lidere estos talleres, lo que resulta muy gratificante para toda la comunidad.\u201d<\/p>\n<p style=\"text-align: justify;\">Finalmente, Laura Vero\u00edza Enr\u00edquez, madre de Estefan\u00eda Avilez:, agreg\u00f3 que \u201cquiero agradecer al alcalde, a la delegada de Puerto Guadal, a la directora de la escuela y a la profesora que gest\u00f3 esta iniciativa, porque hoy se nos abre un camino real hacia la inclusi\u00f3n. Para m\u00ed es muy significativo que Estefan\u00eda, adem\u00e1s de ser parte de nuestra comunidad y ex alumna, ponga en pr\u00e1ctica sus conocimientos en Lengua de Se\u00f1as, que ha sido su herramienta de vida para comunicarse. Con esto se reconoce que las personas con discapacidad auditiva no son de tercera clase: tienen capacidades y merecen estar incluidas en la sociedad. Es muy lindo ver que, por fin, esto se valora desde la educaci\u00f3n.\u201d<\/p>\n<\/div><\/section><\/div><div  style='height:50px' class='hr hr-invisible   avia-builder-el-6  el_after_av_one_full  el_before_av_social_share '><span class='hr-inner ' ><span class='hr-inner-style'><\/span><\/span><\/div><\/p>\n<div  class='av-social-sharing-box  avia-builder-el-7  el_after_av_hr  el_before_av_hr  '><div class='av-share-box'><h5 class='av-share-link-description av-no-toc '>Compartir esta noticia<\/h5><ul class='av-share-box-list noLightbox'><li class='av-share-link av-social-link-facebook' ><a target=\"_blank\" aria-label=\"Compartir en Facebook\" href='https:\/\/www.facebook.com\/sharer.php?u=https:\/\/radiorevelacionfm.cl\/?p=59765&#038;t=Impulsan%20clases%20de%20Lengua%20de%20Se%C3%B1as%20en%20la%20Escuela%20Libertador%20O%E2%80%99Higgins%20en%20Puerto%20Guadal' aria-hidden='false' data-av_icon='\ue8f3' data-av_iconfont='entypo-fontello' title='' data-avia-related-tooltip='Compartir en Facebook' rel=\"noopener\"><span class='avia_hidden_link_text'>Compartir en Facebook<\/span><\/a><\/li><li class='av-share-link av-social-link-twitter' ><a target=\"_blank\" aria-label=\"Compartir en Twitter\" href='https:\/\/twitter.com\/share?text=Impulsan%20clases%20de%20Lengua%20de%20Se%C3%B1as%20en%20la%20Escuela%20Libertador%20O%E2%80%99Higgins%20en%20Puerto%20Guadal&#038;url=https:\/\/radiorevelacionfm.cl\/?p=59765' aria-hidden='false' data-av_icon='\ue8f1' data-av_iconfont='entypo-fontello' title='' data-avia-related-tooltip='Compartir en Twitter' rel=\"noopener\"><span class='avia_hidden_link_text'>Compartir en Twitter<\/span><\/a><\/li><li class='av-share-link av-social-link-whatsapp' ><a target=\"_blank\" aria-label=\"Compartir en Whatsapp\" href='https:\/\/api.whatsapp.com\/send?text=https:\/\/radiorevelacionfm.cl\/?p=59765' aria-hidden='false' data-av_icon='\uf232' data-av_iconfont='entypo-fontello' title='' data-avia-related-tooltip='Compartir en Whatsapp' rel=\"noopener\"><span class='avia_hidden_link_text'>Compartir en Whatsapp<\/span><\/a><\/li><li class='av-share-link av-social-link-linkedin' ><a target=\"_blank\" aria-label=\"Compartir en LinkedIn\" href='https:\/\/linkedin.com\/shareArticle?mini=true&#038;title=Impulsan%20clases%20de%20Lengua%20de%20Se%C3%B1as%20en%20la%20Escuela%20Libertador%20O%E2%80%99Higgins%20en%20Puerto%20Guadal&#038;url=https:\/\/radiorevelacionfm.cl\/?p=59765' aria-hidden='false' data-av_icon='\ue8fc' data-av_iconfont='entypo-fontello' title='' data-avia-related-tooltip='Compartir en LinkedIn' rel=\"noopener\"><span class='avia_hidden_link_text'>Compartir en LinkedIn<\/span><\/a><\/li><li class='av-share-link av-social-link-mail' ><a  aria-label=\"Compartir por correo\" href='mailto:?subject=Impulsan%20clases%20de%20Lengua%20de%20Se%C3%B1as%20en%20la%20Escuela%20Libertador%20O%E2%80%99Higgins%20en%20Puerto%20Guadal&#038;body=https:\/\/radiorevelacionfm.cl\/?p=59765' aria-hidden='false' data-av_icon='\ue805' data-av_iconfont='entypo-fontello' title='' data-avia-related-tooltip='Compartir por correo'><span class='avia_hidden_link_text'>Compartir por correo<\/span><\/a><\/li><\/ul><\/div><\/div>\n<div  style='height:50px' class='hr hr-invisible   avia-builder-el-8  el_after_av_social_share  el_before_av_comments_list '><span class='hr-inner ' ><span class='hr-inner-style'><\/span><\/span><\/div>\n<div  class='av-buildercomment  av-blog-meta-html-info-disabled av-blog-meta-tag-disabled  '><\/div>\n","protected":false},"excerpt":{"rendered":"","protected":false},"author":1,"featured_media":59766,"comment_status":"closed","ping_status":"closed","sticky":false,"template":"","format":"standard","meta":{"footnotes":""},"categories":[38],"tags":[],"class_list":["post-59765","post","type-post","status-publish","format-standard","has-post-thumbnail","hentry","category-regional"],"jetpack_featured_media_url":"https:\/\/radiorevelacionfm.cl\/wp-content\/uploads\/2025\/10\/554330402_1331167972133507_6139228067387911953_n-1-1.jpg","_links":{"self":[{"href":"https:\/\/radiorevelacionfm.cl\/index.php?rest_route=\/wp\/v2\/posts\/59765","targetHints":{"allow":["GET"]}}],"collection":[{"href":"https:\/\/radiorevelacionfm.cl\/index.php?rest_route=\/wp\/v2\/posts"}],"about":[{"href":"https:\/\/radiorevelacionfm.cl\/index.php?rest_route=\/wp\/v2\/types\/post"}],"author":[{"embeddable":true,"href":"https:\/\/radiorevelacionfm.cl\/index.php?rest_route=\/wp\/v2\/users\/1"}],"replies":[{"embeddable":true,"href":"https:\/\/radiorevelacionfm.cl\/index.php?rest_route=%2Fwp%2Fv2%2Fcomments&post=59765"}],"version-history":[{"count":2,"href":"https:\/\/radiorevelacionfm.cl\/index.php?rest_route=\/wp\/v2\/posts\/59765\/revisions"}],"predecessor-version":[{"id":59768,"href":"https:\/\/radiorevelacionfm.cl\/index.php?rest_route=\/wp\/v2\/posts\/59765\/revisions\/59768"}],"wp:featuredmedia":[{"embeddable":true,"href":"https:\/\/radiorevelacionfm.cl\/index.php?rest_route=\/wp\/v2\/media\/59766"}],"wp:attachment":[{"href":"https:\/\/radiorevelacionfm.cl\/index.php?rest_route=%2Fwp%2Fv2%2Fmedia&parent=59765"}],"wp:term":[{"taxonomy":"category","embeddable":true,"href":"https:\/\/radiorevelacionfm.cl\/index.php?rest_route=%2Fwp%2Fv2%2Fcategories&post=59765"},{"taxonomy":"post_tag","embeddable":true,"href":"https:\/\/radiorevelacionfm.cl\/index.php?rest_route=%2Fwp%2Fv2%2Ftags&post=59765"}],"curies":[{"name":"wp","href":"https:\/\/api.w.org\/{rel}","templated":true}]}}