{"id":59761,"date":"2025-10-01T12:36:16","date_gmt":"2025-10-01T15:36:16","guid":{"rendered":"https:\/\/radiorevelacionfm.cl\/?p=59761"},"modified":"2025-10-01T12:36:16","modified_gmt":"2025-10-01T15:36:16","slug":"vecina-de-cochrane-obtiene-mencion-honrosa-en-concurso-nacional-literario-de-senama","status":"publish","type":"post","link":"https:\/\/radiorevelacionfm.cl\/?p=59761","title":{"rendered":"Vecina de Cochrane obtiene menci\u00f3n honrosa en Concurso Nacional Literario de Senama"},"content":{"rendered":"<div class=\"flex_column av_one_full  flex_column_div av-zero-column-padding first  avia-builder-el-0  el_before_av_one_full  avia-builder-el-first  \" style='border-radius:0px; '><div  class='avia-image-container  av-styling-    avia-builder-el-1  avia-builder-el-no-sibling  avia-align-center '  itemprop=\"image\" itemscope=\"itemscope\" itemtype=\"https:\/\/schema.org\/ImageObject\"  ><div class='avia-image-container-inner'><div class='avia-image-overlay-wrap'><img decoding=\"async\" class='wp-image-59762 avia-img-lazy-loading-not-59762 avia_image' src=\"https:\/\/radiorevelacionfm.cl\/wp-content\/uploads\/2025\/10\/COCHRANE-ADULTO-MAYOR-2-1-1.jpg\" alt='' title='COCHRANE ADULTO MAYOR (2) (1) (1)' height=\"600\" width=\"900\"  itemprop=\"thumbnailUrl\" srcset=\"https:\/\/radiorevelacionfm.cl\/wp-content\/uploads\/2025\/10\/COCHRANE-ADULTO-MAYOR-2-1-1.jpg 900w, https:\/\/radiorevelacionfm.cl\/wp-content\/uploads\/2025\/10\/COCHRANE-ADULTO-MAYOR-2-1-1-300x200.jpg 300w, https:\/\/radiorevelacionfm.cl\/wp-content\/uploads\/2025\/10\/COCHRANE-ADULTO-MAYOR-2-1-1-768x512.jpg 768w, https:\/\/radiorevelacionfm.cl\/wp-content\/uploads\/2025\/10\/COCHRANE-ADULTO-MAYOR-2-1-1-705x470.jpg 705w, https:\/\/radiorevelacionfm.cl\/wp-content\/uploads\/2025\/10\/COCHRANE-ADULTO-MAYOR-2-1-1-450x300.jpg 450w, https:\/\/radiorevelacionfm.cl\/wp-content\/uploads\/2025\/10\/COCHRANE-ADULTO-MAYOR-2-1-1-600x400.jpg 600w\" sizes=\"(max-width: 900px) 100vw, 900px\" \/><\/div><\/div><\/div><\/div><div class=\"flex_column av_one_full  flex_column_div av-zero-column-padding first  avia-builder-el-2  el_after_av_one_full  el_before_av_one_full  column-top-margin\" style='border-radius:0px; '><section class=\"av_textblock_section \"  itemscope=\"itemscope\" itemtype=\"https:\/\/schema.org\/BlogPosting\" itemprop=\"blogPost\" ><div class='avia_textblock  '   itemprop=\"text\" ><p style=\"text-align: center;\"><strong><span style=\"font-size: 18pt;\">Vecina de Cochrane obtiene menci\u00f3n honrosa en Concurso Nacional Literario de Senama<\/span><\/strong><\/p>\n<div id=\"gtx-trans\" style=\"position: absolute; left: -50px; top: 4.31534px;\">\n<div class=\"gtx-trans-icon\"><\/div>\n<\/div>\n<\/div><\/section><\/div><div class=\"flex_column av_one_full  flex_column_div av-zero-column-padding first  avia-builder-el-4  el_after_av_one_full  el_before_av_hr  column-top-margin\" style='border-radius:0px; '><section class=\"av_textblock_section \"  itemscope=\"itemscope\" itemtype=\"https:\/\/schema.org\/BlogPosting\" itemprop=\"blogPost\" ><div class='avia_textblock  '   itemprop=\"text\" ><p style=\"text-align: justify;\">Este 1 de octubre, en el marco del <strong>D\u00eda Internacional de las Personas Mayores,<\/strong> la comuna de <strong>Cochrane<\/strong> celebra con orgullo el reconocimiento obtenido por la vecina <strong>Yolanda Mu\u00f1oz V\u00e1squez<\/strong>, quien recibi\u00f3 la Segunda Menci\u00f3n Honrosa de la Regi\u00f3n de Ays\u00e9n en la XI edici\u00f3n del Concurso Literario Autobiogr\u00e1fico de Personas Mayores, organizado por el Servicio Nacional del Adulto Mayor (SENAMA).<\/p>\n<p style=\"text-align: justify;\">El certamen, que este 2025 cumpli\u00f3 11 a\u00f1os de trayectoria y reuni\u00f3 a cientos de relatos de todo el pa\u00eds, tiene por objetivo rescatar memorias, vivencias y testimonios de vida de las personas mayores, fortaleciendo su rol activo en la cultura, la identidad y la historia de Chile.<\/p>\n<p style=\"text-align: justify;\">En su relato titulado <strong><em>\u201cSoy la que sembr\u00f3 sin tierra y cosech\u00f3 hogar\u201d<\/em><\/strong>, Yolanda reconstruye con sensibilidad y valent\u00eda su vida marcada por el esfuerzo en la Patagonia: la llegada al Baker cuando a\u00fan no exist\u00edan caminos, el aprendizaje de las duras labores rurales, la crianza de hijos e hijas en medio de grandes desaf\u00edos y la resiliencia frente a la enfermedad. Con un lenguaje sencillo y honesto, su historia refleja la fuerza de quienes han forjado comunidad y futuro en estas tierras australes.<\/p>\n<p style=\"text-align: justify;\">Uno de los pasajes m\u00e1s crudos de su relato recuerda ese aprendizaje forzado de la vida campesina: <em>\u201cYo no sab\u00eda nada de campo, pero tuve que aprender a andar a caballo, ensillar un pilchero, esquilar y usar el hacha, porque en esos a\u00f1os solo se usaba hacha para hacer cerco.\u201d<\/em><\/p>\n<p style=\"text-align: justify;\">La Oficina Municipal de las Personas Mayores de Cochrane acompa\u00f1\u00f3 este proceso en el mes de julio, a trav\u00e9s de un taller de escritura que busc\u00f3 potenciar la voz de las personas mayores y motivar su participaci\u00f3n en este concurso nacional, visibilizando sus experiencias de vida. En este trabajo de apoyo participaron las profesionales Danicsa Jara, \u00c1ngela Guti\u00e9rrez y Nilda Soto, quienes facilitaron el proceso creativo y de acompa\u00f1amiento.<\/p>\n<p style=\"text-align: justify;\">El <strong>alcalde de Cochrane, Patricio Ulloa Georgia<\/strong>, manifest\u00f3: \u201cEstamos realmente orgullosos por el premio que ha recibido la se\u00f1ora Yolanda Mu\u00f1oz. Ella nos honra como mujer de Cochrane, de esfuerzo y sacrificio, y queremos valorar en ella el esp\u00edritu pionero, especialmente de nuestras mujeres y de nuestras personas mayores. Hoy, 1 de octubre, celebramos el Mes Internacional de las Personas Mayores, y este reconocimiento viene a representar lo que han sido nuestras mujeres, nuestros hombres, nuestras personas mayores y pioneros en la comuna de Cochrane. Quiero enviarles un cari\u00f1oso saludo y decirles que vamos a seguir caminando junto a ustedes, trabajando y recibiendo la experiencia y el conocimiento que nos traspasan. Gracias a ese sacrificio y esfuerzo, hoy tenemos el orgullo y la satisfacci\u00f3n de disfrutar esta hermosa tierra de pioneros que ustedes forjaron.\u201d<\/p>\n<p style=\"text-align: justify;\">Por su parte<strong>, la encargada de la Oficina de las Personas Mayores, Nilda Soto Mansilla<\/strong>, se\u00f1al\u00f3: \u201cCuando iniciamos nuestros talleres, la idea fue que nuestras personas mayores pudieran contarnos su historia, sus vivencias de juventud, c\u00f3mo llegaron a Cochrane y qu\u00e9 hicieron. Algunos ven\u00edan del campo, otros de la ciudad, y todos compartieron recuerdos que se transformaron en relatos llenos de emoci\u00f3n. El \u00e9xito del taller fue total y Cochrane qued\u00f3 muy bien posicionado a nivel regional y nacional. Prontamente estaremos compartiendo todas las actividades programadas para el Mes de las Personas Mayores. Hoy enviamos un gran abrazo y un cari\u00f1oso saludo a todas nuestras personas mayores de Cochrane.\u201d<\/p>\n<p style=\"text-align: justify;\">Finalmente, <strong>la homenajeada Yolanda Mu\u00f1oz V\u00e1squez<\/strong> expres\u00f3 con emoci\u00f3n:<br \/>\n\u201cMe alegra mucho haber ganado, porque este premio no es solamente para m\u00ed, es para muchas mujeres que se esforzaron como yo. Es una alegr\u00eda grande haber contado mi historia y que sirva para muchas personas. As\u00ed como yo, hay muchas mujeres que lucharon por criar y dar estudio a sus hijos. Quiero saludar a todas las personas mayores y decirles que no estamos solos; cuando salga otra oportunidad de contar nuestras historias, debemos hacerlo, porque quedan escritas y podr\u00e1n ser le\u00eddas por m\u00e1s gente.\u201d<\/p>\n<p style=\"text-align: justify;\">Los participantes galardonados en el concurso a nivel nacional y\/o regional recibir\u00e1n un set de libros, la XI edici\u00f3n del Concurso, un galvano conmemorativo y la invitaci\u00f3n a participar en un taller online de seis sesiones sobre \u201cEscritura creativa\u201d, completamente gratuito, a realizarse dentro del 2025. Adem\u00e1s, las obras ganadoras ser\u00e1n publicadas en la Colecci\u00f3n \u201cConcurso Literario Autobiogr\u00e1fico de Personas Mayores\u201d.<\/p>\n<p style=\"text-align: justify;\">Con esta buena noticia, Cochrane da inicio a su Mes Dorado, un mes dedicado a relevar la voz, la experiencia y el protagonismo de las personas mayores, quienes con su legado siguen iluminando la historia y el presente de Cochrane, la tierra de pioneros.<\/p>\n<\/div><\/section><\/div><div  style='height:50px' class='hr hr-invisible   avia-builder-el-6  el_after_av_one_full  el_before_av_social_share '><span class='hr-inner ' ><span class='hr-inner-style'><\/span><\/span><\/div><\/p>\n<div  class='av-social-sharing-box  avia-builder-el-7  el_after_av_hr  el_before_av_hr  '><div class='av-share-box'><h5 class='av-share-link-description av-no-toc '>Compartir esta noticia<\/h5><ul class='av-share-box-list noLightbox'><li class='av-share-link av-social-link-facebook' ><a target=\"_blank\" aria-label=\"Compartir en Facebook\" href='https:\/\/www.facebook.com\/sharer.php?u=https:\/\/radiorevelacionfm.cl\/?p=59761&#038;t=Vecina%20de%20Cochrane%20obtiene%20menci%C3%B3n%20honrosa%20en%20Concurso%20Nacional%20Literario%20de%20Senama' aria-hidden='false' data-av_icon='\ue8f3' data-av_iconfont='entypo-fontello' title='' data-avia-related-tooltip='Compartir en Facebook' rel=\"noopener\"><span class='avia_hidden_link_text'>Compartir en Facebook<\/span><\/a><\/li><li class='av-share-link av-social-link-twitter' ><a target=\"_blank\" aria-label=\"Compartir en Twitter\" href='https:\/\/twitter.com\/share?text=Vecina%20de%20Cochrane%20obtiene%20menci%C3%B3n%20honrosa%20en%20Concurso%20Nacional%20Literario%20de%20Senama&#038;url=https:\/\/radiorevelacionfm.cl\/?p=59761' aria-hidden='false' data-av_icon='\ue8f1' data-av_iconfont='entypo-fontello' title='' data-avia-related-tooltip='Compartir en Twitter' rel=\"noopener\"><span class='avia_hidden_link_text'>Compartir en Twitter<\/span><\/a><\/li><li class='av-share-link av-social-link-whatsapp' ><a target=\"_blank\" aria-label=\"Compartir en Whatsapp\" href='https:\/\/api.whatsapp.com\/send?text=https:\/\/radiorevelacionfm.cl\/?p=59761' aria-hidden='false' data-av_icon='\uf232' data-av_iconfont='entypo-fontello' title='' data-avia-related-tooltip='Compartir en Whatsapp' rel=\"noopener\"><span class='avia_hidden_link_text'>Compartir en Whatsapp<\/span><\/a><\/li><li class='av-share-link av-social-link-linkedin' ><a target=\"_blank\" aria-label=\"Compartir en LinkedIn\" href='https:\/\/linkedin.com\/shareArticle?mini=true&#038;title=Vecina%20de%20Cochrane%20obtiene%20menci%C3%B3n%20honrosa%20en%20Concurso%20Nacional%20Literario%20de%20Senama&#038;url=https:\/\/radiorevelacionfm.cl\/?p=59761' aria-hidden='false' data-av_icon='\ue8fc' data-av_iconfont='entypo-fontello' title='' data-avia-related-tooltip='Compartir en LinkedIn' rel=\"noopener\"><span class='avia_hidden_link_text'>Compartir en LinkedIn<\/span><\/a><\/li><li class='av-share-link av-social-link-mail' ><a  aria-label=\"Compartir por correo\" href='mailto:?subject=Vecina%20de%20Cochrane%20obtiene%20menci%C3%B3n%20honrosa%20en%20Concurso%20Nacional%20Literario%20de%20Senama&#038;body=https:\/\/radiorevelacionfm.cl\/?p=59761' aria-hidden='false' data-av_icon='\ue805' data-av_iconfont='entypo-fontello' title='' data-avia-related-tooltip='Compartir por correo'><span class='avia_hidden_link_text'>Compartir por correo<\/span><\/a><\/li><\/ul><\/div><\/div>\n<div  style='height:50px' class='hr hr-invisible   avia-builder-el-8  el_after_av_social_share  el_before_av_comments_list '><span class='hr-inner ' ><span class='hr-inner-style'><\/span><\/span><\/div>\n<div  class='av-buildercomment  av-blog-meta-html-info-disabled av-blog-meta-tag-disabled  '><\/div>\n","protected":false},"excerpt":{"rendered":"","protected":false},"author":1,"featured_media":59762,"comment_status":"closed","ping_status":"closed","sticky":false,"template":"","format":"standard","meta":{"footnotes":""},"categories":[38],"tags":[],"class_list":["post-59761","post","type-post","status-publish","format-standard","has-post-thumbnail","hentry","category-regional"],"jetpack_featured_media_url":"https:\/\/radiorevelacionfm.cl\/wp-content\/uploads\/2025\/10\/COCHRANE-ADULTO-MAYOR-2-1-1.jpg","_links":{"self":[{"href":"https:\/\/radiorevelacionfm.cl\/index.php?rest_route=\/wp\/v2\/posts\/59761","targetHints":{"allow":["GET"]}}],"collection":[{"href":"https:\/\/radiorevelacionfm.cl\/index.php?rest_route=\/wp\/v2\/posts"}],"about":[{"href":"https:\/\/radiorevelacionfm.cl\/index.php?rest_route=\/wp\/v2\/types\/post"}],"author":[{"embeddable":true,"href":"https:\/\/radiorevelacionfm.cl\/index.php?rest_route=\/wp\/v2\/users\/1"}],"replies":[{"embeddable":true,"href":"https:\/\/radiorevelacionfm.cl\/index.php?rest_route=%2Fwp%2Fv2%2Fcomments&post=59761"}],"version-history":[{"count":2,"href":"https:\/\/radiorevelacionfm.cl\/index.php?rest_route=\/wp\/v2\/posts\/59761\/revisions"}],"predecessor-version":[{"id":59764,"href":"https:\/\/radiorevelacionfm.cl\/index.php?rest_route=\/wp\/v2\/posts\/59761\/revisions\/59764"}],"wp:featuredmedia":[{"embeddable":true,"href":"https:\/\/radiorevelacionfm.cl\/index.php?rest_route=\/wp\/v2\/media\/59762"}],"wp:attachment":[{"href":"https:\/\/radiorevelacionfm.cl\/index.php?rest_route=%2Fwp%2Fv2%2Fmedia&parent=59761"}],"wp:term":[{"taxonomy":"category","embeddable":true,"href":"https:\/\/radiorevelacionfm.cl\/index.php?rest_route=%2Fwp%2Fv2%2Fcategories&post=59761"},{"taxonomy":"post_tag","embeddable":true,"href":"https:\/\/radiorevelacionfm.cl\/index.php?rest_route=%2Fwp%2Fv2%2Ftags&post=59761"}],"curies":[{"name":"wp","href":"https:\/\/api.w.org\/{rel}","templated":true}]}}