{"id":59749,"date":"2025-09-30T21:37:39","date_gmt":"2025-10-01T00:37:39","guid":{"rendered":"https:\/\/radiorevelacionfm.cl\/?p=59749"},"modified":"2025-09-30T21:37:39","modified_gmt":"2025-10-01T00:37:39","slug":"ceremonia-de-cierre-del-programa-monitores-antidrogas-en-la-fiscalia-regional-de-aysen","status":"publish","type":"post","link":"https:\/\/radiorevelacionfm.cl\/?p=59749","title":{"rendered":"Ceremonia de cierre del programa \u201cMonitores Antidrogas\u201d en la Fiscal\u00eda Regional de Ays\u00e9n"},"content":{"rendered":"<div class=\"flex_column av_one_full  flex_column_div av-zero-column-padding first  avia-builder-el-0  el_before_av_one_full  avia-builder-el-first  \" style='border-radius:0px; '><div  class='avia-image-container  av-styling-    avia-builder-el-1  avia-builder-el-no-sibling  avia-align-center '  itemprop=\"image\" itemscope=\"itemscope\" itemtype=\"https:\/\/schema.org\/ImageObject\"  ><div class='avia-image-container-inner'><div class='avia-image-overlay-wrap'><img decoding=\"async\" class='wp-image-59750 avia-img-lazy-loading-not-59750 avia_image' src=\"https:\/\/radiorevelacionfm.cl\/wp-content\/uploads\/2025\/09\/1-copia-4-1_optimized.jpg\" alt='' title='1 - -copia-(4)-(1)_optimized' height=\"600\" width=\"900\"  itemprop=\"thumbnailUrl\" srcset=\"https:\/\/radiorevelacionfm.cl\/wp-content\/uploads\/2025\/09\/1-copia-4-1_optimized.jpg 900w, https:\/\/radiorevelacionfm.cl\/wp-content\/uploads\/2025\/09\/1-copia-4-1_optimized-300x200.jpg 300w, https:\/\/radiorevelacionfm.cl\/wp-content\/uploads\/2025\/09\/1-copia-4-1_optimized-768x512.jpg 768w, https:\/\/radiorevelacionfm.cl\/wp-content\/uploads\/2025\/09\/1-copia-4-1_optimized-705x470.jpg 705w, https:\/\/radiorevelacionfm.cl\/wp-content\/uploads\/2025\/09\/1-copia-4-1_optimized-450x300.jpg 450w, https:\/\/radiorevelacionfm.cl\/wp-content\/uploads\/2025\/09\/1-copia-4-1_optimized-600x400.jpg 600w\" sizes=\"(max-width: 900px) 100vw, 900px\" \/><\/div><\/div><\/div><\/div><div class=\"flex_column av_one_full  flex_column_div av-zero-column-padding first  avia-builder-el-2  el_after_av_one_full  el_before_av_one_full  column-top-margin\" style='border-radius:0px; '><section class=\"av_textblock_section \"  itemscope=\"itemscope\" itemtype=\"https:\/\/schema.org\/BlogPosting\" itemprop=\"blogPost\" ><div class='avia_textblock  '   itemprop=\"text\" ><p style=\"text-align: center;\"><span style=\"font-size: 18pt;\"><b>Ceremonia de cierre del programa \u201cMonitores Antidrogas\u201d en la Fiscal\u00eda Regional de Ays\u00e9n<\/b><\/span><\/p>\n<div id=\"gtx-trans\" style=\"position: absolute; left: -50px; top: 4.31534px;\">\n<div class=\"gtx-trans-icon\"><\/div>\n<\/div>\n<\/div><\/section><\/div><div class=\"flex_column av_one_full  flex_column_div av-zero-column-padding first  avia-builder-el-4  el_after_av_one_full  el_before_av_hr  column-top-margin\" style='border-radius:0px; '><section class=\"av_textblock_section \"  itemscope=\"itemscope\" itemtype=\"https:\/\/schema.org\/BlogPosting\" itemprop=\"blogPost\" ><div class='avia_textblock  '   itemprop=\"text\" ><p style=\"font-weight: 400; text-align: justify;\">En la Fiscal\u00eda Regional de Ays\u00e9n se efectu\u00f3 recientemente la ceremonia de cierre de este a\u00f1o del programa Monitores Antidrogas, iniciativa integral que durante este a\u00f1o cont\u00f3 con la participaci\u00f3n voluntaria de 50 estudiantes de distintos colegios de Coyhaique.<\/p>\n<p style=\"font-weight: 400; text-align: justify;\">La actividad estuvo encabezada por el Fiscal Luis Contreras Alfaro, quien destac\u00f3 el compromiso de los j\u00f3venes y de los establecimientos educacionales que formaron parte de esta octava versi\u00f3n del programa, coordinado por la Unidad de Comunicaciones de la Fiscal\u00eda Regional.<\/p>\n<p style=\"font-weight: 400; text-align: justify;\">Desde su implementaci\u00f3n, cerca de 680 alumnos han participado en esta iniciativa, la cual contempla un ciclo de cinco clases formativas impartidas por fiscales, profesionales de la salud, especialistas en prevenci\u00f3n y representantes de distintas instituciones p\u00fablicas. El objetivo es entregar informaci\u00f3n actualizada sobre la Ley 20.000, los efectos del consumo de drogas y el impacto de las adicciones en la vida personal, familiar y comunitaria.<\/p>\n<p style=\"font-weight: 400; text-align: justify;\">En las sesiones realizadas este a\u00f1o, los estudiantes compartieron con diversos expositores, como Fiscales del Ministerio P\u00fablico, un funcionario del OS-7 de Carabineros, profesionales de la Comunidad Terap\u00e9utica y un bioqu\u00edmico del Hospital Regional de Coyhaique, sumado a un psic\u00f3logo del Servicio de Salud de Ays\u00e9n.<\/p>\n<p style=\"font-weight: 400; text-align: justify;\">Los establecimientos que participaron este a\u00f1o corresponden a la Escuela V\u00edctor Domingo Silva, Liceo Bicentenario Altos del Mackay, Liceo Mater Dei, Colegio Antoine de Saint Exup\u00e9ry y Liceo San Felipe Benicio.<\/p>\n<p style=\"font-weight: 400; text-align: justify;\">El fiscal Luis Contreras subray\u00f3 que \u201cla Fiscal\u00eda asume este desaf\u00edo como parte de su compromiso con la comunidad, generando espacios de formaci\u00f3n que trascienden lo estrictamente legal. La prevenci\u00f3n comienza en las salas de clases y se fortalece con j\u00f3venes con liderazgo, capaces de transmitir mensajes responsables a sus entornos\u201d.<\/p>\n<\/div><\/section><\/div><div  style='height:50px' class='hr hr-invisible   avia-builder-el-6  el_after_av_one_full  el_before_av_social_share '><span class='hr-inner ' ><span class='hr-inner-style'><\/span><\/span><\/div><\/p>\n<div  class='av-social-sharing-box  avia-builder-el-7  el_after_av_hr  el_before_av_hr  '><div class='av-share-box'><h5 class='av-share-link-description av-no-toc '>Compartir esta noticia<\/h5><ul class='av-share-box-list noLightbox'><li class='av-share-link av-social-link-facebook' ><a target=\"_blank\" aria-label=\"Compartir en Facebook\" href='https:\/\/www.facebook.com\/sharer.php?u=https:\/\/radiorevelacionfm.cl\/?p=59749&#038;t=Ceremonia%20de%20cierre%20del%20programa%20%E2%80%9CMonitores%20Antidrogas%E2%80%9D%20en%20la%20Fiscal%C3%ADa%20Regional%20de%20Ays%C3%A9n' aria-hidden='false' data-av_icon='\ue8f3' data-av_iconfont='entypo-fontello' title='' data-avia-related-tooltip='Compartir en Facebook' rel=\"noopener\"><span class='avia_hidden_link_text'>Compartir en Facebook<\/span><\/a><\/li><li class='av-share-link av-social-link-twitter' ><a target=\"_blank\" aria-label=\"Compartir en Twitter\" href='https:\/\/twitter.com\/share?text=Ceremonia%20de%20cierre%20del%20programa%20%E2%80%9CMonitores%20Antidrogas%E2%80%9D%20en%20la%20Fiscal%C3%ADa%20Regional%20de%20Ays%C3%A9n&#038;url=https:\/\/radiorevelacionfm.cl\/?p=59749' aria-hidden='false' data-av_icon='\ue8f1' data-av_iconfont='entypo-fontello' title='' data-avia-related-tooltip='Compartir en Twitter' rel=\"noopener\"><span class='avia_hidden_link_text'>Compartir en Twitter<\/span><\/a><\/li><li class='av-share-link av-social-link-whatsapp' ><a target=\"_blank\" aria-label=\"Compartir en Whatsapp\" href='https:\/\/api.whatsapp.com\/send?text=https:\/\/radiorevelacionfm.cl\/?p=59749' aria-hidden='false' data-av_icon='\uf232' data-av_iconfont='entypo-fontello' title='' data-avia-related-tooltip='Compartir en Whatsapp' rel=\"noopener\"><span class='avia_hidden_link_text'>Compartir en Whatsapp<\/span><\/a><\/li><li class='av-share-link av-social-link-linkedin' ><a target=\"_blank\" aria-label=\"Compartir en LinkedIn\" href='https:\/\/linkedin.com\/shareArticle?mini=true&#038;title=Ceremonia%20de%20cierre%20del%20programa%20%E2%80%9CMonitores%20Antidrogas%E2%80%9D%20en%20la%20Fiscal%C3%ADa%20Regional%20de%20Ays%C3%A9n&#038;url=https:\/\/radiorevelacionfm.cl\/?p=59749' aria-hidden='false' data-av_icon='\ue8fc' data-av_iconfont='entypo-fontello' title='' data-avia-related-tooltip='Compartir en LinkedIn' rel=\"noopener\"><span class='avia_hidden_link_text'>Compartir en LinkedIn<\/span><\/a><\/li><li class='av-share-link av-social-link-mail' ><a  aria-label=\"Compartir por correo\" href='mailto:?subject=Ceremonia%20de%20cierre%20del%20programa%20%E2%80%9CMonitores%20Antidrogas%E2%80%9D%20en%20la%20Fiscal%C3%ADa%20Regional%20de%20Ays%C3%A9n&#038;body=https:\/\/radiorevelacionfm.cl\/?p=59749' aria-hidden='false' data-av_icon='\ue805' data-av_iconfont='entypo-fontello' title='' data-avia-related-tooltip='Compartir por correo'><span class='avia_hidden_link_text'>Compartir por correo<\/span><\/a><\/li><\/ul><\/div><\/div>\n<div  style='height:50px' class='hr hr-invisible   avia-builder-el-8  el_after_av_social_share  el_before_av_comments_list '><span class='hr-inner ' ><span class='hr-inner-style'><\/span><\/span><\/div>\n<div  class='av-buildercomment  av-blog-meta-html-info-disabled av-blog-meta-tag-disabled  '><\/div>\n","protected":false},"excerpt":{"rendered":"","protected":false},"author":1,"featured_media":59750,"comment_status":"closed","ping_status":"closed","sticky":false,"template":"","format":"standard","meta":{"footnotes":""},"categories":[38],"tags":[],"class_list":["post-59749","post","type-post","status-publish","format-standard","has-post-thumbnail","hentry","category-regional"],"jetpack_featured_media_url":"https:\/\/radiorevelacionfm.cl\/wp-content\/uploads\/2025\/09\/1-copia-4-1_optimized.jpg","_links":{"self":[{"href":"https:\/\/radiorevelacionfm.cl\/index.php?rest_route=\/wp\/v2\/posts\/59749","targetHints":{"allow":["GET"]}}],"collection":[{"href":"https:\/\/radiorevelacionfm.cl\/index.php?rest_route=\/wp\/v2\/posts"}],"about":[{"href":"https:\/\/radiorevelacionfm.cl\/index.php?rest_route=\/wp\/v2\/types\/post"}],"author":[{"embeddable":true,"href":"https:\/\/radiorevelacionfm.cl\/index.php?rest_route=\/wp\/v2\/users\/1"}],"replies":[{"embeddable":true,"href":"https:\/\/radiorevelacionfm.cl\/index.php?rest_route=%2Fwp%2Fv2%2Fcomments&post=59749"}],"version-history":[{"count":2,"href":"https:\/\/radiorevelacionfm.cl\/index.php?rest_route=\/wp\/v2\/posts\/59749\/revisions"}],"predecessor-version":[{"id":59752,"href":"https:\/\/radiorevelacionfm.cl\/index.php?rest_route=\/wp\/v2\/posts\/59749\/revisions\/59752"}],"wp:featuredmedia":[{"embeddable":true,"href":"https:\/\/radiorevelacionfm.cl\/index.php?rest_route=\/wp\/v2\/media\/59750"}],"wp:attachment":[{"href":"https:\/\/radiorevelacionfm.cl\/index.php?rest_route=%2Fwp%2Fv2%2Fmedia&parent=59749"}],"wp:term":[{"taxonomy":"category","embeddable":true,"href":"https:\/\/radiorevelacionfm.cl\/index.php?rest_route=%2Fwp%2Fv2%2Fcategories&post=59749"},{"taxonomy":"post_tag","embeddable":true,"href":"https:\/\/radiorevelacionfm.cl\/index.php?rest_route=%2Fwp%2Fv2%2Ftags&post=59749"}],"curies":[{"name":"wp","href":"https:\/\/api.w.org\/{rel}","templated":true}]}}