{"id":59745,"date":"2025-09-30T21:23:25","date_gmt":"2025-10-01T00:23:25","guid":{"rendered":"https:\/\/radiorevelacionfm.cl\/?p=59745"},"modified":"2025-09-30T21:23:25","modified_gmt":"2025-10-01T00:23:25","slug":"directora-s-de-serviu-afirmo-que-hasta-ahora-el-sector-vivienda-regional-no-presenta-problemas-financieros","status":"publish","type":"post","link":"https:\/\/radiorevelacionfm.cl\/?p=59745","title":{"rendered":"Directora (s) de Serviu afirm\u00f3 que hasta ahora el sector Vivienda regional no presenta problemas financieros"},"content":{"rendered":"<div class=\"flex_column av_one_full  flex_column_div av-zero-column-padding first  avia-builder-el-0  el_before_av_one_full  avia-builder-el-first  \" style='border-radius:0px; '><div  class='avia-image-container  av-styling-    avia-builder-el-1  avia-builder-el-no-sibling  avia-align-center '  itemprop=\"image\" itemscope=\"itemscope\" itemtype=\"https:\/\/schema.org\/ImageObject\"  ><div class='avia-image-container-inner'><div class='avia-image-overlay-wrap'><img decoding=\"async\" class='wp-image-59746 avia-img-lazy-loading-not-59746 avia_image' src=\"https:\/\/radiorevelacionfm.cl\/wp-content\/uploads\/2025\/09\/archivo-construccion-de-vivienda-piloto-en-sector-chacra-g-de-coyhaique-1_optimized-1.jpg\" alt='' title='archivo,-construcci\u00f3n-de-vivienda-piloto-en-sector-chacra-g-de-coyhaique-(1)_optimized (1)' height=\"600\" width=\"1067\"  itemprop=\"thumbnailUrl\" srcset=\"https:\/\/radiorevelacionfm.cl\/wp-content\/uploads\/2025\/09\/archivo-construccion-de-vivienda-piloto-en-sector-chacra-g-de-coyhaique-1_optimized-1.jpg 1067w, https:\/\/radiorevelacionfm.cl\/wp-content\/uploads\/2025\/09\/archivo-construccion-de-vivienda-piloto-en-sector-chacra-g-de-coyhaique-1_optimized-1-300x169.jpg 300w, https:\/\/radiorevelacionfm.cl\/wp-content\/uploads\/2025\/09\/archivo-construccion-de-vivienda-piloto-en-sector-chacra-g-de-coyhaique-1_optimized-1-1030x579.jpg 1030w, https:\/\/radiorevelacionfm.cl\/wp-content\/uploads\/2025\/09\/archivo-construccion-de-vivienda-piloto-en-sector-chacra-g-de-coyhaique-1_optimized-1-768x432.jpg 768w, https:\/\/radiorevelacionfm.cl\/wp-content\/uploads\/2025\/09\/archivo-construccion-de-vivienda-piloto-en-sector-chacra-g-de-coyhaique-1_optimized-1-705x396.jpg 705w, https:\/\/radiorevelacionfm.cl\/wp-content\/uploads\/2025\/09\/archivo-construccion-de-vivienda-piloto-en-sector-chacra-g-de-coyhaique-1_optimized-1-450x253.jpg 450w, https:\/\/radiorevelacionfm.cl\/wp-content\/uploads\/2025\/09\/archivo-construccion-de-vivienda-piloto-en-sector-chacra-g-de-coyhaique-1_optimized-1-600x337.jpg 600w\" sizes=\"(max-width: 1067px) 100vw, 1067px\" \/><\/div><\/div><\/div><\/div><div class=\"flex_column av_one_full  flex_column_div av-zero-column-padding first  avia-builder-el-2  el_after_av_one_full  el_before_av_one_full  column-top-margin\" style='border-radius:0px; '><section class=\"av_textblock_section \"  itemscope=\"itemscope\" itemtype=\"https:\/\/schema.org\/BlogPosting\" itemprop=\"blogPost\" ><div class='avia_textblock  '   itemprop=\"text\" ><p style=\"text-align: center;\"><strong><span style=\"font-size: 18pt;\">Directora (s) de Serviu afirm\u00f3 que hasta ahora el sector Vivienda regional no presenta problemas financieros<\/span><\/strong><\/p>\n<div id=\"gtx-trans\" style=\"position: absolute; left: -50px; top: 4.31534px;\">\n<div class=\"gtx-trans-icon\"><\/div>\n<\/div>\n<\/div><\/section><\/div><div class=\"flex_column av_one_full  flex_column_div av-zero-column-padding first  avia-builder-el-4  el_after_av_one_full  el_before_av_hr  column-top-margin\" style='border-radius:0px; '><section class=\"av_textblock_section \"  itemscope=\"itemscope\" itemtype=\"https:\/\/schema.org\/BlogPosting\" itemprop=\"blogPost\" ><div class='avia_textblock  '   itemprop=\"text\" ><p style=\"text-align: justify;\">Ante informaciones difundidas en medios de comunicaci\u00f3n respecto a un eventual d\u00e9ficit financiero a nivel nacional en el Ministerio de Vivienda y Urbanismo, la Directora (s) del SERVIU Regi\u00f3n de Ays\u00e9n, Giovanna G\u00f3mez Gallardo, inform\u00f3 que a la fecha los proyectos en ejecuci\u00f3n en la Regi\u00f3n se desarrollan con normalidad y sin retrasos en los pagos asociados.<\/p>\n<p style=\"text-align: justify;\">\u201cSabemos que existe preocupaci\u00f3n en la comunidad frente a noticias que hablan de dificultades financieras; por eso queremos dar tranquilidad a las familias de Ays\u00e9n y empresas del sector. Los proyectos habitacionales en ejecuci\u00f3n en nuestra regi\u00f3n est\u00e1n siendo financiados y los estados de pago de las obras se tramitan con normalidad. Al mismo tiempo, seguimos monitoreando de cerca la situaci\u00f3n para resguardar la continuidad de las iniciativas\u201d, manifest\u00f3.<\/p>\n<p style=\"text-align: justify;\">En ese sentido precis\u00f3 que, durante el transcurso de los \u00faltimos meses, se ha iniciado la construcci\u00f3n de viviendas en distintas comunas de la Regi\u00f3n de Ays\u00e9n, entre ellos en la localidad de Puyuhuapi con los proyectos Puyuhuapi Crece y Puyuhuapi II; en la localidad de Villa Ma\u00f1ihuales con el proyecto \u201cVida Nueva\u201d y en la localidad de Balmaceda con el Proyecto \u201cUni\u00f3n y Esperanza.<\/p>\n<p style=\"text-align: justify;\">Agreg\u00f3 la Directora del Serviu que, adem\u00e1s, durante el mes de octubre se programa dar inicio a los Proyectos \u201cComit\u00e9 Uni\u00f3n y Esperanza\u201d en Balmaceda y \u201cComit\u00e9 R\u00edo San Luis\u201d de Puerto Cisnes, de manera de seguir avanzando en el desarrollo de los proyectos habitacionales en las distintas localidades de nuestra Regi\u00f3n.<\/p>\n<p style=\"text-align: justify;\">Finalmente, Giovanna G\u00f3mez, hizo un llamado a la responsabilidad en la entrega de la Informaci\u00f3n: \u201cEntendemos la importancia de comunicar con claridad y responsabilidad, atendiendo a lo sensible que es el desarrollo de este tipo de proyectos para las familias. Nuestro compromiso es a tener un trabajo colaborativo e informaci\u00f3n oportuna a las empresas que son nuestros aliados estrat\u00e9gicos en este trabajo conjunto que va en directo beneficio de las familias de Ays\u00e9n\u201d, concluy\u00f3.<\/p>\n<\/div><\/section><\/div><div  style='height:50px' class='hr hr-invisible   avia-builder-el-6  el_after_av_one_full  el_before_av_social_share '><span class='hr-inner ' ><span class='hr-inner-style'><\/span><\/span><\/div><\/p>\n<div  class='av-social-sharing-box  avia-builder-el-7  el_after_av_hr  el_before_av_hr  '><div class='av-share-box'><h5 class='av-share-link-description av-no-toc '>Compartir esta noticia<\/h5><ul class='av-share-box-list noLightbox'><li class='av-share-link av-social-link-facebook' ><a target=\"_blank\" aria-label=\"Compartir en Facebook\" href='https:\/\/www.facebook.com\/sharer.php?u=https:\/\/radiorevelacionfm.cl\/?p=59745&#038;t=Directora%20%28s%29%20de%20Serviu%20afirm%C3%B3%20que%20hasta%20ahora%20el%20sector%20Vivienda%20regional%20no%20presenta%20problemas%20financieros' aria-hidden='false' data-av_icon='\ue8f3' data-av_iconfont='entypo-fontello' title='' data-avia-related-tooltip='Compartir en Facebook' rel=\"noopener\"><span class='avia_hidden_link_text'>Compartir en Facebook<\/span><\/a><\/li><li class='av-share-link av-social-link-twitter' ><a target=\"_blank\" aria-label=\"Compartir en Twitter\" href='https:\/\/twitter.com\/share?text=Directora%20%28s%29%20de%20Serviu%20afirm%C3%B3%20que%20hasta%20ahora%20el%20sector%20Vivienda%20regional%20no%20presenta%20problemas%20financieros&#038;url=https:\/\/radiorevelacionfm.cl\/?p=59745' aria-hidden='false' data-av_icon='\ue8f1' data-av_iconfont='entypo-fontello' title='' data-avia-related-tooltip='Compartir en Twitter' rel=\"noopener\"><span class='avia_hidden_link_text'>Compartir en Twitter<\/span><\/a><\/li><li class='av-share-link av-social-link-whatsapp' ><a target=\"_blank\" aria-label=\"Compartir en Whatsapp\" href='https:\/\/api.whatsapp.com\/send?text=https:\/\/radiorevelacionfm.cl\/?p=59745' aria-hidden='false' data-av_icon='\uf232' data-av_iconfont='entypo-fontello' title='' data-avia-related-tooltip='Compartir en Whatsapp' rel=\"noopener\"><span class='avia_hidden_link_text'>Compartir en Whatsapp<\/span><\/a><\/li><li class='av-share-link av-social-link-linkedin' ><a target=\"_blank\" aria-label=\"Compartir en LinkedIn\" href='https:\/\/linkedin.com\/shareArticle?mini=true&#038;title=Directora%20%28s%29%20de%20Serviu%20afirm%C3%B3%20que%20hasta%20ahora%20el%20sector%20Vivienda%20regional%20no%20presenta%20problemas%20financieros&#038;url=https:\/\/radiorevelacionfm.cl\/?p=59745' aria-hidden='false' data-av_icon='\ue8fc' data-av_iconfont='entypo-fontello' title='' data-avia-related-tooltip='Compartir en LinkedIn' rel=\"noopener\"><span class='avia_hidden_link_text'>Compartir en LinkedIn<\/span><\/a><\/li><li class='av-share-link av-social-link-mail' ><a  aria-label=\"Compartir por correo\" href='mailto:?subject=Directora%20%28s%29%20de%20Serviu%20afirm%C3%B3%20que%20hasta%20ahora%20el%20sector%20Vivienda%20regional%20no%20presenta%20problemas%20financieros&#038;body=https:\/\/radiorevelacionfm.cl\/?p=59745' aria-hidden='false' data-av_icon='\ue805' data-av_iconfont='entypo-fontello' title='' data-avia-related-tooltip='Compartir por correo'><span class='avia_hidden_link_text'>Compartir por correo<\/span><\/a><\/li><\/ul><\/div><\/div>\n<div  style='height:50px' class='hr hr-invisible   avia-builder-el-8  el_after_av_social_share  el_before_av_comments_list '><span class='hr-inner ' ><span class='hr-inner-style'><\/span><\/span><\/div>\n<div  class='av-buildercomment  av-blog-meta-html-info-disabled av-blog-meta-tag-disabled  '><\/div>\n","protected":false},"excerpt":{"rendered":"","protected":false},"author":1,"featured_media":59746,"comment_status":"closed","ping_status":"closed","sticky":false,"template":"","format":"standard","meta":{"footnotes":""},"categories":[57],"tags":[],"class_list":["post-59745","post","type-post","status-publish","format-standard","has-post-thumbnail","hentry","category-vivienda"],"jetpack_featured_media_url":"https:\/\/radiorevelacionfm.cl\/wp-content\/uploads\/2025\/09\/archivo-construccion-de-vivienda-piloto-en-sector-chacra-g-de-coyhaique-1_optimized-1.jpg","_links":{"self":[{"href":"https:\/\/radiorevelacionfm.cl\/index.php?rest_route=\/wp\/v2\/posts\/59745","targetHints":{"allow":["GET"]}}],"collection":[{"href":"https:\/\/radiorevelacionfm.cl\/index.php?rest_route=\/wp\/v2\/posts"}],"about":[{"href":"https:\/\/radiorevelacionfm.cl\/index.php?rest_route=\/wp\/v2\/types\/post"}],"author":[{"embeddable":true,"href":"https:\/\/radiorevelacionfm.cl\/index.php?rest_route=\/wp\/v2\/users\/1"}],"replies":[{"embeddable":true,"href":"https:\/\/radiorevelacionfm.cl\/index.php?rest_route=%2Fwp%2Fv2%2Fcomments&post=59745"}],"version-history":[{"count":2,"href":"https:\/\/radiorevelacionfm.cl\/index.php?rest_route=\/wp\/v2\/posts\/59745\/revisions"}],"predecessor-version":[{"id":59748,"href":"https:\/\/radiorevelacionfm.cl\/index.php?rest_route=\/wp\/v2\/posts\/59745\/revisions\/59748"}],"wp:featuredmedia":[{"embeddable":true,"href":"https:\/\/radiorevelacionfm.cl\/index.php?rest_route=\/wp\/v2\/media\/59746"}],"wp:attachment":[{"href":"https:\/\/radiorevelacionfm.cl\/index.php?rest_route=%2Fwp%2Fv2%2Fmedia&parent=59745"}],"wp:term":[{"taxonomy":"category","embeddable":true,"href":"https:\/\/radiorevelacionfm.cl\/index.php?rest_route=%2Fwp%2Fv2%2Fcategories&post=59745"},{"taxonomy":"post_tag","embeddable":true,"href":"https:\/\/radiorevelacionfm.cl\/index.php?rest_route=%2Fwp%2Fv2%2Ftags&post=59745"}],"curies":[{"name":"wp","href":"https:\/\/api.w.org\/{rel}","templated":true}]}}