{"id":59741,"date":"2025-09-30T21:13:48","date_gmt":"2025-10-01T00:13:48","guid":{"rendered":"https:\/\/radiorevelacionfm.cl\/?p=59741"},"modified":"2025-09-30T21:13:48","modified_gmt":"2025-10-01T00:13:48","slug":"se-extiende-el-plazo-para-conformar-comite-estrategico-regional-para-la-gobernanza-de-escazu","status":"publish","type":"post","link":"https:\/\/radiorevelacionfm.cl\/?p=59741","title":{"rendered":"Se extiende el plazo para conformar Comit\u00e9 Estrat\u00e9gico Regional para la Gobernanza de Escaz\u00fa"},"content":{"rendered":"<div class=\"flex_column av_one_full  flex_column_div av-zero-column-padding first  avia-builder-el-0  el_before_av_one_full  avia-builder-el-first  \" style='border-radius:0px; '><div  class='avia-image-container  av-styling-    avia-builder-el-1  avia-builder-el-no-sibling  avia-align-center '  itemprop=\"image\" itemscope=\"itemscope\" itemtype=\"https:\/\/schema.org\/ImageObject\"  ><div class='avia-image-container-inner'><div class='avia-image-overlay-wrap'><img decoding=\"async\" class='wp-image-59742 avia-img-lazy-loading-not-59742 avia_image' src=\"https:\/\/radiorevelacionfm.cl\/wp-content\/uploads\/2025\/09\/ESCZ1-1500x936-1-1-1.jpeg\" alt='' title='ESCZ1-1500x936-1 (1) (1)' height=\"600\" width=\"962\"  itemprop=\"thumbnailUrl\" srcset=\"https:\/\/radiorevelacionfm.cl\/wp-content\/uploads\/2025\/09\/ESCZ1-1500x936-1-1-1.jpeg 962w, https:\/\/radiorevelacionfm.cl\/wp-content\/uploads\/2025\/09\/ESCZ1-1500x936-1-1-1-300x187.jpeg 300w, https:\/\/radiorevelacionfm.cl\/wp-content\/uploads\/2025\/09\/ESCZ1-1500x936-1-1-1-768x479.jpeg 768w, https:\/\/radiorevelacionfm.cl\/wp-content\/uploads\/2025\/09\/ESCZ1-1500x936-1-1-1-705x440.jpeg 705w, https:\/\/radiorevelacionfm.cl\/wp-content\/uploads\/2025\/09\/ESCZ1-1500x936-1-1-1-450x281.jpeg 450w, https:\/\/radiorevelacionfm.cl\/wp-content\/uploads\/2025\/09\/ESCZ1-1500x936-1-1-1-600x374.jpeg 600w\" sizes=\"(max-width: 962px) 100vw, 962px\" \/><\/div><\/div><\/div><\/div><div class=\"flex_column av_one_full  flex_column_div av-zero-column-padding first  avia-builder-el-2  el_after_av_one_full  el_before_av_one_full  column-top-margin\" style='border-radius:0px; '><section class=\"av_textblock_section \"  itemscope=\"itemscope\" itemtype=\"https:\/\/schema.org\/BlogPosting\" itemprop=\"blogPost\" ><div class='avia_textblock  '   itemprop=\"text\" ><p style=\"text-align: center;\"><strong><span style=\"font-size: 18pt;\">Se extiende el plazo para conformar Comit\u00e9 Estrat\u00e9gico Regional para la Gobernanza de Escaz\u00fa<\/span><\/strong><\/p>\n<div id=\"gtx-trans\" style=\"position: absolute; left: -50px; top: 4.31534px;\">\n<div class=\"gtx-trans-icon\"><\/div>\n<\/div>\n<\/div><\/section><\/div><div class=\"flex_column av_one_full  flex_column_div av-zero-column-padding first  avia-builder-el-4  el_after_av_one_full  el_before_av_hr  column-top-margin\" style='border-radius:0px; '><section class=\"av_textblock_section \"  itemscope=\"itemscope\" itemtype=\"https:\/\/schema.org\/BlogPosting\" itemprop=\"blogPost\" ><div class='avia_textblock  '   itemprop=\"text\" ><p style=\"text-align: justify;\">Hasta el s\u00e1bado 4 de octubre se extendi\u00f3 el plazo para que las organizaciones de la sociedad civil puedan participar del proceso de conformaci\u00f3n del Comit\u00e9 Regional para constituir la Gobernanza del Acuerdo de Escaz\u00fa en Chile.<\/p>\n<p style=\"text-align: justify;\">El Seremi del Medio Ambiente, Yoal D\u00edaz, record\u00f3 a la comunidad que la regi\u00f3n de Ays\u00e9n es una de las 5 regiones del pa\u00eds que han optado por conformar un Comit\u00e9 Estrat\u00e9gico Regional, por cuanto llam\u00f3 a las organizaciones sociales, sector acad\u00e9mico y privado a presentar sus candidaturas \u201cla Gobernanza de Escaz\u00fa se inspira en los principios de inclusi\u00f3n, transparencia, paridad, interculturalidad, enfoque de derechos y pertinencia territorial, \u00a0por eso es de suma importancia que nuestros actores regionales se sumen a esta oportunidad de participaci\u00f3n para la implementaci\u00f3n de este acuerdo y tomar un rol protag\u00f3nico en la ejecuci\u00f3n de esta hoja de ruta\u201d.<\/p>\n<p style=\"text-align: justify;\">El Acuerdo de Escaz\u00fa busca que los ciudadanos tengan la posibilidad de proteger los derechos ambientales para corregir da\u00f1os y resolver conflictos que afectan el ambiente bas\u00e1ndose en cuatro principios fundamentales: Mejora el acceso a la justicia ambiental; insta a que Chile tenga m\u00e1s participaci\u00f3n p\u00fablica; eleva los est\u00e1ndares de la generaci\u00f3n y entrega de informaci\u00f3n ambiental; y protege a defensoras y defensores de Derechos Humanos en materia ambiental.<\/p>\n<p style=\"text-align: justify;\">La convocatoria busca ampliar las oportunidades de participaci\u00f3n, promoviendo un mejor acceso a la informaci\u00f3n ambiental, la justicia ambiental, participaci\u00f3n ciudadana en la toma de decisiones ambientales, y acciones orientadas al reconocimiento y protecci\u00f3n de personas defensoras del medio ambiente.<\/p>\n<p style=\"text-align: justify;\">Para este llamado invitamos a las organizaciones a incorporarse en el Registro Nacional de organizaciones o instituciones, para participar en el proceso de elecci\u00f3n de representantes que integrar\u00e1n el Comit\u00e9 Regional por Escaz\u00fa.<\/p>\n<p style=\"text-align: justify;\">Durante el periodo de convocatoria las organizaciones interesadas deber\u00e1n acreditar su participaci\u00f3n y postular candidaturas a trav\u00e9s del sitio web oficial https:\/\/escazu.mma.gob.cl, donde adem\u00e1s podr\u00e1n descargar las reglas para la conformaci\u00f3n y funcionamiento de la Gobernanza de Escaz\u00fa en Chile (Res. Ex 4890\/2025) y realizar consultas a trav\u00e9s del correo electr\u00f3nico escazuchile@mma.gob.cl<\/p>\n<p style=\"text-align: justify;\">Las elecciones se realizar\u00e1n v\u00eda plataforma electr\u00f3nica, los d\u00edas 20 y 21 de octubre, garantizando paridad de g\u00e9nero, representatividad sectorial y un proceso transparente, democr\u00e1tico y con enfoque de derechos.<\/p>\n<\/div><\/section><\/div><div  style='height:50px' class='hr hr-invisible   avia-builder-el-6  el_after_av_one_full  el_before_av_social_share '><span class='hr-inner ' ><span class='hr-inner-style'><\/span><\/span><\/div><\/p>\n<div  class='av-social-sharing-box  avia-builder-el-7  el_after_av_hr  el_before_av_hr  '><div class='av-share-box'><h5 class='av-share-link-description av-no-toc '>Compartir esta noticia<\/h5><ul class='av-share-box-list noLightbox'><li class='av-share-link av-social-link-facebook' ><a target=\"_blank\" aria-label=\"Compartir en Facebook\" href='https:\/\/www.facebook.com\/sharer.php?u=https:\/\/radiorevelacionfm.cl\/?p=59741&#038;t=Se%20extiende%20el%20plazo%20para%20conformar%20Comit%C3%A9%20Estrat%C3%A9gico%20Regional%20para%20la%20Gobernanza%20de%20Escaz%C3%BA' aria-hidden='false' data-av_icon='\ue8f3' data-av_iconfont='entypo-fontello' title='' data-avia-related-tooltip='Compartir en Facebook' rel=\"noopener\"><span class='avia_hidden_link_text'>Compartir en Facebook<\/span><\/a><\/li><li class='av-share-link av-social-link-twitter' ><a target=\"_blank\" aria-label=\"Compartir en Twitter\" href='https:\/\/twitter.com\/share?text=Se%20extiende%20el%20plazo%20para%20conformar%20Comit%C3%A9%20Estrat%C3%A9gico%20Regional%20para%20la%20Gobernanza%20de%20Escaz%C3%BA&#038;url=https:\/\/radiorevelacionfm.cl\/?p=59741' aria-hidden='false' data-av_icon='\ue8f1' data-av_iconfont='entypo-fontello' title='' data-avia-related-tooltip='Compartir en Twitter' rel=\"noopener\"><span class='avia_hidden_link_text'>Compartir en Twitter<\/span><\/a><\/li><li class='av-share-link av-social-link-whatsapp' ><a target=\"_blank\" aria-label=\"Compartir en Whatsapp\" href='https:\/\/api.whatsapp.com\/send?text=https:\/\/radiorevelacionfm.cl\/?p=59741' aria-hidden='false' data-av_icon='\uf232' data-av_iconfont='entypo-fontello' title='' data-avia-related-tooltip='Compartir en Whatsapp' rel=\"noopener\"><span class='avia_hidden_link_text'>Compartir en Whatsapp<\/span><\/a><\/li><li class='av-share-link av-social-link-linkedin' ><a target=\"_blank\" aria-label=\"Compartir en LinkedIn\" href='https:\/\/linkedin.com\/shareArticle?mini=true&#038;title=Se%20extiende%20el%20plazo%20para%20conformar%20Comit%C3%A9%20Estrat%C3%A9gico%20Regional%20para%20la%20Gobernanza%20de%20Escaz%C3%BA&#038;url=https:\/\/radiorevelacionfm.cl\/?p=59741' aria-hidden='false' data-av_icon='\ue8fc' data-av_iconfont='entypo-fontello' title='' data-avia-related-tooltip='Compartir en LinkedIn' rel=\"noopener\"><span class='avia_hidden_link_text'>Compartir en LinkedIn<\/span><\/a><\/li><li class='av-share-link av-social-link-mail' ><a  aria-label=\"Compartir por correo\" href='mailto:?subject=Se%20extiende%20el%20plazo%20para%20conformar%20Comit%C3%A9%20Estrat%C3%A9gico%20Regional%20para%20la%20Gobernanza%20de%20Escaz%C3%BA&#038;body=https:\/\/radiorevelacionfm.cl\/?p=59741' aria-hidden='false' data-av_icon='\ue805' data-av_iconfont='entypo-fontello' title='' data-avia-related-tooltip='Compartir por correo'><span class='avia_hidden_link_text'>Compartir por correo<\/span><\/a><\/li><\/ul><\/div><\/div>\n<div  style='height:50px' class='hr hr-invisible   avia-builder-el-8  el_after_av_social_share  el_before_av_comments_list '><span class='hr-inner ' ><span class='hr-inner-style'><\/span><\/span><\/div>\n<div  class='av-buildercomment  av-blog-meta-html-info-disabled av-blog-meta-tag-disabled  '><\/div>\n","protected":false},"excerpt":{"rendered":"","protected":false},"author":1,"featured_media":59742,"comment_status":"closed","ping_status":"closed","sticky":false,"template":"","format":"standard","meta":{"footnotes":""},"categories":[39],"tags":[],"class_list":["post-59741","post","type-post","status-publish","format-standard","has-post-thumbnail","hentry","category-medio-ambiente"],"jetpack_featured_media_url":"https:\/\/radiorevelacionfm.cl\/wp-content\/uploads\/2025\/09\/ESCZ1-1500x936-1-1-1.jpeg","_links":{"self":[{"href":"https:\/\/radiorevelacionfm.cl\/index.php?rest_route=\/wp\/v2\/posts\/59741","targetHints":{"allow":["GET"]}}],"collection":[{"href":"https:\/\/radiorevelacionfm.cl\/index.php?rest_route=\/wp\/v2\/posts"}],"about":[{"href":"https:\/\/radiorevelacionfm.cl\/index.php?rest_route=\/wp\/v2\/types\/post"}],"author":[{"embeddable":true,"href":"https:\/\/radiorevelacionfm.cl\/index.php?rest_route=\/wp\/v2\/users\/1"}],"replies":[{"embeddable":true,"href":"https:\/\/radiorevelacionfm.cl\/index.php?rest_route=%2Fwp%2Fv2%2Fcomments&post=59741"}],"version-history":[{"count":2,"href":"https:\/\/radiorevelacionfm.cl\/index.php?rest_route=\/wp\/v2\/posts\/59741\/revisions"}],"predecessor-version":[{"id":59744,"href":"https:\/\/radiorevelacionfm.cl\/index.php?rest_route=\/wp\/v2\/posts\/59741\/revisions\/59744"}],"wp:featuredmedia":[{"embeddable":true,"href":"https:\/\/radiorevelacionfm.cl\/index.php?rest_route=\/wp\/v2\/media\/59742"}],"wp:attachment":[{"href":"https:\/\/radiorevelacionfm.cl\/index.php?rest_route=%2Fwp%2Fv2%2Fmedia&parent=59741"}],"wp:term":[{"taxonomy":"category","embeddable":true,"href":"https:\/\/radiorevelacionfm.cl\/index.php?rest_route=%2Fwp%2Fv2%2Fcategories&post=59741"},{"taxonomy":"post_tag","embeddable":true,"href":"https:\/\/radiorevelacionfm.cl\/index.php?rest_route=%2Fwp%2Fv2%2Ftags&post=59741"}],"curies":[{"name":"wp","href":"https:\/\/api.w.org\/{rel}","templated":true}]}}