{"id":5974,"date":"2021-07-21T23:02:35","date_gmt":"2021-07-22T02:02:35","guid":{"rendered":"https:\/\/radiorevelacionfm.cl\/?p=5974"},"modified":"2021-08-15T19:16:15","modified_gmt":"2021-08-15T22:16:15","slug":"__trashed","status":"publish","type":"post","link":"https:\/\/radiorevelacionfm.cl\/?p=5974","title":{"rendered":"Ex Alcalde Ricardo Ibarra lamenta masiva desvinculaciones en Chile Chico"},"content":{"rendered":"<div class=\"flex_column av_one_full  flex_column_div av-zero-column-padding first  avia-builder-el-0  el_before_av_one_full  avia-builder-el-first  \" style='border-radius:0px; '><div  class='avia-image-container  av-styling-    avia-builder-el-1  avia-builder-el-no-sibling  avia-align-center '  itemprop=\"image\" itemscope=\"itemscope\" itemtype=\"https:\/\/schema.org\/ImageObject\"  ><div class='avia-image-container-inner'><div class='avia-image-overlay-wrap'><img decoding=\"async\" class='wp-image-0 avia-img-lazy-loading-not-0 avia_image' src=\"https:\/\/radiorevelacionfm.cl\/wp-content\/uploads\/2021\/07\/RICARDO-IBARRA1-1-1.jpg\" alt='' title=''   itemprop=\"thumbnailUrl\"  \/><\/div><\/div><\/div><\/div><div class=\"flex_column av_one_full  flex_column_div av-zero-column-padding first  avia-builder-el-2  el_after_av_one_full  el_before_av_one_full  column-top-margin\" style='border-radius:0px; '><section class=\"av_textblock_section \"  itemscope=\"itemscope\" itemtype=\"https:\/\/schema.org\/BlogPosting\" itemprop=\"blogPost\" ><div class='avia_textblock  '   itemprop=\"text\" ><p style=\"text-align: center;\"><strong><span style=\"font-size: 18pt;\">Ex Alcalde Ricardo Ibarra lamenta masiva desvinculaciones en Chile Chico<\/span><\/strong><\/p>\n<div id=\"gtx-trans\" style=\"position: absolute; left: -50px; top: 4.31534px;\">\n<div class=\"gtx-trans-icon\"><\/div>\n<\/div>\n<\/div><\/section><\/div><div class=\"flex_column av_one_full  flex_column_div av-zero-column-padding first  avia-builder-el-4  el_after_av_one_full  el_before_av_hr  column-top-margin\" style='border-radius:0px; '><section class=\"av_textblock_section \"  itemscope=\"itemscope\" itemtype=\"https:\/\/schema.org\/BlogPosting\" itemprop=\"blogPost\" ><div class='avia_textblock  '   itemprop=\"text\" ><p class=\"v1gmail-Cuerpo\" style=\"text-align: justify;\"><span lang=\"ES-TRAD\">A trav\u00e9s de una Declaraci\u00f3n P\u00fablica es ex edil se refiri\u00f3 a la situaci\u00f3n que viven funcionarios despedidos.<\/span><\/p>\n<p class=\"v1gmail-Cuerpo\" style=\"text-align: justify;\"><span lang=\"ES-TRAD\">Tuve el honor de ser alcalde de la comuna de Chile Chico por un poco m\u00e1s de 4 a\u00f1os, periodo en el que nos enfrentamos como administraci\u00f3n a un conjunto de dificultades que nos indicaron, a quien habla y al conjunto de profesionales, t\u00e9cnicos y funcionarios que formaron parte de nuestra administraci\u00f3n, que la tarea no ser\u00eda sencilla y que deber\u00edamos poner no solo nuestra capacidad t\u00e9cnica sino nuestro compromiso, coraz\u00f3n y anhelos, al servicio de la tarea de reactivar el empleo tras el cierre de la minera que por mucho tiempo hab\u00eda sido la gran fuente de empleo en nuestra comuna.<\/span><\/p>\n<p class=\"v1gmail-Cuerpo\" style=\"text-align: justify;\"><span lang=\"ES-TRAD\">Por ende, de tiempos dif\u00edciles y complejos aprendimos, sobre todo, que llevar adelante una administraci\u00f3n municipal, debe contar con el compromiso de quienes trabajan en ella.<\/span><\/p>\n<p class=\"v1gmail-Cuerpo\" style=\"text-align: justify;\"><span lang=\"ES-TRAD\">Hoy con profundo dolor veo que han sido desvinculados cientos de trabajadores, y digo particularmente dicha palabra, trabajadores, profesionales, t\u00e9cnicos y de servicios en general, que en su gran mayor\u00eda son profesionales j\u00f3venes, y quiero recalcar en su mayor\u00eda, sin afiliaci\u00f3n pol\u00edtica, hijos de esta tierra, que con el esfuerzo de sus padres estudiaron y volvieron para aportar a su comuna. Esos mismos j\u00f3venes que muchas veces vimos con frustraci\u00f3n, no ten\u00edan cabida en nuestros municipios.<\/span><\/p>\n<p class=\"v1gmail-Cuerpo\" style=\"text-align: justify;\"><span lang=\"ES-TRAD\">Porque primeramente, dejemos en claro que quienes est\u00e1n siendo desvinculados no son los equipos pol\u00edticos o de confianza directa. Junto con el t\u00e9rmino de esta administraci\u00f3n renunciaron 26 funcionarios, de forma de dejar los correspondientes espacios para la organizaci\u00f3n de la nueva alcald\u00eda, porque entendemos que un municipio es un mandato popular y la confianza de los vecinos,\u00a0 para administrar un espacio que es de la comuna, que pertenece a una comunidad, y parte de su valor profundo son las personas que lo componen, su experiencia, su dedicaci\u00f3n y su conocimiento.<\/span><\/p>\n<p class=\"v1gmail-Cuerpo\" style=\"text-align: justify;\"><span lang=\"ES-TRAD\">Quiero ser claro y expl\u00edcito: entregamos una administraci\u00f3n saneada, financieramente sin problemas y con una vasta cartera de proyectos que comenzar\u00e1n su ejecuci\u00f3n con su financiamiento resuelto y recursos provenientes del FNDR y otras fuentes de financiamiento.<\/span><\/p>\n<p class=\"v1gmail-Cuerpo\" style=\"text-align: justify;\"><span lang=\"ES-TRAD\">Quienes se desempe\u00f1aban en la cl\u00ednica municipal, en la secretar\u00eda de planificaci\u00f3n, departamento de obras municipales y las diversas unidades que cada d\u00eda brindaban atenci\u00f3n de calidad a nuestros vecinos, no eran operadores pol\u00edticos, son profesionales y servidores p\u00fablicos hijos de nuestra comuna, y su trabajo se tradujo en proyectos tan valiosos como el Alcantarillado de Bertrand, m\u00e1s de 90 viviendas, incontables atenciones m\u00e9dicas y una cartera de proyectos de empleo por sobre los 700 millones que se encuentran elegibles.<\/span><\/p>\n<p class=\"v1gmail-Cuerpo\" style=\"text-align: justify;\"><span lang=\"ES-TRAD\">Chile Chico no est\u00e1 en crisis, ni desfinanciado, al contrario. Prueba de ello son los informes financieros y contables que constan en el municipio.<\/span><\/p>\n<p class=\"v1gmail-Cuerpo\" style=\"text-align: justify;\"><span lang=\"ES-TRAD\">Se entrega un municipio funcionando, con proyectos y con adem\u00e1s un equipo humano valioso, comprometido y competente. Si se opta por desarmar aquello que ha entregado durante estos 4 a\u00f1os y de esta forma comprometer el desarrollo normal y adecuado, incluso de programas que cuentan con financiamiento externo al municipio, hay que tener la honestidad para no utilizar excusas que no son ciertas.<\/span><\/p>\n<p class=\"v1gmail-Cuerpo\" style=\"text-align: justify;\"><span lang=\"ES-TRAD\">Quiero a trav\u00e9s de este comunicado agradecer a cada uno de ellos los a\u00f1os de servicio, el compromiso, las ganas de contribuir al desarrollo de nuestra comuna, quiero reconocer el esfuerzo, de colegas profesionales, t\u00e9cnicos y funcionarios, que entregaron no solo expertiz sino tambi\u00e9n humanidad. Es Chile Chico quien pierde. Conf\u00edo y espero que cada uno de ellos pueda reencauzar laboralmente sus vidas y puedan, de esta manera, seguir aportando para lo que a todos nos importa y mueve: hacer mejor la vida de nuestros vecinos.<\/span><\/p>\n<\/div><\/section><\/div><div  style='height:50px' class='hr hr-invisible   avia-builder-el-6  el_after_av_one_full  el_before_av_social_share '><span class='hr-inner ' ><span class='hr-inner-style'><\/span><\/span><\/div><\/p>\n<div  class='av-social-sharing-box  avia-builder-el-7  el_after_av_hr  el_before_av_hr  '><div class='av-share-box'><h5 class='av-share-link-description av-no-toc '>Compartir esta noticia<\/h5><ul class='av-share-box-list noLightbox'><li class='av-share-link av-social-link-facebook' ><a target=\"_blank\" aria-label=\"Compartir en Facebook\" href='https:\/\/www.facebook.com\/sharer.php?u=https:\/\/radiorevelacionfm.cl\/?p=5974&#038;t=Ex%20Alcalde%20Ricardo%20Ibarra%20lamenta%20masiva%20desvinculaciones%20en%20Chile%20Chico' aria-hidden='false' data-av_icon='\ue8f3' data-av_iconfont='entypo-fontello' title='' data-avia-related-tooltip='Compartir en Facebook' rel=\"noopener\"><span class='avia_hidden_link_text'>Compartir en Facebook<\/span><\/a><\/li><li class='av-share-link av-social-link-twitter' ><a target=\"_blank\" aria-label=\"Compartir en Twitter\" href='https:\/\/twitter.com\/share?text=Ex%20Alcalde%20Ricardo%20Ibarra%20lamenta%20masiva%20desvinculaciones%20en%20Chile%20Chico&#038;url=https:\/\/radiorevelacionfm.cl\/?p=5974' aria-hidden='false' data-av_icon='\ue8f1' data-av_iconfont='entypo-fontello' title='' data-avia-related-tooltip='Compartir en Twitter' rel=\"noopener\"><span class='avia_hidden_link_text'>Compartir en Twitter<\/span><\/a><\/li><li class='av-share-link av-social-link-whatsapp' ><a target=\"_blank\" aria-label=\"Compartir en Whatsapp\" href='https:\/\/api.whatsapp.com\/send?text=https:\/\/radiorevelacionfm.cl\/?p=5974' aria-hidden='false' data-av_icon='\uf232' data-av_iconfont='entypo-fontello' title='' data-avia-related-tooltip='Compartir en Whatsapp' rel=\"noopener\"><span class='avia_hidden_link_text'>Compartir en Whatsapp<\/span><\/a><\/li><li class='av-share-link av-social-link-linkedin' ><a target=\"_blank\" aria-label=\"Compartir en LinkedIn\" href='https:\/\/linkedin.com\/shareArticle?mini=true&#038;title=Ex%20Alcalde%20Ricardo%20Ibarra%20lamenta%20masiva%20desvinculaciones%20en%20Chile%20Chico&#038;url=https:\/\/radiorevelacionfm.cl\/?p=5974' aria-hidden='false' data-av_icon='\ue8fc' data-av_iconfont='entypo-fontello' title='' data-avia-related-tooltip='Compartir en LinkedIn' rel=\"noopener\"><span class='avia_hidden_link_text'>Compartir en LinkedIn<\/span><\/a><\/li><li class='av-share-link av-social-link-mail' ><a  aria-label=\"Compartir por correo\" href='mailto:?subject=Ex%20Alcalde%20Ricardo%20Ibarra%20lamenta%20masiva%20desvinculaciones%20en%20Chile%20Chico&#038;body=https:\/\/radiorevelacionfm.cl\/?p=5974' aria-hidden='false' data-av_icon='\ue805' data-av_iconfont='entypo-fontello' title='' data-avia-related-tooltip='Compartir por correo'><span class='avia_hidden_link_text'>Compartir por correo<\/span><\/a><\/li><\/ul><\/div><\/div>\n<div  style='height:50px' class='hr hr-invisible   avia-builder-el-8  el_after_av_social_share  el_before_av_comments_list '><span class='hr-inner ' ><span class='hr-inner-style'><\/span><\/span><\/div>\n<div  class='av-buildercomment  av-blog-meta-html-info-disabled av-blog-meta-tag-disabled  '><\/div>\n","protected":false},"excerpt":{"rendered":"","protected":false},"author":1,"featured_media":0,"comment_status":"open","ping_status":"open","sticky":false,"template":"","format":"standard","meta":{"footnotes":""},"categories":[38],"tags":[],"class_list":["post-5974","post","type-post","status-publish","format-standard","hentry","category-regional"],"jetpack_featured_media_url":"","_links":{"self":[{"href":"https:\/\/radiorevelacionfm.cl\/index.php?rest_route=\/wp\/v2\/posts\/5974","targetHints":{"allow":["GET"]}}],"collection":[{"href":"https:\/\/radiorevelacionfm.cl\/index.php?rest_route=\/wp\/v2\/posts"}],"about":[{"href":"https:\/\/radiorevelacionfm.cl\/index.php?rest_route=\/wp\/v2\/types\/post"}],"author":[{"embeddable":true,"href":"https:\/\/radiorevelacionfm.cl\/index.php?rest_route=\/wp\/v2\/users\/1"}],"replies":[{"embeddable":true,"href":"https:\/\/radiorevelacionfm.cl\/index.php?rest_route=%2Fwp%2Fv2%2Fcomments&post=5974"}],"version-history":[{"count":1,"href":"https:\/\/radiorevelacionfm.cl\/index.php?rest_route=\/wp\/v2\/posts\/5974\/revisions"}],"predecessor-version":[{"id":5976,"href":"https:\/\/radiorevelacionfm.cl\/index.php?rest_route=\/wp\/v2\/posts\/5974\/revisions\/5976"}],"wp:attachment":[{"href":"https:\/\/radiorevelacionfm.cl\/index.php?rest_route=%2Fwp%2Fv2%2Fmedia&parent=5974"}],"wp:term":[{"taxonomy":"category","embeddable":true,"href":"https:\/\/radiorevelacionfm.cl\/index.php?rest_route=%2Fwp%2Fv2%2Fcategories&post=5974"},{"taxonomy":"post_tag","embeddable":true,"href":"https:\/\/radiorevelacionfm.cl\/index.php?rest_route=%2Fwp%2Fv2%2Ftags&post=5974"}],"curies":[{"name":"wp","href":"https:\/\/api.w.org\/{rel}","templated":true}]}}