{"id":59736,"date":"2025-09-30T16:40:46","date_gmt":"2025-09-30T19:40:46","guid":{"rendered":"https:\/\/radiorevelacionfm.cl\/?p=59736"},"modified":"2025-09-30T16:40:46","modified_gmt":"2025-09-30T19:40:46","slug":"con-masiva-jornada-de-puertas-abiertas-uaysen-lanza-proceso-de-admision-2026","status":"publish","type":"post","link":"https:\/\/radiorevelacionfm.cl\/?p=59736","title":{"rendered":"Con masiva Jornada de Puertas Abiertas UAys\u00e9n lanza proceso de admisi\u00f3n 2026"},"content":{"rendered":"<div class=\"flex_column av_one_full  flex_column_div av-zero-column-padding first  avia-builder-el-0  el_before_av_one_full  avia-builder-el-first  \" style='border-radius:0px; '><div  class='avia-image-container  av-styling-    avia-builder-el-1  avia-builder-el-no-sibling  avia-align-center '  itemprop=\"image\" itemscope=\"itemscope\" itemtype=\"https:\/\/schema.org\/ImageObject\"  ><div class='avia-image-container-inner'><div class='avia-image-overlay-wrap'><img decoding=\"async\" class='wp-image-59737 avia-img-lazy-loading-not-59737 avia_image' src=\"https:\/\/radiorevelacionfm.cl\/wp-content\/uploads\/2025\/09\/DSC09507-1-1.jpg\" alt='' title='DSC09507 (1) (1)' height=\"600\" width=\"900\"  itemprop=\"thumbnailUrl\" srcset=\"https:\/\/radiorevelacionfm.cl\/wp-content\/uploads\/2025\/09\/DSC09507-1-1.jpg 900w, https:\/\/radiorevelacionfm.cl\/wp-content\/uploads\/2025\/09\/DSC09507-1-1-300x200.jpg 300w, https:\/\/radiorevelacionfm.cl\/wp-content\/uploads\/2025\/09\/DSC09507-1-1-768x512.jpg 768w, https:\/\/radiorevelacionfm.cl\/wp-content\/uploads\/2025\/09\/DSC09507-1-1-705x470.jpg 705w, https:\/\/radiorevelacionfm.cl\/wp-content\/uploads\/2025\/09\/DSC09507-1-1-450x300.jpg 450w, https:\/\/radiorevelacionfm.cl\/wp-content\/uploads\/2025\/09\/DSC09507-1-1-600x400.jpg 600w\" sizes=\"(max-width: 900px) 100vw, 900px\" \/><\/div><\/div><\/div><\/div><div class=\"flex_column av_one_full  flex_column_div av-zero-column-padding first  avia-builder-el-2  el_after_av_one_full  el_before_av_one_full  column-top-margin\" style='border-radius:0px; '><section class=\"av_textblock_section \"  itemscope=\"itemscope\" itemtype=\"https:\/\/schema.org\/BlogPosting\" itemprop=\"blogPost\" ><div class='avia_textblock  '   itemprop=\"text\" ><p style=\"text-align: center;\"><strong><span style=\"font-size: 18pt;\">Con masiva Jornada de Puertas Abiertas UAys\u00e9n lanza proceso de admisi\u00f3n 2026<\/span><\/strong><\/p>\n<div id=\"gtx-trans\" style=\"position: absolute; left: -50px; top: 4.31534px;\">\n<div class=\"gtx-trans-icon\"><\/div>\n<\/div>\n<\/div><\/section><\/div><div class=\"flex_column av_one_full  flex_column_div av-zero-column-padding first  avia-builder-el-4  el_after_av_one_full  el_before_av_hr  column-top-margin\" style='border-radius:0px; '><section class=\"av_textblock_section \"  itemscope=\"itemscope\" itemtype=\"https:\/\/schema.org\/BlogPosting\" itemprop=\"blogPost\" ><div class='avia_textblock  '   itemprop=\"text\" ><p dir=\"ltr\" style=\"text-align: justify;\" role=\"presentation\"><em>Delegaciones de 14 establecimientos participaron en recorridos, y actividades que acercaron la experiencia universitaria a la comunidad escolar.<\/em><\/p>\n<p dir=\"ltr\" style=\"text-align: justify;\">Con gran entusiasmo, la Universidad de Ays\u00e9n abri\u00f3 las puertas de sus campus Lillo 1 y 2 para recibir a cerca de mil estudiantes de ense\u00f1anza media de Coyhaique y Puerto Ays\u00e9n. Durante la jornada, los y las j\u00f3venes recorrieron laboratorios, salas y espacios universitarios, dialogaron con acad\u00e9micos y estudiantes de la instituci\u00f3n, y conocieron en detalle la oferta de 13 carreras de pregrado que se impartir\u00e1n el pr\u00f3ximo a\u00f1o, junto con los sellos institucionales y requisitos de ingreso.<\/p>\n<p dir=\"ltr\" style=\"text-align: justify;\">A su vez, los y las estudiantes pudieron conocer la nueva oferta acad\u00e9mica para el 2026, que comprende las carreras de Derecho, Administraci\u00f3n P\u00fablica e Ingenier\u00eda Civil en Energ\u00edas Renovables.<\/p>\n<p dir=\"ltr\" style=\"text-align: justify;\">El encuentro cont\u00f3 con la participaci\u00f3n de los establecimientos Liceo Josefina Aguirre Montenegro, Liceo Juan Pablo II, Colegio Francisco Xavier Buti\u00f1\u00e1, Colegio Diego Portales, Colegio Mater Dei, Liceo Bicentenario Altos del Mackay, Centro de Estudios Patagonia, CEIA Josefina M\u00e9ndez, Colegio Antoine de Saint Exup\u00e9ry, Colegio Alborada y Liceo Bicentenario Patagonia Agr\u00edcola e Industrial. Desde Puerto Ays\u00e9n, se sumaron delegaciones del Colegio Santa Teresa de los Andes, Colegio Sagrada Familia y Liceo Polit\u00e9cnico A-1.<\/p>\n<p dir=\"ltr\" style=\"text-align: justify;\">David V\u00e1squez, coordinador de Admisi\u00f3n de la UAys\u00e9n, coment\u00f3 sobre la amplia convocatoria de estudiantes.\u00a0\u201cAsistieron m\u00e1s de 900 estudiantes de distintos colegios principalmente de Puerto Ays\u00e9n y de Coyhaique que se han podido informar de las distintas carreras, del equipamiento de la tecnolog\u00eda de punta que tenemos para la formaci\u00f3n y por supuesto las tres nuevas carreras que tendremos en 2026.\u201d\u00a0\u00a0Finalizando con una invitaci\u00f3n a futuras espacios similares, \u201clos esperamos en la oficina de admisi\u00f3n a trav\u00e9s de nuestras distintas v\u00edas de contacto, en nuestra p\u00e1gina web y por todos los medios que quieran informarse acerca de nuestra oferta acad\u00e9mica.\u201d<\/p>\n<p dir=\"ltr\" style=\"text-align: justify;\">Desde la mirada docente, Diego R\u00edos, profesor de la especialidad agropecuaria del\u00a0 Liceo Bicentenario Patagonia Agr\u00edcola e Industrial, destac\u00f3 que sus estudiantes encontraron m\u00faltiples motivaciones\u00a0\u201csobre todo en las carreras relacionadas a lo que ellos podr\u00edan estar haciendo una vez saliendo de cuarto medio, como agronom\u00eda o ingenier\u00eda forestal. Pero tambi\u00e9n me ha sorprendido el inter\u00e9s que muestran por obstetricia y por las carreras m\u00e1s de ingenier\u00eda.\u00a0De la misma manera, sinti\u00f3 que esta oportunidad fue significativa porque\u00a0\u201cle da la oportunidad a los chicos de conocer el campus, tambi\u00e9n interacci\u00f3n con los otros liceos que ahora justamente vienen llegando, as\u00ed que a la espera de poder participar en una segunda instancia este segundo semestre.\u201d<\/p>\n<p dir=\"ltr\" style=\"text-align: justify;\">El entusiasmo tambi\u00e9n se vivi\u00f3 entre los propios estudiantes. Luz Salas, alumna de cuarto medio del Liceo Juan Pablo II, destac\u00f3 que fue\u00a0\u201cdemasiado entretenido, bastante motivador porque fueron demasiado amables explic\u00e1ndonos sus experiencias y eso es algo que me motiva mucho para venir a estudiar aqu\u00ed y quedarme\u201d.\u00a0A su vez, enfatiz\u00f3 que\u00a0\u201cMe parece bastante curioso, novedoso y bastante bien que exista una universidad aqu\u00ed en la regi\u00f3n, porque nos abren m\u00e1s las puertas, m\u00e1s los caminos para todos los j\u00f3venes que vienen hoy en d\u00eda, y eso es algo bastante bueno.\u201d<\/p>\n<p dir=\"ltr\" style=\"text-align: justify;\">Finalmente, cabe se\u00f1alar que el equipo de Admisi\u00f3n de la Universidad de Ays\u00e9n est\u00e1 a disposici\u00f3n de los establecimientos educacionales para participar en charlas y ferias, as\u00ed como tambi\u00e9n de estudiantes, padres, madres, apoderados y tutores, para resolver todas sus dudas respecto del proceso de admisi\u00f3n. Pueden acercarse directamente al Campus Lillo, ubicado en Eusebio Lillo N\u00b0 667, Coyhaique, o contactar a trav\u00e9s del correo electr\u00f3nico\u00a0<a href=\"mailto:admision@uaysen.cl\" target=\"_blank\" rel=\"noopener\">admision@uaysen.cl<\/a>, redes sociales o el WhatsApp +56 9 3933 2051.<\/p>\n<\/div><\/section><\/div><div  style='height:50px' class='hr hr-invisible   avia-builder-el-6  el_after_av_one_full  el_before_av_social_share '><span class='hr-inner ' ><span class='hr-inner-style'><\/span><\/span><\/div><\/p>\n<div  class='av-social-sharing-box  avia-builder-el-7  el_after_av_hr  el_before_av_hr  '><div class='av-share-box'><h5 class='av-share-link-description av-no-toc '>Compartir esta noticia<\/h5><ul class='av-share-box-list noLightbox'><li class='av-share-link av-social-link-facebook' ><a target=\"_blank\" aria-label=\"Compartir en Facebook\" href='https:\/\/www.facebook.com\/sharer.php?u=https:\/\/radiorevelacionfm.cl\/?p=59736&#038;t=Con%20masiva%20Jornada%20de%20Puertas%20Abiertas%20UAys%C3%A9n%20lanza%20proceso%20de%20admisi%C3%B3n%202026' aria-hidden='false' data-av_icon='\ue8f3' data-av_iconfont='entypo-fontello' title='' data-avia-related-tooltip='Compartir en Facebook' rel=\"noopener\"><span class='avia_hidden_link_text'>Compartir en Facebook<\/span><\/a><\/li><li class='av-share-link av-social-link-twitter' ><a target=\"_blank\" aria-label=\"Compartir en Twitter\" href='https:\/\/twitter.com\/share?text=Con%20masiva%20Jornada%20de%20Puertas%20Abiertas%20UAys%C3%A9n%20lanza%20proceso%20de%20admisi%C3%B3n%202026&#038;url=https:\/\/radiorevelacionfm.cl\/?p=59736' aria-hidden='false' data-av_icon='\ue8f1' data-av_iconfont='entypo-fontello' title='' data-avia-related-tooltip='Compartir en Twitter' rel=\"noopener\"><span class='avia_hidden_link_text'>Compartir en Twitter<\/span><\/a><\/li><li class='av-share-link av-social-link-whatsapp' ><a target=\"_blank\" aria-label=\"Compartir en Whatsapp\" href='https:\/\/api.whatsapp.com\/send?text=https:\/\/radiorevelacionfm.cl\/?p=59736' aria-hidden='false' data-av_icon='\uf232' data-av_iconfont='entypo-fontello' title='' data-avia-related-tooltip='Compartir en Whatsapp' rel=\"noopener\"><span class='avia_hidden_link_text'>Compartir en Whatsapp<\/span><\/a><\/li><li class='av-share-link av-social-link-linkedin' ><a target=\"_blank\" aria-label=\"Compartir en LinkedIn\" href='https:\/\/linkedin.com\/shareArticle?mini=true&#038;title=Con%20masiva%20Jornada%20de%20Puertas%20Abiertas%20UAys%C3%A9n%20lanza%20proceso%20de%20admisi%C3%B3n%202026&#038;url=https:\/\/radiorevelacionfm.cl\/?p=59736' aria-hidden='false' data-av_icon='\ue8fc' data-av_iconfont='entypo-fontello' title='' data-avia-related-tooltip='Compartir en LinkedIn' rel=\"noopener\"><span class='avia_hidden_link_text'>Compartir en LinkedIn<\/span><\/a><\/li><li class='av-share-link av-social-link-mail' ><a  aria-label=\"Compartir por correo\" href='mailto:?subject=Con%20masiva%20Jornada%20de%20Puertas%20Abiertas%20UAys%C3%A9n%20lanza%20proceso%20de%20admisi%C3%B3n%202026&#038;body=https:\/\/radiorevelacionfm.cl\/?p=59736' aria-hidden='false' data-av_icon='\ue805' data-av_iconfont='entypo-fontello' title='' data-avia-related-tooltip='Compartir por correo'><span class='avia_hidden_link_text'>Compartir por correo<\/span><\/a><\/li><\/ul><\/div><\/div>\n<div  style='height:50px' class='hr hr-invisible   avia-builder-el-8  el_after_av_social_share  el_before_av_comments_list '><span class='hr-inner ' ><span class='hr-inner-style'><\/span><\/span><\/div>\n<div  class='av-buildercomment  av-blog-meta-html-info-disabled av-blog-meta-tag-disabled  '><\/div>\n","protected":false},"excerpt":{"rendered":"","protected":false},"author":1,"featured_media":59737,"comment_status":"closed","ping_status":"closed","sticky":false,"template":"","format":"standard","meta":{"footnotes":""},"categories":[49],"tags":[],"class_list":["post-59736","post","type-post","status-publish","format-standard","has-post-thumbnail","hentry","category-educacion"],"jetpack_featured_media_url":"https:\/\/radiorevelacionfm.cl\/wp-content\/uploads\/2025\/09\/DSC09507-1-1.jpg","_links":{"self":[{"href":"https:\/\/radiorevelacionfm.cl\/index.php?rest_route=\/wp\/v2\/posts\/59736","targetHints":{"allow":["GET"]}}],"collection":[{"href":"https:\/\/radiorevelacionfm.cl\/index.php?rest_route=\/wp\/v2\/posts"}],"about":[{"href":"https:\/\/radiorevelacionfm.cl\/index.php?rest_route=\/wp\/v2\/types\/post"}],"author":[{"embeddable":true,"href":"https:\/\/radiorevelacionfm.cl\/index.php?rest_route=\/wp\/v2\/users\/1"}],"replies":[{"embeddable":true,"href":"https:\/\/radiorevelacionfm.cl\/index.php?rest_route=%2Fwp%2Fv2%2Fcomments&post=59736"}],"version-history":[{"count":2,"href":"https:\/\/radiorevelacionfm.cl\/index.php?rest_route=\/wp\/v2\/posts\/59736\/revisions"}],"predecessor-version":[{"id":59740,"href":"https:\/\/radiorevelacionfm.cl\/index.php?rest_route=\/wp\/v2\/posts\/59736\/revisions\/59740"}],"wp:featuredmedia":[{"embeddable":true,"href":"https:\/\/radiorevelacionfm.cl\/index.php?rest_route=\/wp\/v2\/media\/59737"}],"wp:attachment":[{"href":"https:\/\/radiorevelacionfm.cl\/index.php?rest_route=%2Fwp%2Fv2%2Fmedia&parent=59736"}],"wp:term":[{"taxonomy":"category","embeddable":true,"href":"https:\/\/radiorevelacionfm.cl\/index.php?rest_route=%2Fwp%2Fv2%2Fcategories&post=59736"},{"taxonomy":"post_tag","embeddable":true,"href":"https:\/\/radiorevelacionfm.cl\/index.php?rest_route=%2Fwp%2Fv2%2Ftags&post=59736"}],"curies":[{"name":"wp","href":"https:\/\/api.w.org\/{rel}","templated":true}]}}