{"id":59732,"date":"2025-09-30T15:47:56","date_gmt":"2025-09-30T18:47:56","guid":{"rendered":"https:\/\/radiorevelacionfm.cl\/?p=59732"},"modified":"2025-09-30T15:47:56","modified_gmt":"2025-09-30T18:47:56","slug":"coyhaique-celebra-el-dia-mundial-del-turismo-2025-con-una-gran-feria-regional","status":"publish","type":"post","link":"https:\/\/radiorevelacionfm.cl\/?p=59732","title":{"rendered":"Coyhaique celebra el D\u00eda Mundial del Turismo 2025 con una gran feria regional"},"content":{"rendered":"<div class=\"flex_column av_one_full  flex_column_div av-zero-column-padding first  avia-builder-el-0  el_before_av_one_full  avia-builder-el-first  \" style='border-radius:0px; '><div  class='avia-image-container  av-styling-    avia-builder-el-1  avia-builder-el-no-sibling  avia-align-center '  itemprop=\"image\" itemscope=\"itemscope\" itemtype=\"https:\/\/schema.org\/ImageObject\"  ><div class='avia-image-container-inner'><div class='avia-image-overlay-wrap'><img decoding=\"async\" class='wp-image-59733 avia-img-lazy-loading-not-59733 avia_image' src=\"https:\/\/radiorevelacionfm.cl\/wp-content\/uploads\/2025\/09\/fotos-feria-turismo-005_optimized-1.jpg\" alt='' title='fotos-feria-turismo-005_optimized (1)' height=\"600\" width=\"880\"  itemprop=\"thumbnailUrl\" srcset=\"https:\/\/radiorevelacionfm.cl\/wp-content\/uploads\/2025\/09\/fotos-feria-turismo-005_optimized-1.jpg 880w, https:\/\/radiorevelacionfm.cl\/wp-content\/uploads\/2025\/09\/fotos-feria-turismo-005_optimized-1-300x205.jpg 300w, https:\/\/radiorevelacionfm.cl\/wp-content\/uploads\/2025\/09\/fotos-feria-turismo-005_optimized-1-768x524.jpg 768w, https:\/\/radiorevelacionfm.cl\/wp-content\/uploads\/2025\/09\/fotos-feria-turismo-005_optimized-1-705x481.jpg 705w, https:\/\/radiorevelacionfm.cl\/wp-content\/uploads\/2025\/09\/fotos-feria-turismo-005_optimized-1-450x307.jpg 450w, https:\/\/radiorevelacionfm.cl\/wp-content\/uploads\/2025\/09\/fotos-feria-turismo-005_optimized-1-600x409.jpg 600w\" sizes=\"(max-width: 880px) 100vw, 880px\" \/><\/div><\/div><\/div><\/div><div class=\"flex_column av_one_full  flex_column_div av-zero-column-padding first  avia-builder-el-2  el_after_av_one_full  el_before_av_one_full  column-top-margin\" style='border-radius:0px; '><section class=\"av_textblock_section \"  itemscope=\"itemscope\" itemtype=\"https:\/\/schema.org\/BlogPosting\" itemprop=\"blogPost\" ><div class='avia_textblock  '   itemprop=\"text\" ><p style=\"text-align: center;\"><span style=\"font-size: 18pt;\"><b>Coyhaique celebra el D\u00eda Mundial del Turismo 2025 con una gran feria regional<\/b>\u00a0<\/span><\/p>\n<div id=\"gtx-trans\" style=\"position: absolute; left: -50px; top: 4.31534px;\">\n<div class=\"gtx-trans-icon\"><\/div>\n<\/div>\n<\/div><\/section><\/div><div class=\"flex_column av_one_full  flex_column_div av-zero-column-padding first  avia-builder-el-4  el_after_av_one_full  el_before_av_hr  column-top-margin\" style='border-radius:0px; '><section class=\"av_textblock_section \"  itemscope=\"itemscope\" itemtype=\"https:\/\/schema.org\/BlogPosting\" itemprop=\"blogPost\" ><div class='avia_textblock  '   itemprop=\"text\" ><p style=\"text-align: justify;\">Con una feria de Turismo del Destino Ays\u00e9n Patagonia, la regi\u00f3n de Ays\u00e9n celebr\u00f3 el pasado s\u00e1bado 27 de septiembre el D\u00eda Mundial del Turismo 2025 bajo el lema \u201cTurismo y Transformaci\u00f3n Sostenible\u201d. La actividad cont\u00f3 con una masiva participaci\u00f3n de la comunidad y de autoridades regionales y comunales, as\u00ed como de operadores y operadoras tur\u00edsticas, quienes dieron a conocer la oferta de destinos disponible para los residentes de la regi\u00f3n.<\/p>\n<p style=\"text-align: justify;\">Durante la jornada de inauguraci\u00f3n, Claudio Montecinos Angulo, director regional de Sernatur Ays\u00e9n, destac\u00f3 la importancia de celebrar esta fecha con una feria que busca acercar las distintas posibilidades que ofrece el destino Ays\u00e9n Patagonia a sus habitantes. \u201cEl inter\u00e9s de Sernatur es que los residentes y los habitantes de Coyhaique puedan visitar esta feria porque tenemos informaci\u00f3n tur\u00edstica, tenemos empresas tur\u00edsticas que ofrecen paquetes tur\u00edsticos, para poder conocer los distintos atractivos de nuestra regi\u00f3n, la invitaci\u00f3n a que vengan a conocer y se atrevan a recorrer nuestro destino Ays\u00e9n Patagonia\u201d, destac\u00f3 el director regional.<\/p>\n<p style=\"text-align: justify;\">La actividad, que se desarroll\u00f3 durante toda la jornada en una carpa habilitada en calle Bilbao, cont\u00f3 con la presencia de diversas autoridades, entre ellas el gobernador regional de Ays\u00e9n, Marcelo Santana, quien destac\u00f3 la importancia que tiene el turismo en Ays\u00e9n. \u201cHoy d\u00eda, junto a decenas de emprendedores, empresas del turismo de la regi\u00f3n de Ays\u00e9n, estar celebrando en una regi\u00f3n que ya decidi\u00f3 hace muchos a\u00f1os que el turismo va a ser su principal motor de desarrollo (&#8230;) estamos contentos de liderar una regi\u00f3n que cree en el turismo y que, sobre todas las cosas, cree en las empresas que est\u00e1n desarrollando esta actividad en Ays\u00e9n y felicidades a todos quienes, desde Guaitecas, La Junta hasta Villa O\u00b4Higgins hacen del turismo no solo una actividad familiar, sino que tambi\u00e9n lo hacen con la convicci\u00f3n de que es una oportunidad real en nuestra regi\u00f3n de Ays\u00e9n\u201d, indic\u00f3 la primera autoridad regional.<\/p>\n<p style=\"text-align: justify;\">Por su parte, el delegado presidencial regional, Jorge D\u00edaz Guzm\u00e1n, destac\u00f3 la importancia del turismo para Ays\u00e9n y el trabajo que se est\u00e1 desarrollando desde el gobierno para fortalecer la infraestructura del destino. \u201cLa actividad tur\u00edstica para nuestro gobierno es fundamental porque no solamente es una actividad econ\u00f3mica, no solamente promueve en este caso el territorio de Ays\u00e9n, sino que adem\u00e1s genera una cadena de servicios que hace que mucha gente participe en la actividad de la industria del turismo y por eso es que estamos trabajando en tener un mejor aeropuerto, en tener un mejor puerto, en tener mejores carreteras, en definitiva, en tener mejor infraestructura habilitante para que quienes nos visitan puedan hacerlo de manera segura y, por supuesto, disfruten los paisajes de la Patagonia\u201d.<\/p>\n<p style=\"text-align: justify;\">La Feria de Turismo Ays\u00e9n Patagonia, organizada por Sernatur Ays\u00e9n gracias al financiamiento del Gobierno Regional de Ays\u00e9n, reuni\u00f3 a operadores y operadoras tur\u00edsticas, adem\u00e1s de artesanos, artesanas y emprendedores locales, quienes pudieron dar a conocer los distintos programas y destinos a los que pueden acceder los habitantes de la regi\u00f3n, as\u00ed como tambi\u00e9n los productos que ponen en valor el destino Ays\u00e9n Patagonia.<\/p>\n<p style=\"text-align: justify;\">Durante toda la jornada, los y las visitantes a la feria recorrieron los 18 stands con experiencias y destinos locales, disfrutaron de m\u00fasica en vivo, cocina en vivo, teatro infantil, concursos y entrevistas en directo. La feria tuvo como objetivo incentivar el turismo interno, invitando a los ayseninos y ayseninas a descubrir su propia regi\u00f3n en la pr\u00f3xima temporada.<\/p>\n<p style=\"text-align: justify;\">M\u00f3nica Eylenstein, asistente a la feria, destac\u00f3 la posibilidad de conocer la oferta tur\u00edstica de la regi\u00f3n. \u201cHab\u00edamos visto en las redes sociales de esta actividad, igual hab\u00edamos visto que lo hac\u00edan en otros lugares y quer\u00edamos saber m\u00e1s de lo que nos ofrecen hoy d\u00eda, es una tremenda oportunidad porque as\u00ed todas las personas que vivimos en la regi\u00f3n muchas veces no sabemos lo que tenemos disponible. As\u00ed que es una muy linda herramienta, una forma de poder mostrar lo que tenemos\u201d.<\/p>\n<p style=\"text-align: justify;\">Por su parte, Marcela R\u00edos de Patagona Excursiones, una de las empresas expositoras en la feria, invit\u00f3 a los habitantes de la regi\u00f3n a conocer los atractivos regionales. \u201cLa gente de la regi\u00f3n siempre va a ser un turista tambi\u00e9n, a todos nos encanta conocer, descubrir lugares nuevos. Tenemos un escenario magn\u00edfico que todo el mundo quiere venir a conocer, as\u00ed que nosotros tenemos que ser los primeros, as\u00ed que los invito a que en conjunto a Patag\u00f3n Excursiones nos sigan y vean los atractivos que tenemos alrededor. Hay muchos operadores, muchas gu\u00edas que est\u00e1n hoy en d\u00eda trabajando y levantando productos tur\u00edsticos, y para eso estamos, para levantarlos a ustedes y darles a conocer nuestros atractivos regionales\u201d, indic\u00f3 la operadora tur\u00edstica.<\/p>\n<p style=\"text-align: justify;\">Reconocimiento al aporte del turismo regional<\/p>\n<p style=\"text-align: justify;\">Uno de los momentos m\u00e1s emotivos de la ceremonia fue la entrega de reconocimientos a siete empresarios y empresarias tur\u00edsticas por su destacada labor para fortalecer y posicionar el destino Ays\u00e9n Patagonia. De esta manera, se hizo entrega de dos reconocimientos nacionales: \u201cM\u00e1s Valor Tur\u00edstico\u201d, que fue recibido por la empresaria tur\u00edstica Claudia Huepe Rebolledo, de Clicoaustral, quien ha posicionado a la Carretera Austral como un destino de cicloturismo. Asimismo, el reconocimiento \u201cMujer Empresaria Tur\u00edstica\u201d, entregado en conjunto con el\u00a0Ministerio de la Mujer y la Equidad de G\u00e9nero\u00a0y\u00a0BancoEstado fue otorgado a Paola Herrera de la empresa Turismo Cirviolet de Puerto S\u00e1nchez, experiencia que rescata tradiciones como el asado al palo y muestra la Isla de los Arrayanes con la visi\u00f3n de convertir a Puerto S\u00e1nchez en un referente de turismo comunitario. Ambas ser\u00e1n las representantes regionales de ambos concursos en instancias nacionales.<\/p>\n<p style=\"text-align: justify;\">Por otra parte, a nivel regional, Sernatur Ays\u00e9n reconoci\u00f3 el trabajo de Ana Mar\u00eda Carrera (C\u00e1mara de Turismo de Coyhaique), Miriam Chible (Corporaci\u00f3n Chelenko) y Ver\u00f3nica Gallardo (C\u00e1mara de Turismo y Comercio de Puyuhuapi), quienes recibieron el reconocimiento \u201cTrayectoria Gremial\u201d. Asimismo, la Cooperativa de Servicios Tur\u00edsticos, Cultura y Patrimonio Ruta Siete Tour de Ma\u00f1ihuales y la Asociaci\u00f3n Tur\u00edstica Parque Nacional Cerro Castillo fueron reconocidas en la categor\u00eda \u201cAsociatividad Tur\u00edstica\u201d.<\/p>\n<p style=\"text-align: justify;\">Otro de los reconocimientos recay\u00f3 en Andrea Zabala, due\u00f1a y fundadora del Gin Tepaluma, en la categor\u00eda \u201cIdentidad del Destino\u201d. Desde Villa O\u00b4Higgins, Marcus Campo, de la empresa Turismo Ruedas de la Patagonia, recibi\u00f3 el reconocimiento en la categor\u00eda \u201cInnovaci\u00f3n Tur\u00edstica\u201d.<\/p>\n<p style=\"text-align: justify;\">Finalmente, el reconocimiento de la categor\u00eda \u201cTrayectoria Empresarial\u201d fue entregado al empresario tur\u00edstico Rodrigo Mansilla, de Ays\u00e9n Patagonia Tour, por su aporte al desarrollo tur\u00edstico de la regi\u00f3n.\u00a0\u00a0En este sentido, Mansilla agradeci\u00f3 el reconocimiento que los impulsa a seguir trabajando para potenciar el turismo en Ays\u00e9n. \u201cMuchas gracias al servicio y a toda la industria local tambi\u00e9n por este reconocimiento. Estamos muy contentos con Raquel porque, bueno, este reconocimiento quiere decir que vamos por un buen camino. El esfuerzo que hemos hecho con la operaci\u00f3n de nuestro trabajo y la operaci\u00f3n de los programas sociales que tanto nos gustan, giras de estudio, adulto mayor, son programas que nos llenan el coraz\u00f3n, as\u00ed que nada, estamos muy contentos del reconocimiento, nos da fuerza para seguir\u201d, indic\u00f3 Rodrigo Mansilla.<\/p>\n<p style=\"text-align: justify;\">La feria incluy\u00f3 presentaciones musicales de artistas regionales como Fernanda Valenzuela y el cierre bailable a cargo de la agrupaci\u00f3n Tumbao Swing, que llen\u00f3 de ritmo caribe\u00f1o la tarde coyhaiquina. Adem\u00e1s, se realizaron activaciones en el aeropuerto de Balmaceda para dar la bienvenida a los visitantes y difundir la celebraci\u00f3n del D\u00eda Mundial del Turismo.<\/p>\n<\/div><\/section><\/div><div  style='height:50px' class='hr hr-invisible   avia-builder-el-6  el_after_av_one_full  el_before_av_social_share '><span class='hr-inner ' ><span class='hr-inner-style'><\/span><\/span><\/div><\/p>\n<div  class='av-social-sharing-box  avia-builder-el-7  el_after_av_hr  el_before_av_hr  '><div class='av-share-box'><h5 class='av-share-link-description av-no-toc '>Compartir esta noticia<\/h5><ul class='av-share-box-list noLightbox'><li class='av-share-link av-social-link-facebook' ><a target=\"_blank\" aria-label=\"Compartir en Facebook\" href='https:\/\/www.facebook.com\/sharer.php?u=https:\/\/radiorevelacionfm.cl\/?p=59732&#038;t=Coyhaique%20celebra%20el%20D%C3%ADa%20Mundial%20del%20Turismo%202025%20con%20una%20gran%20feria%20regional' aria-hidden='false' data-av_icon='\ue8f3' data-av_iconfont='entypo-fontello' title='' data-avia-related-tooltip='Compartir en Facebook' rel=\"noopener\"><span class='avia_hidden_link_text'>Compartir en Facebook<\/span><\/a><\/li><li class='av-share-link av-social-link-twitter' ><a target=\"_blank\" aria-label=\"Compartir en Twitter\" href='https:\/\/twitter.com\/share?text=Coyhaique%20celebra%20el%20D%C3%ADa%20Mundial%20del%20Turismo%202025%20con%20una%20gran%20feria%20regional&#038;url=https:\/\/radiorevelacionfm.cl\/?p=59732' aria-hidden='false' data-av_icon='\ue8f1' data-av_iconfont='entypo-fontello' title='' data-avia-related-tooltip='Compartir en Twitter' rel=\"noopener\"><span class='avia_hidden_link_text'>Compartir en Twitter<\/span><\/a><\/li><li class='av-share-link av-social-link-whatsapp' ><a target=\"_blank\" aria-label=\"Compartir en Whatsapp\" href='https:\/\/api.whatsapp.com\/send?text=https:\/\/radiorevelacionfm.cl\/?p=59732' aria-hidden='false' data-av_icon='\uf232' data-av_iconfont='entypo-fontello' title='' data-avia-related-tooltip='Compartir en Whatsapp' rel=\"noopener\"><span class='avia_hidden_link_text'>Compartir en Whatsapp<\/span><\/a><\/li><li class='av-share-link av-social-link-linkedin' ><a target=\"_blank\" aria-label=\"Compartir en LinkedIn\" href='https:\/\/linkedin.com\/shareArticle?mini=true&#038;title=Coyhaique%20celebra%20el%20D%C3%ADa%20Mundial%20del%20Turismo%202025%20con%20una%20gran%20feria%20regional&#038;url=https:\/\/radiorevelacionfm.cl\/?p=59732' aria-hidden='false' data-av_icon='\ue8fc' data-av_iconfont='entypo-fontello' title='' data-avia-related-tooltip='Compartir en LinkedIn' rel=\"noopener\"><span class='avia_hidden_link_text'>Compartir en LinkedIn<\/span><\/a><\/li><li class='av-share-link av-social-link-mail' ><a  aria-label=\"Compartir por correo\" href='mailto:?subject=Coyhaique%20celebra%20el%20D%C3%ADa%20Mundial%20del%20Turismo%202025%20con%20una%20gran%20feria%20regional&#038;body=https:\/\/radiorevelacionfm.cl\/?p=59732' aria-hidden='false' data-av_icon='\ue805' data-av_iconfont='entypo-fontello' title='' data-avia-related-tooltip='Compartir por correo'><span class='avia_hidden_link_text'>Compartir por correo<\/span><\/a><\/li><\/ul><\/div><\/div>\n<div  style='height:50px' class='hr hr-invisible   avia-builder-el-8  el_after_av_social_share  el_before_av_comments_list '><span class='hr-inner ' ><span class='hr-inner-style'><\/span><\/span><\/div>\n<div  class='av-buildercomment  av-blog-meta-html-info-disabled av-blog-meta-tag-disabled  '><\/div>\n","protected":false},"excerpt":{"rendered":"","protected":false},"author":1,"featured_media":59733,"comment_status":"closed","ping_status":"closed","sticky":false,"template":"","format":"standard","meta":{"footnotes":""},"categories":[54],"tags":[],"class_list":["post-59732","post","type-post","status-publish","format-standard","has-post-thumbnail","hentry","category-turismo"],"jetpack_featured_media_url":"https:\/\/radiorevelacionfm.cl\/wp-content\/uploads\/2025\/09\/fotos-feria-turismo-005_optimized-1.jpg","_links":{"self":[{"href":"https:\/\/radiorevelacionfm.cl\/index.php?rest_route=\/wp\/v2\/posts\/59732","targetHints":{"allow":["GET"]}}],"collection":[{"href":"https:\/\/radiorevelacionfm.cl\/index.php?rest_route=\/wp\/v2\/posts"}],"about":[{"href":"https:\/\/radiorevelacionfm.cl\/index.php?rest_route=\/wp\/v2\/types\/post"}],"author":[{"embeddable":true,"href":"https:\/\/radiorevelacionfm.cl\/index.php?rest_route=\/wp\/v2\/users\/1"}],"replies":[{"embeddable":true,"href":"https:\/\/radiorevelacionfm.cl\/index.php?rest_route=%2Fwp%2Fv2%2Fcomments&post=59732"}],"version-history":[{"count":2,"href":"https:\/\/radiorevelacionfm.cl\/index.php?rest_route=\/wp\/v2\/posts\/59732\/revisions"}],"predecessor-version":[{"id":59739,"href":"https:\/\/radiorevelacionfm.cl\/index.php?rest_route=\/wp\/v2\/posts\/59732\/revisions\/59739"}],"wp:featuredmedia":[{"embeddable":true,"href":"https:\/\/radiorevelacionfm.cl\/index.php?rest_route=\/wp\/v2\/media\/59733"}],"wp:attachment":[{"href":"https:\/\/radiorevelacionfm.cl\/index.php?rest_route=%2Fwp%2Fv2%2Fmedia&parent=59732"}],"wp:term":[{"taxonomy":"category","embeddable":true,"href":"https:\/\/radiorevelacionfm.cl\/index.php?rest_route=%2Fwp%2Fv2%2Fcategories&post=59732"},{"taxonomy":"post_tag","embeddable":true,"href":"https:\/\/radiorevelacionfm.cl\/index.php?rest_route=%2Fwp%2Fv2%2Ftags&post=59732"}],"curies":[{"name":"wp","href":"https:\/\/api.w.org\/{rel}","templated":true}]}}