{"id":59729,"date":"2025-09-30T15:14:02","date_gmt":"2025-09-30T18:14:02","guid":{"rendered":"https:\/\/radiorevelacionfm.cl\/?p=59729"},"modified":"2025-09-30T15:14:02","modified_gmt":"2025-09-30T18:14:02","slug":"caj-realizo-atenciones-en-lago-verde-para-conmemorar-el-dia-nacional-de-acceso-a-la-justicia","status":"publish","type":"post","link":"https:\/\/radiorevelacionfm.cl\/?p=59729","title":{"rendered":"CAJ realiz\u00f3 atenciones en Lago Verde para conmemorar el D\u00eda Nacional de Acceso a la Justicia"},"content":{"rendered":"<div class=\"flex_column av_one_full  flex_column_div av-zero-column-padding first  avia-builder-el-0  el_before_av_one_full  avia-builder-el-first  \" style='border-radius:0px; '><div  class='avia-image-container  av-styling-    avia-builder-el-1  avia-builder-el-no-sibling  avia-align-center '  itemprop=\"image\" itemscope=\"itemscope\" itemtype=\"https:\/\/schema.org\/ImageObject\"  ><div class='avia-image-container-inner'><div class='avia-image-overlay-wrap'><img decoding=\"async\" class='wp-image-59730 avia-img-lazy-loading-not-59730 avia_image' src=\"https:\/\/radiorevelacionfm.cl\/wp-content\/uploads\/2025\/09\/acceso-a-la-justicia-3-1-1.jpg\" alt='' title='acceso a la justicia 3 (1) (1)' height=\"600\" width=\"800\"  itemprop=\"thumbnailUrl\" srcset=\"https:\/\/radiorevelacionfm.cl\/wp-content\/uploads\/2025\/09\/acceso-a-la-justicia-3-1-1.jpg 800w, https:\/\/radiorevelacionfm.cl\/wp-content\/uploads\/2025\/09\/acceso-a-la-justicia-3-1-1-300x225.jpg 300w, https:\/\/radiorevelacionfm.cl\/wp-content\/uploads\/2025\/09\/acceso-a-la-justicia-3-1-1-768x576.jpg 768w, https:\/\/radiorevelacionfm.cl\/wp-content\/uploads\/2025\/09\/acceso-a-la-justicia-3-1-1-705x529.jpg 705w, https:\/\/radiorevelacionfm.cl\/wp-content\/uploads\/2025\/09\/acceso-a-la-justicia-3-1-1-450x338.jpg 450w, https:\/\/radiorevelacionfm.cl\/wp-content\/uploads\/2025\/09\/acceso-a-la-justicia-3-1-1-600x450.jpg 600w\" sizes=\"(max-width: 800px) 100vw, 800px\" \/><\/div><\/div><\/div><\/div><div class=\"flex_column av_one_full  flex_column_div av-zero-column-padding first  avia-builder-el-2  el_after_av_one_full  el_before_av_one_full  column-top-margin\" style='border-radius:0px; '><section class=\"av_textblock_section \"  itemscope=\"itemscope\" itemtype=\"https:\/\/schema.org\/BlogPosting\" itemprop=\"blogPost\" ><div class='avia_textblock  '   itemprop=\"text\" ><p style=\"text-align: center;\"><strong><span style=\"font-size: 18pt;\">CAJ realiz\u00f3 atenciones en Lago Verde para conmemorar el D\u00eda Nacional de Acceso a la Justicia<\/span><\/strong><\/p>\n<div id=\"gtx-trans\" style=\"position: absolute; left: -50px; top: 4.31534px;\">\n<div class=\"gtx-trans-icon\"><\/div>\n<\/div>\n<\/div><\/section><\/div><div class=\"flex_column av_one_full  flex_column_div av-zero-column-padding first  avia-builder-el-4  el_after_av_one_full  el_before_av_hr  column-top-margin\" style='border-radius:0px; '><section class=\"av_textblock_section \"  itemscope=\"itemscope\" itemtype=\"https:\/\/schema.org\/BlogPosting\" itemprop=\"blogPost\" ><div class='avia_textblock  '   itemprop=\"text\" ><p style=\"text-align: justify;\"><em>Esta iniciativa tiene como objetivo visibilizar el trabajo y compromiso de acercar la justicia a las personas m\u00e1s vulnerables.<\/em><\/p>\n<p style=\"text-align: justify;\">Con el prop\u00f3sito de acercar los servicios a las comunas m\u00e1s apartadas de los centros urbanos, la Corporaci\u00f3n de Asistencia Judicial concret\u00f3 un masivo despliegue de sus l\u00edneas y programas especializados en Lago Verde, esto en el marco de la conmemoraci\u00f3n del D\u00eda Nacional de Acceso a la Justicia.<\/p>\n<p style=\"text-align: justify;\">El operativo, que se replic\u00f3 en todas las regiones del pa\u00eds, fue encabezado por la directora regional Mar\u00eda Francisca Vilches G\u00e1lvez, qui\u00e9n fue acompa\u00f1ada por profesionales del Consultorio jur\u00eddico de Puerto Cisnes, la oficina de Defensa Laboral de la regi\u00f3n de Ays\u00e9n, la dupla de la oficina de Defensa Integral del Adulto Mayor, la l\u00ednea La ni\u00f1ez y la Adolescencia se defienden y el Programa Mi abogado, quienes entregaron atenci\u00f3n jur\u00eddica y social a los habitantes de esta comuna.<\/p>\n<p style=\"text-align: justify;\">La Directora regional de la Corporaci\u00f3n de Asistencia Judicial Mar\u00eda Francisca Vilches se refiri\u00f3 al despliegue realizado explicando que \u201cnos trasladamos hasta la comuna de Lago Verde con la finalidad de celebrar el D\u00eda Nacional de Acceso a la Justicia, en esta oportunidad como ya es tradici\u00f3n participamos con todas nuestras l\u00edneas de atenci\u00f3n realizando atenciones socio- jur\u00eddicas a las y los vecinos que se acercaron a realizar consultas o que quisieron resolver dudas en distintas tem\u00e1ticas judiciales, tambi\u00e9n realizamos otras actividades con la comunidad, espec\u00edficamente charlas sobre la ley Karin, realizamos reuniones de coordinaci\u00f3n entre los profesionales que atienden a adultos mayores y los funcionarios municipales y tambi\u00e9n realizamos una actividad l\u00fadica en la escuela con la finalidad de informar a los estudiantes sobre\u00a0 los derechos de los ni\u00f1os, ni\u00f1as y adolescentes, la idea de esta instancia es participar en comunas donde no tenemos oficinas f\u00edsicas con todas nuestras l\u00edneas de atenci\u00f3n reforzando la presencia que como organismo tenemos en la regi\u00f3n de Ays\u00e9n entregando asesor\u00eda gratuita y especializada para toda la comunidad\u201d.<\/p>\n<p style=\"text-align: justify;\">Sobre esta iniciativa, el Seremi Samuel Navarro explic\u00f3 que \u201cotra jornada del D\u00eda de Acceso a la Justicia en la regi\u00f3n de Ays\u00e9n se lleva a cabo por parte de la Corporaci\u00f3n de Asistencia Judicial, sus distintos profesionales y l\u00edneas de trabajo en esta ocasi\u00f3n en la comuna de Lago Verde, cumpliendo con este cometido de desarrollar el acercamiento de los distintos servicios, l\u00edneas, programas y profesionales de la Corporaci\u00f3n a localidades que no cuentan con oferta permanente de asesor\u00eda y servicios jur\u00eddicos\u201d.<\/p>\n<p style=\"text-align: justify;\">Mientras que la Administradora Municipal y alcaldesa (s) de Lago Verde Andrea Morales se\u00f1al\u00f3 que \u201ctanto para nuestra alcaldesa Claudia Vald\u00e9s como para mi y para toda la comunidad de Lago Verde, es muy importante que la Corporaci\u00f3n de Asistencia Judicial est\u00e9 hoy ac\u00e1 con nosotros entregando el acceso directo a la Justicia, somos un comuna bastante aislada y a veces es dif\u00edcil esta conexi\u00f3n directa con la informaci\u00f3n, estuvimos en la sede del adulto mayor abordando temas muy interesantes como la Ley Papito Coraz\u00f3n, la protecci\u00f3n al adulto mayor y a la vez la protecci\u00f3n a los ni\u00f1os, ni\u00f1as y adolescentes de nuestra comuna, muy contentos y agradecidos que traigan toda esta informaci\u00f3n importante a la comuna\u201d.<\/p>\n<p style=\"text-align: justify;\">Finalmente, cabe se\u00f1alar que, durante el a\u00f1o 2024 las cuatro Corporaciones de Asistencia Judicial del pa\u00eds registraron m\u00e1s de 782 mil atenciones en orientaci\u00f3n e informaci\u00f3n en derechos en todo el territorio nacional y defendieron en tribunales m\u00e1s de 247 mil causas en diferentes materias. Actualmente, las CAJ tienen presencia en el 95% de las comunas de todo el pa\u00eds, donde ejecutan las acciones a trav\u00e9s de un servicio p\u00fablico, gratuito y especializado.<\/p>\n<\/div><\/section><\/div><div  style='height:50px' class='hr hr-invisible   avia-builder-el-6  el_after_av_one_full  el_before_av_social_share '><span class='hr-inner ' ><span class='hr-inner-style'><\/span><\/span><\/div><\/p>\n<div  class='av-social-sharing-box  avia-builder-el-7  el_after_av_hr  el_before_av_hr  '><div class='av-share-box'><h5 class='av-share-link-description av-no-toc '>Compartir esta noticia<\/h5><ul class='av-share-box-list noLightbox'><li class='av-share-link av-social-link-facebook' ><a target=\"_blank\" aria-label=\"Compartir en Facebook\" href='https:\/\/www.facebook.com\/sharer.php?u=https:\/\/radiorevelacionfm.cl\/?p=59729&#038;t=CAJ%20realiz%C3%B3%20atenciones%20en%20Lago%20Verde%20para%20conmemorar%20el%20D%C3%ADa%20Nacional%20de%20Acceso%20a%20la%20Justicia' aria-hidden='false' data-av_icon='\ue8f3' data-av_iconfont='entypo-fontello' title='' data-avia-related-tooltip='Compartir en Facebook' rel=\"noopener\"><span class='avia_hidden_link_text'>Compartir en Facebook<\/span><\/a><\/li><li class='av-share-link av-social-link-twitter' ><a target=\"_blank\" aria-label=\"Compartir en Twitter\" href='https:\/\/twitter.com\/share?text=CAJ%20realiz%C3%B3%20atenciones%20en%20Lago%20Verde%20para%20conmemorar%20el%20D%C3%ADa%20Nacional%20de%20Acceso%20a%20la%20Justicia&#038;url=https:\/\/radiorevelacionfm.cl\/?p=59729' aria-hidden='false' data-av_icon='\ue8f1' data-av_iconfont='entypo-fontello' title='' data-avia-related-tooltip='Compartir en Twitter' rel=\"noopener\"><span class='avia_hidden_link_text'>Compartir en Twitter<\/span><\/a><\/li><li class='av-share-link av-social-link-whatsapp' ><a target=\"_blank\" aria-label=\"Compartir en Whatsapp\" href='https:\/\/api.whatsapp.com\/send?text=https:\/\/radiorevelacionfm.cl\/?p=59729' aria-hidden='false' data-av_icon='\uf232' data-av_iconfont='entypo-fontello' title='' data-avia-related-tooltip='Compartir en Whatsapp' rel=\"noopener\"><span class='avia_hidden_link_text'>Compartir en Whatsapp<\/span><\/a><\/li><li class='av-share-link av-social-link-linkedin' ><a target=\"_blank\" aria-label=\"Compartir en LinkedIn\" href='https:\/\/linkedin.com\/shareArticle?mini=true&#038;title=CAJ%20realiz%C3%B3%20atenciones%20en%20Lago%20Verde%20para%20conmemorar%20el%20D%C3%ADa%20Nacional%20de%20Acceso%20a%20la%20Justicia&#038;url=https:\/\/radiorevelacionfm.cl\/?p=59729' aria-hidden='false' data-av_icon='\ue8fc' data-av_iconfont='entypo-fontello' title='' data-avia-related-tooltip='Compartir en LinkedIn' rel=\"noopener\"><span class='avia_hidden_link_text'>Compartir en LinkedIn<\/span><\/a><\/li><li class='av-share-link av-social-link-mail' ><a  aria-label=\"Compartir por correo\" href='mailto:?subject=CAJ%20realiz%C3%B3%20atenciones%20en%20Lago%20Verde%20para%20conmemorar%20el%20D%C3%ADa%20Nacional%20de%20Acceso%20a%20la%20Justicia&#038;body=https:\/\/radiorevelacionfm.cl\/?p=59729' aria-hidden='false' data-av_icon='\ue805' data-av_iconfont='entypo-fontello' title='' data-avia-related-tooltip='Compartir por correo'><span class='avia_hidden_link_text'>Compartir por correo<\/span><\/a><\/li><\/ul><\/div><\/div>\n<div  style='height:50px' class='hr hr-invisible   avia-builder-el-8  el_after_av_social_share  el_before_av_comments_list '><span class='hr-inner ' ><span class='hr-inner-style'><\/span><\/span><\/div>\n<div  class='av-buildercomment  av-blog-meta-html-info-disabled av-blog-meta-tag-disabled  '><\/div>\n","protected":false},"excerpt":{"rendered":"","protected":false},"author":1,"featured_media":59730,"comment_status":"closed","ping_status":"closed","sticky":false,"template":"","format":"standard","meta":{"footnotes":""},"categories":[55],"tags":[],"class_list":["post-59729","post","type-post","status-publish","format-standard","has-post-thumbnail","hentry","category-justicia"],"jetpack_featured_media_url":"https:\/\/radiorevelacionfm.cl\/wp-content\/uploads\/2025\/09\/acceso-a-la-justicia-3-1-1.jpg","_links":{"self":[{"href":"https:\/\/radiorevelacionfm.cl\/index.php?rest_route=\/wp\/v2\/posts\/59729","targetHints":{"allow":["GET"]}}],"collection":[{"href":"https:\/\/radiorevelacionfm.cl\/index.php?rest_route=\/wp\/v2\/posts"}],"about":[{"href":"https:\/\/radiorevelacionfm.cl\/index.php?rest_route=\/wp\/v2\/types\/post"}],"author":[{"embeddable":true,"href":"https:\/\/radiorevelacionfm.cl\/index.php?rest_route=\/wp\/v2\/users\/1"}],"replies":[{"embeddable":true,"href":"https:\/\/radiorevelacionfm.cl\/index.php?rest_route=%2Fwp%2Fv2%2Fcomments&post=59729"}],"version-history":[{"count":2,"href":"https:\/\/radiorevelacionfm.cl\/index.php?rest_route=\/wp\/v2\/posts\/59729\/revisions"}],"predecessor-version":[{"id":59735,"href":"https:\/\/radiorevelacionfm.cl\/index.php?rest_route=\/wp\/v2\/posts\/59729\/revisions\/59735"}],"wp:featuredmedia":[{"embeddable":true,"href":"https:\/\/radiorevelacionfm.cl\/index.php?rest_route=\/wp\/v2\/media\/59730"}],"wp:attachment":[{"href":"https:\/\/radiorevelacionfm.cl\/index.php?rest_route=%2Fwp%2Fv2%2Fmedia&parent=59729"}],"wp:term":[{"taxonomy":"category","embeddable":true,"href":"https:\/\/radiorevelacionfm.cl\/index.php?rest_route=%2Fwp%2Fv2%2Fcategories&post=59729"},{"taxonomy":"post_tag","embeddable":true,"href":"https:\/\/radiorevelacionfm.cl\/index.php?rest_route=%2Fwp%2Fv2%2Ftags&post=59729"}],"curies":[{"name":"wp","href":"https:\/\/api.w.org\/{rel}","templated":true}]}}