{"id":59723,"date":"2025-09-30T12:19:37","date_gmt":"2025-09-30T15:19:37","guid":{"rendered":"https:\/\/radiorevelacionfm.cl\/?p=59723"},"modified":"2025-09-30T12:19:37","modified_gmt":"2025-09-30T15:19:37","slug":"pdi-y-fiscalia-investigan-delito-sexual-que-afecto-a-una-nina-en-villa-manihuales","status":"publish","type":"post","link":"https:\/\/radiorevelacionfm.cl\/?p=59723","title":{"rendered":"PDI y Fiscal\u00eda investigan delito sexual que afect\u00f3 a una ni\u00f1a en Villa Ma\u00f1ihuales"},"content":{"rendered":"<div class=\"flex_column av_one_full  flex_column_div av-zero-column-padding first  avia-builder-el-0  el_before_av_one_full  avia-builder-el-first  \" style='border-radius:0px; '><div  class='avia-image-container  av-styling-    avia-builder-el-1  avia-builder-el-no-sibling  avia-align-center '  itemprop=\"image\" itemscope=\"itemscope\" itemtype=\"https:\/\/schema.org\/ImageObject\"  ><div class='avia-image-container-inner'><div class='avia-image-overlay-wrap'><img decoding=\"async\" class='wp-image-44778 avia-img-lazy-loading-not-44778 avia_image' src=\"https:\/\/radiorevelacionfm.cl\/wp-content\/uploads\/2024\/08\/Detenido-generica-1-1.jpg\" alt='' title='Detenido-generica (1) (1)' height=\"600\" width=\"922\"  itemprop=\"thumbnailUrl\" srcset=\"https:\/\/radiorevelacionfm.cl\/wp-content\/uploads\/2024\/08\/Detenido-generica-1-1.jpg 922w, https:\/\/radiorevelacionfm.cl\/wp-content\/uploads\/2024\/08\/Detenido-generica-1-1-300x195.jpg 300w, https:\/\/radiorevelacionfm.cl\/wp-content\/uploads\/2024\/08\/Detenido-generica-1-1-768x500.jpg 768w, https:\/\/radiorevelacionfm.cl\/wp-content\/uploads\/2024\/08\/Detenido-generica-1-1-705x459.jpg 705w, https:\/\/radiorevelacionfm.cl\/wp-content\/uploads\/2024\/08\/Detenido-generica-1-1-450x293.jpg 450w, https:\/\/radiorevelacionfm.cl\/wp-content\/uploads\/2024\/08\/Detenido-generica-1-1-600x390.jpg 600w\" sizes=\"(max-width: 922px) 100vw, 922px\" \/><\/div><\/div><\/div><\/div><div class=\"flex_column av_one_full  flex_column_div av-zero-column-padding first  avia-builder-el-2  el_after_av_one_full  el_before_av_one_full  column-top-margin\" style='border-radius:0px; '><section class=\"av_textblock_section \"  itemscope=\"itemscope\" itemtype=\"https:\/\/schema.org\/BlogPosting\" itemprop=\"blogPost\" ><div class='avia_textblock  '   itemprop=\"text\" ><p style=\"text-align: center;\"><span style=\"font-size: 18pt;\"><b>PDI y Fiscal\u00eda investigan delito sexual que afect\u00f3 a una ni\u00f1a en Villa Ma\u00f1ihuales<\/b><\/span><\/p>\n<div id=\"gtx-trans\" style=\"position: absolute; left: -50px; top: 4.31534px;\">\n<div class=\"gtx-trans-icon\"><\/div>\n<\/div>\n<\/div><\/section><\/div><div class=\"flex_column av_one_full  flex_column_div av-zero-column-padding first  avia-builder-el-4  el_after_av_one_full  el_before_av_hr  column-top-margin\" style='border-radius:0px; '><section class=\"av_textblock_section \"  itemscope=\"itemscope\" itemtype=\"https:\/\/schema.org\/BlogPosting\" itemprop=\"blogPost\" ><div class='avia_textblock  '   itemprop=\"text\" ><p style=\"font-weight: 400; text-align: justify;\">La Fiscal\u00eda Local de Ays\u00e9n-Cisnes y la Brigada Investigadora de Delitos Sexuales Coyhaique de la PDI, efect\u00faan diversas acciones de coordinaci\u00f3n en el marco de una denuncia por un delito sexual que afect\u00f3 a una ni\u00f1a, hecho ocurrido recientemente en Villa Ma\u00f1ihuales.<\/p>\n<p style=\"font-weight: 400; text-align: justify;\">Seg\u00fan explic\u00f3 el Fiscal Jefe de Ays\u00e9n-Cisnes, Pedro Poblete, las diligencias investigativas de este caso est\u00e1n siendo desarrolladas por detectives de la Brigada Investigadora de Delitos Sexuales Coyhaique, quienes adem\u00e1s materializaron la detenci\u00f3n del imputado.<\/p>\n<p style=\"font-weight: 400; text-align: justify;\">\u201cLa Fiscal\u00eda local de Ays\u00e9n-Cisnes se encuentra investigando un delito de violaci\u00f3n. Estos hechos habr\u00edan ocurrido el d\u00eda viernes 26 reci\u00e9n pasado, aproximadamente a las 22:00 horas, entre 22 y 23 horas, en un domicilio ubicado en la localidad de Villa Ma\u00f1ihuales, comuna de Ays\u00e9n y habr\u00edan afectado a una ni\u00f1a, quien habr\u00eda sido agredida por parte de su padre, un hombre de 45 a\u00f1os\u201d, explic\u00f3 el fiscal Poblete.<\/p>\n<p style=\"font-weight: 400; text-align: justify;\">Conforme a estos antecedentes, agreg\u00f3 el persecutor penal, el imputado fue puesto a disposici\u00f3n del Tribunal de Garant\u00eda de la ciudad de Ays\u00e9n este lunes, \u201csiendo formalizado por el delito de violaci\u00f3n infantil y solicit\u00e1ndose a su respecto la medida cautelar de prisi\u00f3n preventiva, por estimarse que su libertad constituye un peligro para la seguridad de la v\u00edctima y de la sociedad, accediendo a ello el Tribunal. Las diligencias investigativas se encuentran encomendadas al personal de la Brisex de la Polic\u00eda de Investigaciones de Coyhaique\u201d, destac\u00f3 el fiscal Pedro Poblete.<\/p>\n<p style=\"font-weight: 400; text-align: justify;\">En este caso, tambi\u00e9n la Unidad de Atenci\u00f3n a V\u00edctimas y Testigos de la Fiscal\u00eda, URAVIT, est\u00e1 efectuando labores de orientaci\u00f3n, protecci\u00f3n y apoyo.<\/p>\n<p style=\"font-weight: 400; text-align: justify;\">El plazo de t\u00e9rmino para la investigaci\u00f3n fue fijado en 60 d\u00edas por el Juzgado de Garant\u00eda de Puerto Ays\u00e9n.<\/p>\n<\/div><\/section><\/div><div  style='height:50px' class='hr hr-invisible   avia-builder-el-6  el_after_av_one_full  el_before_av_social_share '><span class='hr-inner ' ><span class='hr-inner-style'><\/span><\/span><\/div><\/p>\n<div  class='av-social-sharing-box  avia-builder-el-7  el_after_av_hr  el_before_av_hr  '><div class='av-share-box'><h5 class='av-share-link-description av-no-toc '>Compartir esta noticia<\/h5><ul class='av-share-box-list noLightbox'><li class='av-share-link av-social-link-facebook' ><a target=\"_blank\" aria-label=\"Compartir en Facebook\" href='https:\/\/www.facebook.com\/sharer.php?u=https:\/\/radiorevelacionfm.cl\/?p=59723&#038;t=PDI%20y%20Fiscal%C3%ADa%20investigan%20delito%20sexual%20que%20afect%C3%B3%20a%20una%20ni%C3%B1a%20en%20Villa%20Ma%C3%B1ihuales' aria-hidden='false' data-av_icon='\ue8f3' data-av_iconfont='entypo-fontello' title='' data-avia-related-tooltip='Compartir en Facebook' rel=\"noopener\"><span class='avia_hidden_link_text'>Compartir en Facebook<\/span><\/a><\/li><li class='av-share-link av-social-link-twitter' ><a target=\"_blank\" aria-label=\"Compartir en Twitter\" href='https:\/\/twitter.com\/share?text=PDI%20y%20Fiscal%C3%ADa%20investigan%20delito%20sexual%20que%20afect%C3%B3%20a%20una%20ni%C3%B1a%20en%20Villa%20Ma%C3%B1ihuales&#038;url=https:\/\/radiorevelacionfm.cl\/?p=59723' aria-hidden='false' data-av_icon='\ue8f1' data-av_iconfont='entypo-fontello' title='' data-avia-related-tooltip='Compartir en Twitter' rel=\"noopener\"><span class='avia_hidden_link_text'>Compartir en Twitter<\/span><\/a><\/li><li class='av-share-link av-social-link-whatsapp' ><a target=\"_blank\" aria-label=\"Compartir en Whatsapp\" href='https:\/\/api.whatsapp.com\/send?text=https:\/\/radiorevelacionfm.cl\/?p=59723' aria-hidden='false' data-av_icon='\uf232' data-av_iconfont='entypo-fontello' title='' data-avia-related-tooltip='Compartir en Whatsapp' rel=\"noopener\"><span class='avia_hidden_link_text'>Compartir en Whatsapp<\/span><\/a><\/li><li class='av-share-link av-social-link-linkedin' ><a target=\"_blank\" aria-label=\"Compartir en LinkedIn\" href='https:\/\/linkedin.com\/shareArticle?mini=true&#038;title=PDI%20y%20Fiscal%C3%ADa%20investigan%20delito%20sexual%20que%20afect%C3%B3%20a%20una%20ni%C3%B1a%20en%20Villa%20Ma%C3%B1ihuales&#038;url=https:\/\/radiorevelacionfm.cl\/?p=59723' aria-hidden='false' data-av_icon='\ue8fc' data-av_iconfont='entypo-fontello' title='' data-avia-related-tooltip='Compartir en LinkedIn' rel=\"noopener\"><span class='avia_hidden_link_text'>Compartir en LinkedIn<\/span><\/a><\/li><li class='av-share-link av-social-link-mail' ><a  aria-label=\"Compartir por correo\" href='mailto:?subject=PDI%20y%20Fiscal%C3%ADa%20investigan%20delito%20sexual%20que%20afect%C3%B3%20a%20una%20ni%C3%B1a%20en%20Villa%20Ma%C3%B1ihuales&#038;body=https:\/\/radiorevelacionfm.cl\/?p=59723' aria-hidden='false' data-av_icon='\ue805' data-av_iconfont='entypo-fontello' title='' data-avia-related-tooltip='Compartir por correo'><span class='avia_hidden_link_text'>Compartir por correo<\/span><\/a><\/li><\/ul><\/div><\/div>\n<div  style='height:50px' class='hr hr-invisible   avia-builder-el-8  el_after_av_social_share  el_before_av_comments_list '><span class='hr-inner ' ><span class='hr-inner-style'><\/span><\/span><\/div>\n<div  class='av-buildercomment  av-blog-meta-html-info-disabled av-blog-meta-tag-disabled  '><\/div>\n","protected":false},"excerpt":{"rendered":"","protected":false},"author":1,"featured_media":44778,"comment_status":"closed","ping_status":"closed","sticky":false,"template":"","format":"standard","meta":{"footnotes":""},"categories":[36],"tags":[],"class_list":["post-59723","post","type-post","status-publish","format-standard","has-post-thumbnail","hentry","category-policial"],"jetpack_featured_media_url":"https:\/\/radiorevelacionfm.cl\/wp-content\/uploads\/2024\/08\/Detenido-generica-1-1.jpg","_links":{"self":[{"href":"https:\/\/radiorevelacionfm.cl\/index.php?rest_route=\/wp\/v2\/posts\/59723","targetHints":{"allow":["GET"]}}],"collection":[{"href":"https:\/\/radiorevelacionfm.cl\/index.php?rest_route=\/wp\/v2\/posts"}],"about":[{"href":"https:\/\/radiorevelacionfm.cl\/index.php?rest_route=\/wp\/v2\/types\/post"}],"author":[{"embeddable":true,"href":"https:\/\/radiorevelacionfm.cl\/index.php?rest_route=\/wp\/v2\/users\/1"}],"replies":[{"embeddable":true,"href":"https:\/\/radiorevelacionfm.cl\/index.php?rest_route=%2Fwp%2Fv2%2Fcomments&post=59723"}],"version-history":[{"count":2,"href":"https:\/\/radiorevelacionfm.cl\/index.php?rest_route=\/wp\/v2\/posts\/59723\/revisions"}],"predecessor-version":[{"id":59726,"href":"https:\/\/radiorevelacionfm.cl\/index.php?rest_route=\/wp\/v2\/posts\/59723\/revisions\/59726"}],"wp:featuredmedia":[{"embeddable":true,"href":"https:\/\/radiorevelacionfm.cl\/index.php?rest_route=\/wp\/v2\/media\/44778"}],"wp:attachment":[{"href":"https:\/\/radiorevelacionfm.cl\/index.php?rest_route=%2Fwp%2Fv2%2Fmedia&parent=59723"}],"wp:term":[{"taxonomy":"category","embeddable":true,"href":"https:\/\/radiorevelacionfm.cl\/index.php?rest_route=%2Fwp%2Fv2%2Fcategories&post=59723"},{"taxonomy":"post_tag","embeddable":true,"href":"https:\/\/radiorevelacionfm.cl\/index.php?rest_route=%2Fwp%2Fv2%2Ftags&post=59723"}],"curies":[{"name":"wp","href":"https:\/\/api.w.org\/{rel}","templated":true}]}}