{"id":59710,"date":"2025-09-29T21:01:09","date_gmt":"2025-09-30T00:01:09","guid":{"rendered":"https:\/\/radiorevelacionfm.cl\/?p=59710"},"modified":"2025-09-29T21:01:09","modified_gmt":"2025-09-30T00:01:09","slug":"expo-feria-de-puerto-aysen-termina-de-manera-exitosa-y-con-gran-afluencia-de-publico","status":"publish","type":"post","link":"https:\/\/radiorevelacionfm.cl\/?p=59710","title":{"rendered":"Expo Feria de Puerto Ays\u00e9n termina de manera exitosa y con gran afluencia de p\u00fablico"},"content":{"rendered":"<div class=\"flex_column av_one_full  flex_column_div av-zero-column-padding first  avia-builder-el-0  el_before_av_one_full  avia-builder-el-first  \" style='border-radius:0px; '><div  class='avia-image-container  av-styling-    avia-builder-el-1  avia-builder-el-no-sibling  avia-align-center '  itemprop=\"image\" itemscope=\"itemscope\" itemtype=\"https:\/\/schema.org\/ImageObject\"  ><div class='avia-image-container-inner'><div class='avia-image-overlay-wrap'><img decoding=\"async\" class='wp-image-59711 avia-img-lazy-loading-not-59711 avia_image' src=\"https:\/\/radiorevelacionfm.cl\/wp-content\/uploads\/2025\/09\/IMG_20250928_123923-1-1.jpg\" alt='' title='IMG_20250928_123923 (1) (1)' height=\"600\" width=\"800\"  itemprop=\"thumbnailUrl\" srcset=\"https:\/\/radiorevelacionfm.cl\/wp-content\/uploads\/2025\/09\/IMG_20250928_123923-1-1.jpg 800w, https:\/\/radiorevelacionfm.cl\/wp-content\/uploads\/2025\/09\/IMG_20250928_123923-1-1-300x225.jpg 300w, https:\/\/radiorevelacionfm.cl\/wp-content\/uploads\/2025\/09\/IMG_20250928_123923-1-1-768x576.jpg 768w, https:\/\/radiorevelacionfm.cl\/wp-content\/uploads\/2025\/09\/IMG_20250928_123923-1-1-705x529.jpg 705w, https:\/\/radiorevelacionfm.cl\/wp-content\/uploads\/2025\/09\/IMG_20250928_123923-1-1-450x338.jpg 450w, https:\/\/radiorevelacionfm.cl\/wp-content\/uploads\/2025\/09\/IMG_20250928_123923-1-1-600x450.jpg 600w\" sizes=\"(max-width: 800px) 100vw, 800px\" \/><\/div><\/div><\/div><\/div><div class=\"flex_column av_one_full  flex_column_div av-zero-column-padding first  avia-builder-el-2  el_after_av_one_full  el_before_av_one_full  column-top-margin\" style='border-radius:0px; '><section class=\"av_textblock_section \"  itemscope=\"itemscope\" itemtype=\"https:\/\/schema.org\/BlogPosting\" itemprop=\"blogPost\" ><div class='avia_textblock  '   itemprop=\"text\" ><p style=\"text-align: center;\"><strong><span style=\"font-size: 18pt;\">Expo Feria de Puerto Ays\u00e9n termina de manera exitosa y con gran afluencia de p\u00fablico<\/span><\/strong><\/p>\n<div id=\"gtx-trans\" style=\"position: absolute; left: -50px; top: 4.31534px;\">\n<div class=\"gtx-trans-icon\"><\/div>\n<\/div>\n<\/div><\/section><\/div><div class=\"flex_column av_one_full  flex_column_div av-zero-column-padding first  avia-builder-el-4  el_after_av_one_full  el_before_av_hr  column-top-margin\" style='border-radius:0px; '><section class=\"av_textblock_section \"  itemscope=\"itemscope\" itemtype=\"https:\/\/schema.org\/BlogPosting\" itemprop=\"blogPost\" ><div class='avia_textblock  '   itemprop=\"text\" ><p style=\"text-align: justify;\"><em>M\u00e1s de 7 mil personas se reunieron en el Polideportivo para el show principal de los grupos Z\u00fambale Primo y La Mary. Mientras que el centenar de expositores reconocieron tener buenas ventas durante los tres d\u00edas del evento.<\/em><\/p>\n<p style=\"text-align: justify;\">Independiente de las fuertes lluvias que azotaron la comuna de Ays\u00e9n el pasado fin de semana, hubo una instancia que convoc\u00f3 a miles de personas para disfrutar de variados productos ayseninos, donde se realizaron talleres para comenzar nuevos emprendimientos y se dio la instancia para disfrutar de la m\u00fasica de reconocidos artistas locales y nacionales.<\/p>\n<p style=\"text-align: justify;\">La Expo Feria Puerto Ays\u00e9n, atrajo la atenci\u00f3n del p\u00fablico de varias zonas de la regi\u00f3n, ya que durante tres d\u00edas se not\u00f3 el movimiento en el Polideportivo \u201c21 de abril\u201d. Todo gracias al financiamiento del Gobierno Regional y la ejecuci\u00f3n por parte de la Municipalidad de Ays\u00e9n, se pudo concretar un total de cien expositores de distintas ramas econ\u00f3micas, como el tejido, la pintura, la reposter\u00eda, la bisuter\u00eda, la literatura o el macram\u00e9.<\/p>\n<p style=\"text-align: justify;\">Una de las emprendedoras, Ingrid Astorga, coment\u00f3 sobre su experiencia en la feria, \u201cestamos agradecidos a los que organizaron este evento, reconocemos su trabajo y su preocupaci\u00f3n. Durante estos d\u00edas nos hemos sentido muy acompa\u00f1ados y se not\u00f3 como hubo una atenci\u00f3n especial por los artesanos, por los puestos y por la gente que est\u00e1 ac\u00e1\u201d.<\/p>\n<p style=\"text-align: justify;\">Uno de los atractivos principales de esta feria fue la inclusi\u00f3n de los artistas nacionales \u201cLa Mary\u201d y la banda \u201cZ\u00fambale Primo\u201d, quienes en la segunda jornada lograron llenar el recinto, logrando as\u00ed un aforo de aproximadamente 7.500 personas. A ellos se sumaron los artistas regionales \u201cJaime y su clan Patag\u00f3n\u201d y \u201cCinchando pa\u2019 no aflojar\u201d en el primer d\u00eda; adem\u00e1s de la presentaci\u00f3n de la compa\u00f1\u00eda \u201cVuelo Teatro\u201d, que maravill\u00f3 a las familias con su espect\u00e1culo el d\u00eda domingo.<\/p>\n<p style=\"text-align: justify;\">La animaci\u00f3n de este evento estuvo a cargo de la connotada modelo y presentadora de televisi\u00f3n Pamela D\u00edaz, qui\u00e9n dirigi\u00f3 unas palabras para todos los vecinos de Ays\u00e9n, \u201clo he pasado incre\u00edble, la gente es maravillosa. Cuando ven\u00edamos junto al equipo, entre nosotros dec\u00edamos: \u201cSi la gente supiera lo lindo que es nuestro pa\u00eds y que tengamos acceso, ojal\u00e1 todos a poder venir a conocer\u201d. Com\u00ed exquisiteces, me encantaron los lugares tan maravillosos; es muy distinto, obviamente, a lo que es Santiago. Definitivamente una de las cosas m\u00e1s linda que tiene el pa\u00eds para m\u00ed, es el sur\u201d.<\/p>\n<p style=\"text-align: justify;\">En lo que respecta a las ganancias por parte de los emprendedores, la gran mayor\u00eda se presentaron conformes con lo vendido y expresaron su necesidad de que se sigan efectuando m\u00e1s instancias parecidas durante el a\u00f1o.<\/p>\n<p style=\"text-align: justify;\">Por su parte, el concejal de la comuna de Ays\u00e9n, Luis Mu\u00f1oz, destac\u00f3 el trabajo realizado por el municipio, ya que \u201cfueron tres d\u00edas intensos de trabajo por parte de todo el equipo municipal, de Fomento Productivo y de los emprendedores, los cuales son el pilar fundamental de esta feria. Estamos felices adem\u00e1s de que la respuesta de la comunidad fue bastante favorable. Los vecinos se comportaron muy bien en el show principal, por lo tanto, espero esto se siga repitiendo por el bien de nuestros emprendedores y emprendedoras\u201d.<\/p>\n<\/div><\/section><\/div><div  style='height:50px' class='hr hr-invisible   avia-builder-el-6  el_after_av_one_full  el_before_av_social_share '><span class='hr-inner ' ><span class='hr-inner-style'><\/span><\/span><\/div><\/p>\n<div  class='av-social-sharing-box  avia-builder-el-7  el_after_av_hr  el_before_av_hr  '><div class='av-share-box'><h5 class='av-share-link-description av-no-toc '>Compartir esta noticia<\/h5><ul class='av-share-box-list noLightbox'><li class='av-share-link av-social-link-facebook' ><a target=\"_blank\" aria-label=\"Compartir en Facebook\" href='https:\/\/www.facebook.com\/sharer.php?u=https:\/\/radiorevelacionfm.cl\/?p=59710&#038;t=Expo%20Feria%20de%20Puerto%20Ays%C3%A9n%20termina%20de%20manera%20exitosa%20y%20con%20gran%20afluencia%20de%20p%C3%BAblico' aria-hidden='false' data-av_icon='\ue8f3' data-av_iconfont='entypo-fontello' title='' data-avia-related-tooltip='Compartir en Facebook' rel=\"noopener\"><span class='avia_hidden_link_text'>Compartir en Facebook<\/span><\/a><\/li><li class='av-share-link av-social-link-twitter' ><a target=\"_blank\" aria-label=\"Compartir en Twitter\" href='https:\/\/twitter.com\/share?text=Expo%20Feria%20de%20Puerto%20Ays%C3%A9n%20termina%20de%20manera%20exitosa%20y%20con%20gran%20afluencia%20de%20p%C3%BAblico&#038;url=https:\/\/radiorevelacionfm.cl\/?p=59710' aria-hidden='false' data-av_icon='\ue8f1' data-av_iconfont='entypo-fontello' title='' data-avia-related-tooltip='Compartir en Twitter' rel=\"noopener\"><span class='avia_hidden_link_text'>Compartir en Twitter<\/span><\/a><\/li><li class='av-share-link av-social-link-whatsapp' ><a target=\"_blank\" aria-label=\"Compartir en Whatsapp\" href='https:\/\/api.whatsapp.com\/send?text=https:\/\/radiorevelacionfm.cl\/?p=59710' aria-hidden='false' data-av_icon='\uf232' data-av_iconfont='entypo-fontello' title='' data-avia-related-tooltip='Compartir en Whatsapp' rel=\"noopener\"><span class='avia_hidden_link_text'>Compartir en Whatsapp<\/span><\/a><\/li><li class='av-share-link av-social-link-linkedin' ><a target=\"_blank\" aria-label=\"Compartir en LinkedIn\" href='https:\/\/linkedin.com\/shareArticle?mini=true&#038;title=Expo%20Feria%20de%20Puerto%20Ays%C3%A9n%20termina%20de%20manera%20exitosa%20y%20con%20gran%20afluencia%20de%20p%C3%BAblico&#038;url=https:\/\/radiorevelacionfm.cl\/?p=59710' aria-hidden='false' data-av_icon='\ue8fc' data-av_iconfont='entypo-fontello' title='' data-avia-related-tooltip='Compartir en LinkedIn' rel=\"noopener\"><span class='avia_hidden_link_text'>Compartir en LinkedIn<\/span><\/a><\/li><li class='av-share-link av-social-link-mail' ><a  aria-label=\"Compartir por correo\" href='mailto:?subject=Expo%20Feria%20de%20Puerto%20Ays%C3%A9n%20termina%20de%20manera%20exitosa%20y%20con%20gran%20afluencia%20de%20p%C3%BAblico&#038;body=https:\/\/radiorevelacionfm.cl\/?p=59710' aria-hidden='false' data-av_icon='\ue805' data-av_iconfont='entypo-fontello' title='' data-avia-related-tooltip='Compartir por correo'><span class='avia_hidden_link_text'>Compartir por correo<\/span><\/a><\/li><\/ul><\/div><\/div>\n<div  style='height:50px' class='hr hr-invisible   avia-builder-el-8  el_after_av_social_share  el_before_av_comments_list '><span class='hr-inner ' ><span class='hr-inner-style'><\/span><\/span><\/div>\n<div  class='av-buildercomment  av-blog-meta-html-info-disabled av-blog-meta-tag-disabled  '><\/div>\n","protected":false},"excerpt":{"rendered":"","protected":false},"author":1,"featured_media":59711,"comment_status":"closed","ping_status":"closed","sticky":false,"template":"","format":"standard","meta":{"footnotes":""},"categories":[38],"tags":[],"class_list":["post-59710","post","type-post","status-publish","format-standard","has-post-thumbnail","hentry","category-regional"],"jetpack_featured_media_url":"https:\/\/radiorevelacionfm.cl\/wp-content\/uploads\/2025\/09\/IMG_20250928_123923-1-1.jpg","_links":{"self":[{"href":"https:\/\/radiorevelacionfm.cl\/index.php?rest_route=\/wp\/v2\/posts\/59710","targetHints":{"allow":["GET"]}}],"collection":[{"href":"https:\/\/radiorevelacionfm.cl\/index.php?rest_route=\/wp\/v2\/posts"}],"about":[{"href":"https:\/\/radiorevelacionfm.cl\/index.php?rest_route=\/wp\/v2\/types\/post"}],"author":[{"embeddable":true,"href":"https:\/\/radiorevelacionfm.cl\/index.php?rest_route=\/wp\/v2\/users\/1"}],"replies":[{"embeddable":true,"href":"https:\/\/radiorevelacionfm.cl\/index.php?rest_route=%2Fwp%2Fv2%2Fcomments&post=59710"}],"version-history":[{"count":2,"href":"https:\/\/radiorevelacionfm.cl\/index.php?rest_route=\/wp\/v2\/posts\/59710\/revisions"}],"predecessor-version":[{"id":59713,"href":"https:\/\/radiorevelacionfm.cl\/index.php?rest_route=\/wp\/v2\/posts\/59710\/revisions\/59713"}],"wp:featuredmedia":[{"embeddable":true,"href":"https:\/\/radiorevelacionfm.cl\/index.php?rest_route=\/wp\/v2\/media\/59711"}],"wp:attachment":[{"href":"https:\/\/radiorevelacionfm.cl\/index.php?rest_route=%2Fwp%2Fv2%2Fmedia&parent=59710"}],"wp:term":[{"taxonomy":"category","embeddable":true,"href":"https:\/\/radiorevelacionfm.cl\/index.php?rest_route=%2Fwp%2Fv2%2Fcategories&post=59710"},{"taxonomy":"post_tag","embeddable":true,"href":"https:\/\/radiorevelacionfm.cl\/index.php?rest_route=%2Fwp%2Fv2%2Ftags&post=59710"}],"curies":[{"name":"wp","href":"https:\/\/api.w.org\/{rel}","templated":true}]}}