{"id":5971,"date":"2021-07-06T11:47:40","date_gmt":"2021-07-06T14:47:40","guid":{"rendered":"https:\/\/radiorevelacionfm.cl\/?p=5971"},"modified":"2021-07-06T11:47:40","modified_gmt":"2021-07-06T14:47:40","slug":"intensa-campana-preventiva-busca-disminuir-violencia-contra-la-mujer-en-barrios-prioritarios-de-coyhaique","status":"publish","type":"post","link":"https:\/\/radiorevelacionfm.cl\/?p=5971","title":{"rendered":"Intensa campa\u00f1a preventiva busca disminuir violencia contra la mujer en barrios prioritarios de Coyhaique"},"content":{"rendered":"<div class=\"flex_column av_one_full  flex_column_div av-zero-column-padding first  avia-builder-el-0  el_before_av_one_full  avia-builder-el-first  \" style='border-radius:0px; '><div  class='avia-image-container  av-styling-    avia-builder-el-1  avia-builder-el-no-sibling  avia-align-center '  itemprop=\"image\" itemscope=\"itemscope\" itemtype=\"https:\/\/schema.org\/ImageObject\"  ><div class='avia-image-container-inner'><div class='avia-image-overlay-wrap'><img decoding=\"async\" class='wp-image-0 avia-img-lazy-loading-not-0 avia_image' src=\"https:\/\/radiorevelacionfm.cl\/wp-content\/uploads\/2021\/07\/Barrios-Prioritarios-1-1-1.jpg\" alt='' title=''   itemprop=\"thumbnailUrl\"  \/><\/div><\/div><\/div><\/div><div class=\"flex_column av_one_full  flex_column_div av-zero-column-padding first  avia-builder-el-2  el_after_av_one_full  el_before_av_one_full  column-top-margin\" style='border-radius:0px; '><section class=\"av_textblock_section \"  itemscope=\"itemscope\" itemtype=\"https:\/\/schema.org\/BlogPosting\" itemprop=\"blogPost\" ><div class='avia_textblock  '   itemprop=\"text\" ><p style=\"text-align: center;\"><span style=\"font-size: 18pt;\"><strong>Intensa campa\u00f1a preventiva busca disminuir violencia contra la mujer en barrios prioritarios de Coyhaique<\/strong><\/span><\/p>\n<p><strong>\u00a0<\/strong><\/p>\n<div id=\"gtx-trans\" style=\"position: absolute; left: -50px; top: 4.31534px;\">\n<div class=\"gtx-trans-icon\"><\/div>\n<\/div>\n<\/div><\/section><\/div><div class=\"flex_column av_one_full  flex_column_div av-zero-column-padding first  avia-builder-el-4  el_after_av_one_full  el_before_av_hr  column-top-margin\" style='border-radius:0px; '><section class=\"av_textblock_section \"  itemscope=\"itemscope\" itemtype=\"https:\/\/schema.org\/BlogPosting\" itemprop=\"blogPost\" ><div class='avia_textblock  '   itemprop=\"text\" ><p style=\"text-align: justify;\">A trav\u00e9s de un intenso despliegue en determinados barrios de la comuna de Coyhaique, la Secretar\u00eda Regional Ministerial de la Mujer y la Equidad de G\u00e9nero en alianza al Programa Barrios Prioritarios, busca disminuir el alza en las cifras de violencia contra la mujer observado durante el primer semestre en la capital regional \u201cUno de nuestros objetivos es informar y desplegar todas las estrategias que permitan terminar con la violencia hacia la mujer, si bien nuestro fin es generar el cambio cultural que permita erradicar esta problem\u00e1tica, sabemos que en lo inmediato debemos abordarla a diario y con todas y todos, ya que la violencia no puede seguir siendo una situaci\u00f3n de la \u201cvida privada\u201d o de \u201cpareja\u201d, sino m\u00e1s bien, debemos reforzar las acciones que permitan, a las mujeres y a la comunidad en su totalidad, conocer nuestras redes de orientaci\u00f3n y apoyo, especialmente en tiempos de cuarentena, donde hemos tenido que convivir con situaciones complejas y con el agresor al lado\u201d indic\u00f3 la Seremi de la Mujer y la Equidad de G\u00e9nero B\u00e1rbara Ort\u00fazar en relaci\u00f3n a las acciones desplegadas a partir de las cifras entregadas por Carabineros a la secretar\u00eda regional ministerial de la mujer, en las cuales se identifica que existe un aumento en los casos de violencia intrafamiliar que corresponden a violencias contra la mujer.<\/p>\n<p style=\"text-align: justify;\"><strong>Cifras Regionales<\/strong><\/p>\n<p style=\"text-align: justify;\">Los datos reportados por el Sistema de an\u00e1lisis Territorial (SAIT) de carabineros de la XI zona &#8211; regi\u00f3n de Ays\u00e9n. Se\u00f1alan que este a\u00f1o se ha visto un sostenido aumento en las cifras de violencia contra la mujer, respecto el a\u00f1o 2020. En este an\u00e1lisis se identific\u00f3 abril como el punto m\u00e1s alto de este aumento, duplicando la cifra registrada durante el mismo periodo el a\u00f1o anterior. Dicha situaci\u00f3n, si bien decreci\u00f3 en mayo (registrando s\u00f3lo un 16% de aumento), se torna a\u00fan m\u00e1s relevante cuando la misma fuente observa que estas cifras se concentran principalmente en la 1ra Comisaria de Coyhaique, y en lo espec\u00edfico, en reconocidas zonas de la capital regional.<\/p>\n<p style=\"text-align: justify;\"><strong>Acciones en el Territorio<\/strong><\/p>\n<p style=\"text-align: justify;\">\u201cBarrios Prioritarios\u201d Programa de la Subsecretar\u00eda de Prevenci\u00f3n del Delito en convenio con FOSIS, dependiente del Ministerio del Interior y Seguridad P\u00fablica, aborda conductas antisociales y condiciones de violencia que emergen en los barrios de alta complejidad, mediante el fortalecimiento de la gesti\u00f3n local e institucional en seguridad. A trav\u00e9s de acciones, como la colaboraci\u00f3n y complementariedad realizada con la SEREMI de la Mujer y la Equidad de G\u00e9nero, interviene algunos territorios mediante diversas estrategias. \u201cEste programa busca contribuir a la problem\u00e1tica de determinados barrios que presentan altas condiciones de vulnerabilidad. En Coyhaique se trabaja con El Bosque, Villa Bicentenario, Villa Patagonia y la Poblaci\u00f3n Ampliaci\u00f3n Pablo Neruda, donde se realiza una intervenci\u00f3n de 18 meses junto a los vecinos, FOSIS, Subsecretaria de Prevenci\u00f3n del Delito y todas las instituciones p\u00fablicas que se quieran sumar y participar de las distintas actividades que ir\u00e1n en directo beneficio de los vecinos de estas poblaciones, quienes hasta la fecha han participado de manera muy comprometida en los vacunatorios, Gobierno en Terreno y operativos para gestionar beneficios del estado\u00bb se\u00f1al\u00f3 Ana Mar\u00eda Gallardo Coordinadora del Programa en Coyhaique.<\/p>\n<p style=\"text-align: justify;\">En este marco de colaboraci\u00f3n, desde abril, se han implementado acciones, junto con las directivas de las Juntas de vecinos que permitan entregar informaci\u00f3n y sensibilizar a vecinas y vecinos de estos barrios. A la fecha numerosas reuniones y visitas (integrando los protocolos sanitarios correspondientes) han sido realizadas para dar a conocer los mecanismos de apoyo y orientaci\u00f3n disponibles en casos de violencia contra la mujer. Al respecto, Jacqueline Carrasco, Presidenta de la Agrupaci\u00f3n \u201cMirando hacia el Futuro\u201d valor\u00f3 este tipo de acciones y comenta respecto el trabajo conjunto \u201cHemos estado trabajando como barrios prioritarios, hecho varios \u201cPuerta a Puerta\u201d, estuvo la Seremi de la Mujer y la Equidad de G\u00e9nero y hemos entregado en conjunto con ella, informaci\u00f3n sobre la violencia en las parejas. Los vecinos lo han recepcionado bastante bien, ellos agradecen por el hecho que muchas veces no saben d\u00f3nde acudir o dar una informaci\u00f3n si ven algunos problemas relacionados con este tema. En realidad, se agradece bastante, porque muchas veces uno como persona no sabe d\u00f3nde acudir, cuando ve este tipo de situaciones.\u00a0 Gracias a esta informaci\u00f3n que se entreg\u00f3, n\u00fameros donde se pueda llamar o las oficinas, en este caso es muy muy bueno para ellos, porque uno como persona no est\u00e1 ajeno\u201d<\/p>\n<p style=\"text-align: justify;\">Finalmente, la Seremi Ort\u00fazar complement\u00f3 \u201cEs sumamente importante que despleguemos este trabajo y hagamos part\u00edcipes a toda la comunidad, para que sean entes de cambio y de prevenci\u00f3n de Violencia. Sabemos que, para una mujer que es v\u00edctima de violencia, es sumamente dif\u00edcil primero tomar conciencia de lo que est\u00e1 viviendo y segundo, tomar la decisi\u00f3n de denunciar. Por lo que el apoyo de sus familias y vecinos es fundamental y deben tambi\u00e9n estar informados de nuestros medios de orientaci\u00f3n, como son nuestro n\u00famero 1455, WhatsApp mujer +56 9 9700 7000 y tel\u00e9fono familia de carabineros 149\u201d.<\/p>\n<\/div><\/section><\/div><div  style='height:50px' class='hr hr-invisible   avia-builder-el-6  el_after_av_one_full  el_before_av_social_share '><span class='hr-inner ' ><span class='hr-inner-style'><\/span><\/span><\/div><\/p>\n<div  class='av-social-sharing-box  avia-builder-el-7  el_after_av_hr  el_before_av_hr  '><div class='av-share-box'><h5 class='av-share-link-description av-no-toc '>Compartir esta noticia<\/h5><ul class='av-share-box-list noLightbox'><li class='av-share-link av-social-link-facebook' ><a target=\"_blank\" aria-label=\"Compartir en Facebook\" href='https:\/\/www.facebook.com\/sharer.php?u=https:\/\/radiorevelacionfm.cl\/?p=5971&#038;t=Intensa%20campa%C3%B1a%20preventiva%20busca%20disminuir%20violencia%20contra%20la%20mujer%20en%20barrios%20prioritarios%20de%20Coyhaique' aria-hidden='false' data-av_icon='\ue8f3' data-av_iconfont='entypo-fontello' title='' data-avia-related-tooltip='Compartir en Facebook' rel=\"noopener\"><span class='avia_hidden_link_text'>Compartir en Facebook<\/span><\/a><\/li><li class='av-share-link av-social-link-twitter' ><a target=\"_blank\" aria-label=\"Compartir en Twitter\" href='https:\/\/twitter.com\/share?text=Intensa%20campa%C3%B1a%20preventiva%20busca%20disminuir%20violencia%20contra%20la%20mujer%20en%20barrios%20prioritarios%20de%20Coyhaique&#038;url=https:\/\/radiorevelacionfm.cl\/?p=5971' aria-hidden='false' data-av_icon='\ue8f1' data-av_iconfont='entypo-fontello' title='' data-avia-related-tooltip='Compartir en Twitter' rel=\"noopener\"><span class='avia_hidden_link_text'>Compartir en Twitter<\/span><\/a><\/li><li class='av-share-link av-social-link-whatsapp' ><a target=\"_blank\" aria-label=\"Compartir en Whatsapp\" href='https:\/\/api.whatsapp.com\/send?text=https:\/\/radiorevelacionfm.cl\/?p=5971' aria-hidden='false' data-av_icon='\uf232' data-av_iconfont='entypo-fontello' title='' data-avia-related-tooltip='Compartir en Whatsapp' rel=\"noopener\"><span class='avia_hidden_link_text'>Compartir en Whatsapp<\/span><\/a><\/li><li class='av-share-link av-social-link-linkedin' ><a target=\"_blank\" aria-label=\"Compartir en LinkedIn\" href='https:\/\/linkedin.com\/shareArticle?mini=true&#038;title=Intensa%20campa%C3%B1a%20preventiva%20busca%20disminuir%20violencia%20contra%20la%20mujer%20en%20barrios%20prioritarios%20de%20Coyhaique&#038;url=https:\/\/radiorevelacionfm.cl\/?p=5971' aria-hidden='false' data-av_icon='\ue8fc' data-av_iconfont='entypo-fontello' title='' data-avia-related-tooltip='Compartir en LinkedIn' rel=\"noopener\"><span class='avia_hidden_link_text'>Compartir en LinkedIn<\/span><\/a><\/li><li class='av-share-link av-social-link-mail' ><a  aria-label=\"Compartir por correo\" href='mailto:?subject=Intensa%20campa%C3%B1a%20preventiva%20busca%20disminuir%20violencia%20contra%20la%20mujer%20en%20barrios%20prioritarios%20de%20Coyhaique&#038;body=https:\/\/radiorevelacionfm.cl\/?p=5971' aria-hidden='false' data-av_icon='\ue805' data-av_iconfont='entypo-fontello' title='' data-avia-related-tooltip='Compartir por correo'><span class='avia_hidden_link_text'>Compartir por correo<\/span><\/a><\/li><\/ul><\/div><\/div>\n<div  style='height:50px' class='hr hr-invisible   avia-builder-el-8  el_after_av_social_share  el_before_av_comments_list '><span class='hr-inner ' ><span class='hr-inner-style'><\/span><\/span><\/div>\n<div  class='av-buildercomment  av-blog-meta-html-info-disabled av-blog-meta-tag-disabled  '><\/div>\n","protected":false},"excerpt":{"rendered":"","protected":false},"author":1,"featured_media":0,"comment_status":"open","ping_status":"open","sticky":false,"template":"","format":"standard","meta":{"footnotes":""},"categories":[38],"tags":[],"class_list":["post-5971","post","type-post","status-publish","format-standard","hentry","category-regional"],"jetpack_featured_media_url":"","_links":{"self":[{"href":"https:\/\/radiorevelacionfm.cl\/index.php?rest_route=\/wp\/v2\/posts\/5971","targetHints":{"allow":["GET"]}}],"collection":[{"href":"https:\/\/radiorevelacionfm.cl\/index.php?rest_route=\/wp\/v2\/posts"}],"about":[{"href":"https:\/\/radiorevelacionfm.cl\/index.php?rest_route=\/wp\/v2\/types\/post"}],"author":[{"embeddable":true,"href":"https:\/\/radiorevelacionfm.cl\/index.php?rest_route=\/wp\/v2\/users\/1"}],"replies":[{"embeddable":true,"href":"https:\/\/radiorevelacionfm.cl\/index.php?rest_route=%2Fwp%2Fv2%2Fcomments&post=5971"}],"version-history":[{"count":1,"href":"https:\/\/radiorevelacionfm.cl\/index.php?rest_route=\/wp\/v2\/posts\/5971\/revisions"}],"predecessor-version":[{"id":5973,"href":"https:\/\/radiorevelacionfm.cl\/index.php?rest_route=\/wp\/v2\/posts\/5971\/revisions\/5973"}],"wp:attachment":[{"href":"https:\/\/radiorevelacionfm.cl\/index.php?rest_route=%2Fwp%2Fv2%2Fmedia&parent=5971"}],"wp:term":[{"taxonomy":"category","embeddable":true,"href":"https:\/\/radiorevelacionfm.cl\/index.php?rest_route=%2Fwp%2Fv2%2Fcategories&post=5971"},{"taxonomy":"post_tag","embeddable":true,"href":"https:\/\/radiorevelacionfm.cl\/index.php?rest_route=%2Fwp%2Fv2%2Ftags&post=5971"}],"curies":[{"name":"wp","href":"https:\/\/api.w.org\/{rel}","templated":true}]}}