{"id":59705,"date":"2025-09-30T13:03:02","date_gmt":"2025-09-30T16:03:02","guid":{"rendered":"https:\/\/radiorevelacionfm.cl\/?p=59705"},"modified":"2025-09-30T13:03:02","modified_gmt":"2025-09-30T16:03:02","slug":"diputada-marcia-raphael-solicita-auditoria-de-contraloria-ante-crisis-financiera-del-minvu","status":"publish","type":"post","link":"https:\/\/radiorevelacionfm.cl\/?p=59705","title":{"rendered":"Diputada Marcia Raphael solicita auditor\u00eda de Contralor\u00eda ante crisis financiera del MINVU"},"content":{"rendered":"<div class=\"flex_column av_one_full  flex_column_div av-zero-column-padding first  avia-builder-el-0  el_before_av_one_full  avia-builder-el-first  \" style='border-radius:0px; '><div  class='avia-image-container  av-styling-    avia-builder-el-1  avia-builder-el-no-sibling  avia-align-center '  itemprop=\"image\" itemscope=\"itemscope\" itemtype=\"https:\/\/schema.org\/ImageObject\"  ><div class='avia-image-container-inner'><div class='avia-image-overlay-wrap'><img decoding=\"async\" class='wp-image-59706 avia-img-lazy-loading-not-59706 avia_image' src=\"https:\/\/radiorevelacionfm.cl\/wp-content\/uploads\/2025\/09\/DipRaphael-1-1.jpeg\" alt='' title='DipRaphael (1) (1)' height=\"600\" width=\"899\"  itemprop=\"thumbnailUrl\" srcset=\"https:\/\/radiorevelacionfm.cl\/wp-content\/uploads\/2025\/09\/DipRaphael-1-1.jpeg 899w, https:\/\/radiorevelacionfm.cl\/wp-content\/uploads\/2025\/09\/DipRaphael-1-1-300x200.jpeg 300w, https:\/\/radiorevelacionfm.cl\/wp-content\/uploads\/2025\/09\/DipRaphael-1-1-768x513.jpeg 768w, https:\/\/radiorevelacionfm.cl\/wp-content\/uploads\/2025\/09\/DipRaphael-1-1-705x471.jpeg 705w, https:\/\/radiorevelacionfm.cl\/wp-content\/uploads\/2025\/09\/DipRaphael-1-1-450x300.jpeg 450w, https:\/\/radiorevelacionfm.cl\/wp-content\/uploads\/2025\/09\/DipRaphael-1-1-600x400.jpeg 600w\" sizes=\"(max-width: 899px) 100vw, 899px\" \/><\/div><\/div><\/div><\/div><div class=\"flex_column av_one_full  flex_column_div av-zero-column-padding first  avia-builder-el-2  el_after_av_one_full  el_before_av_one_full  column-top-margin\" style='border-radius:0px; '><section class=\"av_textblock_section \"  itemscope=\"itemscope\" itemtype=\"https:\/\/schema.org\/BlogPosting\" itemprop=\"blogPost\" ><div class='avia_textblock  '   itemprop=\"text\" ><p style=\"text-align: center;\"><strong><span style=\"font-size: 18pt;\">Diputada Marcia Raphael solicita auditor\u00eda de Contralor\u00eda ante crisis financiera del MINVU<\/span><\/strong><\/p>\n<div id=\"gtx-trans\" style=\"position: absolute; left: -50px; top: 4.31534px;\">\n<div class=\"gtx-trans-icon\"><\/div>\n<\/div>\n<\/div><\/section><\/div><div class=\"flex_column av_one_full  flex_column_div av-zero-column-padding first  avia-builder-el-4  el_after_av_one_full  el_before_av_hr  column-top-margin\" style='border-radius:0px; '><section class=\"av_textblock_section \"  itemscope=\"itemscope\" itemtype=\"https:\/\/schema.org\/BlogPosting\" itemprop=\"blogPost\" ><div class='avia_textblock  '   itemprop=\"text\" ><p style=\"text-align: justify;\"><em>La parlamentaria de Renovaci\u00f3n Nacional ratific\u00f3 el apoyo de sus pares para solicitar la auditoria al Ministerio de Vivienda ante la falta de transparencia de la situaci\u00f3n que mantiene paralizado proyectos habitacionales.<\/em><\/p>\n<p>La diputada por la Regi\u00f3n de Ays\u00e9n, <strong>Marcia Raphael Mora<\/strong>, expres\u00f3 su\u00a0 preocupaci\u00f3n ante la grave crisis financiera que atraviesa el Ministerio de Vivienda y Urbanismo (MINVU), la cual est\u00e1 generando deudas millonarias con empresas y proveedores, paralizando obras y afectando directamente a miles de familias que esperan una soluci\u00f3n habitacional. En virtud de este escenario, solicit\u00f3 que el Ministro Montes de cuenta en la Comisi\u00f3n de Vivienda y se realice una auditor\u00eda por parte de la Contralor\u00eda.<\/p>\n<p style=\"text-align: justify;\">\u201cEsto no se trata solo de n\u00fameros en una planilla. Lo que est\u00e1 en juego son los sue\u00f1os de miles de chilenos y chilenas que siguen esperando por su vivienda. Hoy se est\u00e1n burlando de la gente porque no se ha tenido la valent\u00eda de reconocer lo que realmente ocurre\u201d, advirti\u00f3 la parlamentaria.<\/p>\n<p style=\"text-align: justify;\">En el caso de la Regi\u00f3n de Ays\u00e9n, la diputada Raphael detall\u00f3 \u201cque son m\u00e1s de <strong>2.500 <\/strong><strong>las <\/strong><strong>familias<\/strong><strong> que se encuentran<\/strong><strong> organizadas en Comit\u00e9s de Vivienda<\/strong><strong>, algunos llevan incluso m\u00e1s <\/strong>de una d\u00e9cada de espera, y ven c\u00f3mo la falta de recursos detiene sus proyectos. Esta incertidumbre tambi\u00e9n se ha instalado en la industria de la construcci\u00f3n regional y el panorama es alarmante\u201d, agreg\u00f3.<\/p>\n<p style=\"text-align: justify;\">La parlamentaria denunci\u00f3 adem\u00e1s que, seg\u00fan informaci\u00f3n de la Direcci\u00f3n de Presupuestos (DIPRES), los proyectos habitacionales <strong>\u201cLa Ilusi\u00f3n\u201d, \u201cCamino a un Sue\u00f1o\u201d y \u201cTehuelche\u201d<\/strong>, entre otros, no se ejecutar\u00e1n este a\u00f1o debido a la estrechez fiscal, seg\u00fan la misma unidad dependiente de Hacienda.<\/p>\n<p style=\"text-align: justify;\">En ese contexto, la diputada de Renovaci\u00f3n Nacional expres\u00f3 que \u201chemos emplazado al Ministro de Vivienda, <strong>Carlos Montes<\/strong> a transparentar la verdadera magnitud de la deuda del MINVU y hemos solicitado que se realice una <strong>auditor\u00eda integral por parte de la Contralor\u00eda General de la Rep\u00fablica<\/strong><strong>\u201d<\/strong>.<\/p>\n<p style=\"text-align: justify;\">\u201cEl derecho a la vivienda no puede seguir siendo una promesa incumplida. No podemos permitir que se siga faltando el respeto a quienes han esperado por a\u00f1os su hogar\u201d, concluy\u00f3 Raphael.<\/p>\n<\/div><\/section><\/div><div  style='height:50px' class='hr hr-invisible   avia-builder-el-6  el_after_av_one_full  el_before_av_social_share '><span class='hr-inner ' ><span class='hr-inner-style'><\/span><\/span><\/div><\/p>\n<div  class='av-social-sharing-box  avia-builder-el-7  el_after_av_hr  el_before_av_hr  '><div class='av-share-box'><h5 class='av-share-link-description av-no-toc '>Compartir esta noticia<\/h5><ul class='av-share-box-list noLightbox'><li class='av-share-link av-social-link-facebook' ><a target=\"_blank\" aria-label=\"Compartir en Facebook\" href='https:\/\/www.facebook.com\/sharer.php?u=https:\/\/radiorevelacionfm.cl\/?p=59705&#038;t=Diputada%20Marcia%20Raphael%20solicita%20auditor%C3%ADa%20de%20Contralor%C3%ADa%20ante%20crisis%20financiera%20del%20MINVU' aria-hidden='false' data-av_icon='\ue8f3' data-av_iconfont='entypo-fontello' title='' data-avia-related-tooltip='Compartir en Facebook' rel=\"noopener\"><span class='avia_hidden_link_text'>Compartir en Facebook<\/span><\/a><\/li><li class='av-share-link av-social-link-twitter' ><a target=\"_blank\" aria-label=\"Compartir en Twitter\" href='https:\/\/twitter.com\/share?text=Diputada%20Marcia%20Raphael%20solicita%20auditor%C3%ADa%20de%20Contralor%C3%ADa%20ante%20crisis%20financiera%20del%20MINVU&#038;url=https:\/\/radiorevelacionfm.cl\/?p=59705' aria-hidden='false' data-av_icon='\ue8f1' data-av_iconfont='entypo-fontello' title='' data-avia-related-tooltip='Compartir en Twitter' rel=\"noopener\"><span class='avia_hidden_link_text'>Compartir en Twitter<\/span><\/a><\/li><li class='av-share-link av-social-link-whatsapp' ><a target=\"_blank\" aria-label=\"Compartir en Whatsapp\" href='https:\/\/api.whatsapp.com\/send?text=https:\/\/radiorevelacionfm.cl\/?p=59705' aria-hidden='false' data-av_icon='\uf232' data-av_iconfont='entypo-fontello' title='' data-avia-related-tooltip='Compartir en Whatsapp' rel=\"noopener\"><span class='avia_hidden_link_text'>Compartir en Whatsapp<\/span><\/a><\/li><li class='av-share-link av-social-link-linkedin' ><a target=\"_blank\" aria-label=\"Compartir en LinkedIn\" href='https:\/\/linkedin.com\/shareArticle?mini=true&#038;title=Diputada%20Marcia%20Raphael%20solicita%20auditor%C3%ADa%20de%20Contralor%C3%ADa%20ante%20crisis%20financiera%20del%20MINVU&#038;url=https:\/\/radiorevelacionfm.cl\/?p=59705' aria-hidden='false' data-av_icon='\ue8fc' data-av_iconfont='entypo-fontello' title='' data-avia-related-tooltip='Compartir en LinkedIn' rel=\"noopener\"><span class='avia_hidden_link_text'>Compartir en LinkedIn<\/span><\/a><\/li><li class='av-share-link av-social-link-mail' ><a  aria-label=\"Compartir por correo\" href='mailto:?subject=Diputada%20Marcia%20Raphael%20solicita%20auditor%C3%ADa%20de%20Contralor%C3%ADa%20ante%20crisis%20financiera%20del%20MINVU&#038;body=https:\/\/radiorevelacionfm.cl\/?p=59705' aria-hidden='false' data-av_icon='\ue805' data-av_iconfont='entypo-fontello' title='' data-avia-related-tooltip='Compartir por correo'><span class='avia_hidden_link_text'>Compartir por correo<\/span><\/a><\/li><\/ul><\/div><\/div>\n<div  style='height:50px' class='hr hr-invisible   avia-builder-el-8  el_after_av_social_share  el_before_av_comments_list '><span class='hr-inner ' ><span class='hr-inner-style'><\/span><\/span><\/div>\n<div  class='av-buildercomment  av-blog-meta-html-info-disabled av-blog-meta-tag-disabled  '><\/div>\n","protected":false},"excerpt":{"rendered":"","protected":false},"author":1,"featured_media":59706,"comment_status":"closed","ping_status":"closed","sticky":false,"template":"","format":"standard","meta":{"footnotes":""},"categories":[35],"tags":[],"class_list":["post-59705","post","type-post","status-publish","format-standard","has-post-thumbnail","hentry","category-politica"],"jetpack_featured_media_url":"https:\/\/radiorevelacionfm.cl\/wp-content\/uploads\/2025\/09\/DipRaphael-1-1.jpeg","_links":{"self":[{"href":"https:\/\/radiorevelacionfm.cl\/index.php?rest_route=\/wp\/v2\/posts\/59705","targetHints":{"allow":["GET"]}}],"collection":[{"href":"https:\/\/radiorevelacionfm.cl\/index.php?rest_route=\/wp\/v2\/posts"}],"about":[{"href":"https:\/\/radiorevelacionfm.cl\/index.php?rest_route=\/wp\/v2\/types\/post"}],"author":[{"embeddable":true,"href":"https:\/\/radiorevelacionfm.cl\/index.php?rest_route=\/wp\/v2\/users\/1"}],"replies":[{"embeddable":true,"href":"https:\/\/radiorevelacionfm.cl\/index.php?rest_route=%2Fwp%2Fv2%2Fcomments&post=59705"}],"version-history":[{"count":2,"href":"https:\/\/radiorevelacionfm.cl\/index.php?rest_route=\/wp\/v2\/posts\/59705\/revisions"}],"predecessor-version":[{"id":59728,"href":"https:\/\/radiorevelacionfm.cl\/index.php?rest_route=\/wp\/v2\/posts\/59705\/revisions\/59728"}],"wp:featuredmedia":[{"embeddable":true,"href":"https:\/\/radiorevelacionfm.cl\/index.php?rest_route=\/wp\/v2\/media\/59706"}],"wp:attachment":[{"href":"https:\/\/radiorevelacionfm.cl\/index.php?rest_route=%2Fwp%2Fv2%2Fmedia&parent=59705"}],"wp:term":[{"taxonomy":"category","embeddable":true,"href":"https:\/\/radiorevelacionfm.cl\/index.php?rest_route=%2Fwp%2Fv2%2Fcategories&post=59705"},{"taxonomy":"post_tag","embeddable":true,"href":"https:\/\/radiorevelacionfm.cl\/index.php?rest_route=%2Fwp%2Fv2%2Ftags&post=59705"}],"curies":[{"name":"wp","href":"https:\/\/api.w.org\/{rel}","templated":true}]}}