{"id":59702,"date":"2025-09-30T11:02:26","date_gmt":"2025-09-30T14:02:26","guid":{"rendered":"https:\/\/radiorevelacionfm.cl\/?p=59702"},"modified":"2025-09-30T11:02:26","modified_gmt":"2025-09-30T14:02:26","slug":"municipalidad-de-aysen-organiza-un-octubre-lleno-de-artes-musicales","status":"publish","type":"post","link":"https:\/\/radiorevelacionfm.cl\/?p=59702","title":{"rendered":"Municipalidad de Ays\u00e9n organiza un octubre lleno de artes musicales"},"content":{"rendered":"<div class=\"flex_column av_one_full  flex_column_div av-zero-column-padding first  avia-builder-el-0  el_before_av_one_full  avia-builder-el-first  \" style='border-radius:0px; '><div  class='avia-image-container  av-styling-    avia-builder-el-1  avia-builder-el-no-sibling  avia-align-center '  itemprop=\"image\" itemscope=\"itemscope\" itemtype=\"https:\/\/schema.org\/ImageObject\"  ><div class='avia-image-container-inner'><div class='avia-image-overlay-wrap'><img decoding=\"async\" class='wp-image-59703 avia-img-lazy-loading-not-59703 avia_image' src=\"https:\/\/radiorevelacionfm.cl\/wp-content\/uploads\/2025\/09\/IMG_0628-1-1.jpg\" alt='' title='IMG_0628 (1) (1)' height=\"600\" width=\"900\"  itemprop=\"thumbnailUrl\" srcset=\"https:\/\/radiorevelacionfm.cl\/wp-content\/uploads\/2025\/09\/IMG_0628-1-1.jpg 900w, https:\/\/radiorevelacionfm.cl\/wp-content\/uploads\/2025\/09\/IMG_0628-1-1-300x200.jpg 300w, https:\/\/radiorevelacionfm.cl\/wp-content\/uploads\/2025\/09\/IMG_0628-1-1-768x512.jpg 768w, https:\/\/radiorevelacionfm.cl\/wp-content\/uploads\/2025\/09\/IMG_0628-1-1-705x470.jpg 705w, https:\/\/radiorevelacionfm.cl\/wp-content\/uploads\/2025\/09\/IMG_0628-1-1-450x300.jpg 450w, https:\/\/radiorevelacionfm.cl\/wp-content\/uploads\/2025\/09\/IMG_0628-1-1-600x400.jpg 600w\" sizes=\"(max-width: 900px) 100vw, 900px\" \/><\/div><\/div><\/div><\/div><div class=\"flex_column av_one_full  flex_column_div av-zero-column-padding first  avia-builder-el-2  el_after_av_one_full  el_before_av_one_full  column-top-margin\" style='border-radius:0px; '><section class=\"av_textblock_section \"  itemscope=\"itemscope\" itemtype=\"https:\/\/schema.org\/BlogPosting\" itemprop=\"blogPost\" ><div class='avia_textblock  '   itemprop=\"text\" ><p style=\"text-align: center;\"><strong><span style=\"font-size: 18pt;\">Municipalidad de Ays\u00e9n organiza un octubre lleno de artes musicales<\/span><\/strong><\/p>\n<div id=\"gtx-trans\" style=\"position: absolute; left: -50px; top: 4.31534px;\">\n<div class=\"gtx-trans-icon\"><\/div>\n<\/div>\n<\/div><\/section><\/div><div class=\"flex_column av_one_full  flex_column_div av-zero-column-padding first  avia-builder-el-4  el_after_av_one_full  el_before_av_hr  column-top-margin\" style='border-radius:0px; '><section class=\"av_textblock_section \"  itemscope=\"itemscope\" itemtype=\"https:\/\/schema.org\/BlogPosting\" itemprop=\"blogPost\" ><div class='avia_textblock  '   itemprop=\"text\" ><p style=\"text-align: justify;\"><em>A trav\u00e9s del concepto \u201cBorde Musical\u201d se realizar\u00e1n actividades para promocionar la m\u00fasica de los artistas locales y llevarla a todos los rincones de la comuna, muchas se mostrar\u00e1n de forma in\u00e9dita en varios focos tur\u00edsticos de Ays\u00e9n.<\/em><\/p>\n<p style=\"text-align: justify;\">El mes de octubre para la municipalidad ser\u00e1 de m\u00fasica, es por ello que desde finales de mayo se han estado haciendo reuniones junto a los artistas locales, para encontrar el concepto para unir a todos los artistas musicales de la comuna. De esa manera llega el \u201cBOM\u201d o \u201cBorde Musical\u201d, la cual son una seguidilla de concursos y conciertos que estremecer\u00e1n a la comuna de Ays\u00e9n desde el 1 al 17 de octubre.<\/p>\n<p style=\"text-align: justify;\">La parrilla publicada en redes sociales de la municipalidad de Ays\u00e9n, nos presenta una primera semana intensa junto a la colaboraci\u00f3n de artistas tributos nacionales de Soda Stereo, Luis Miguel, Bon Jovi y Metallica; los cuales se presentar\u00e1n en distintos d\u00edas y lugares de Ays\u00e9n presididos por bandas locales.<\/p>\n<p style=\"text-align: justify;\">Igualmente, este evento tiene las llamadas \u201cPausas Cl\u00e1sicas\u201d, las cuales ser\u00e1n los recitales de orquesta del grupo \u201cTrapananda\u201d, intervenciones de saxof\u00f3n y los conciertos de piano de los maestros Joe Vivace y Juan Monta\u00f1o; finalizando con el concierto de \u201cChile M\u00fasica y Creaci\u00f3n\u201d.<\/p>\n<p style=\"text-align: justify;\">Adem\u00e1s, la municipalidad quiere incentivar a la participaci\u00f3n de los m\u00e1s j\u00f3venes a trav\u00e9s de la creaci\u00f3n de la \u201cBatalla de Bandas\u201d, un interescolar en el cual los estudiantes podr\u00e1n representar a sus establecimientos a trav\u00e9s de la interpretaci\u00f3n con sus bandas y ser vistos por los dem\u00e1s j\u00f3venes de Ays\u00e9n.<\/p>\n<p style=\"text-align: justify;\">Karina Montecinos, Directora de Desarrollo Comunitario, comenta que \u201cuno de los ejes que el alcalde nos ha pedido desarrollar dentro de la direcci\u00f3n, es darle realce al desarrollo art\u00edstico local. Es por eso que este a\u00f1o hemos trabajado fuertemente en el \u00e1rea de cultura, tratando de abarcar todas las \u00e1reas que se encuentran dentro de nuestra comuna. Este a\u00f1o hemos realizado actividades como muestras de arte visuales o un concierto de piano, porque estamos llamados a potenciar la Casa de la Cultura para justamente realizar actividades culturales y abrir este espacio a nuestros artistas locales\u201d.<\/p>\n<p style=\"text-align: justify;\">Este naciente evento tiene como fin, el poder reunir a la comunidad a trav\u00e9s de la m\u00fasica, adem\u00e1s de ser una vitrina para que las personas puedan encontrar a los artistas con los que se pueda identificar, adem\u00e1s de ser un momento de esparcimiento y entretenci\u00f3n para el p\u00fablico en general.<\/p>\n<p style=\"text-align: justify;\">\u201cOtro de los objetivos de estas semanas es darle valor a nuestros espacios tur\u00edsticos como un espacio cultural patrimonial para llevar a cabo en estos espacios como Bah\u00eda, Acantilada, Laguna Los Coipos, Puerto Chacabuco, Ma\u00f1ihuales o Islas Huichas. As\u00ed que solamente decir que disfruten de esta semana, que se informen de las actividades y que nos acompa\u00f1en\u201d, finaliz\u00f3 la directora Karina Montecinos.<\/p>\n<p style=\"text-align: justify;\">Rodrigo Pacheco, representante del Centro de Estudio Patag\u00f3n, los cuales ser\u00e1n partes del interescolar de bandas dice estar \u201ccontento y agradecido de esta instancia organizada por la Municipalidad. Creo que en la regi\u00f3n hay talento y mucho est\u00e1 oculto por parte de los j\u00f3venes, talento que muchas veces requiere de estos espacios o estas instancias para poder aflorar y tambi\u00e9n poderlo presentar a la comunidad aysenina, creo que es una muy buena instancia para que los ellos puedan mostrar esa pasi\u00f3n que tiene\u00bb.<\/p>\n<p style=\"text-align: justify;\">Por \u00faltimo, en caso de que una actividad al aire libre no se pueda realizar por las lluvias t\u00edpicas de la zona, los artistas se presentar\u00e1n en la Casa de la Cultura, mientras que en otras localidades, se realizar\u00e1n en ambientes techados, los cual se avisar\u00e1 oportunamente. Mientras que, para el concierto del Maestro Joe Vivace en Bah\u00eda Acantilada, se preparar\u00e1 una movilizaci\u00f3n de acercamiento para todo el que quiera disfrutar de este recital en este hermoso lugar.<\/p>\n<\/div><\/section><\/div><div  style='height:50px' class='hr hr-invisible   avia-builder-el-6  el_after_av_one_full  el_before_av_social_share '><span class='hr-inner ' ><span class='hr-inner-style'><\/span><\/span><\/div><\/p>\n<div  class='av-social-sharing-box  avia-builder-el-7  el_after_av_hr  el_before_av_hr  '><div class='av-share-box'><h5 class='av-share-link-description av-no-toc '>Compartir esta noticia<\/h5><ul class='av-share-box-list noLightbox'><li class='av-share-link av-social-link-facebook' ><a target=\"_blank\" aria-label=\"Compartir en Facebook\" href='https:\/\/www.facebook.com\/sharer.php?u=https:\/\/radiorevelacionfm.cl\/?p=59702&#038;t=Municipalidad%20de%20Ays%C3%A9n%20organiza%20un%20octubre%20lleno%20de%20artes%20musicales' aria-hidden='false' data-av_icon='\ue8f3' data-av_iconfont='entypo-fontello' title='' data-avia-related-tooltip='Compartir en Facebook' rel=\"noopener\"><span class='avia_hidden_link_text'>Compartir en Facebook<\/span><\/a><\/li><li class='av-share-link av-social-link-twitter' ><a target=\"_blank\" aria-label=\"Compartir en Twitter\" href='https:\/\/twitter.com\/share?text=Municipalidad%20de%20Ays%C3%A9n%20organiza%20un%20octubre%20lleno%20de%20artes%20musicales&#038;url=https:\/\/radiorevelacionfm.cl\/?p=59702' aria-hidden='false' data-av_icon='\ue8f1' data-av_iconfont='entypo-fontello' title='' data-avia-related-tooltip='Compartir en Twitter' rel=\"noopener\"><span class='avia_hidden_link_text'>Compartir en Twitter<\/span><\/a><\/li><li class='av-share-link av-social-link-whatsapp' ><a target=\"_blank\" aria-label=\"Compartir en Whatsapp\" href='https:\/\/api.whatsapp.com\/send?text=https:\/\/radiorevelacionfm.cl\/?p=59702' aria-hidden='false' data-av_icon='\uf232' data-av_iconfont='entypo-fontello' title='' data-avia-related-tooltip='Compartir en Whatsapp' rel=\"noopener\"><span class='avia_hidden_link_text'>Compartir en Whatsapp<\/span><\/a><\/li><li class='av-share-link av-social-link-linkedin' ><a target=\"_blank\" aria-label=\"Compartir en LinkedIn\" href='https:\/\/linkedin.com\/shareArticle?mini=true&#038;title=Municipalidad%20de%20Ays%C3%A9n%20organiza%20un%20octubre%20lleno%20de%20artes%20musicales&#038;url=https:\/\/radiorevelacionfm.cl\/?p=59702' aria-hidden='false' data-av_icon='\ue8fc' data-av_iconfont='entypo-fontello' title='' data-avia-related-tooltip='Compartir en LinkedIn' rel=\"noopener\"><span class='avia_hidden_link_text'>Compartir en LinkedIn<\/span><\/a><\/li><li class='av-share-link av-social-link-mail' ><a  aria-label=\"Compartir por correo\" href='mailto:?subject=Municipalidad%20de%20Ays%C3%A9n%20organiza%20un%20octubre%20lleno%20de%20artes%20musicales&#038;body=https:\/\/radiorevelacionfm.cl\/?p=59702' aria-hidden='false' data-av_icon='\ue805' data-av_iconfont='entypo-fontello' title='' data-avia-related-tooltip='Compartir por correo'><span class='avia_hidden_link_text'>Compartir por correo<\/span><\/a><\/li><\/ul><\/div><\/div>\n<div  style='height:50px' class='hr hr-invisible   avia-builder-el-8  el_after_av_social_share  el_before_av_comments_list '><span class='hr-inner ' ><span class='hr-inner-style'><\/span><\/span><\/div>\n<div  class='av-buildercomment  av-blog-meta-html-info-disabled av-blog-meta-tag-disabled  '><\/div>\n","protected":false},"excerpt":{"rendered":"","protected":false},"author":1,"featured_media":59703,"comment_status":"closed","ping_status":"closed","sticky":false,"template":"","format":"standard","meta":{"footnotes":""},"categories":[38],"tags":[],"class_list":["post-59702","post","type-post","status-publish","format-standard","has-post-thumbnail","hentry","category-regional"],"jetpack_featured_media_url":"https:\/\/radiorevelacionfm.cl\/wp-content\/uploads\/2025\/09\/IMG_0628-1-1.jpg","_links":{"self":[{"href":"https:\/\/radiorevelacionfm.cl\/index.php?rest_route=\/wp\/v2\/posts\/59702","targetHints":{"allow":["GET"]}}],"collection":[{"href":"https:\/\/radiorevelacionfm.cl\/index.php?rest_route=\/wp\/v2\/posts"}],"about":[{"href":"https:\/\/radiorevelacionfm.cl\/index.php?rest_route=\/wp\/v2\/types\/post"}],"author":[{"embeddable":true,"href":"https:\/\/radiorevelacionfm.cl\/index.php?rest_route=\/wp\/v2\/users\/1"}],"replies":[{"embeddable":true,"href":"https:\/\/radiorevelacionfm.cl\/index.php?rest_route=%2Fwp%2Fv2%2Fcomments&post=59702"}],"version-history":[{"count":2,"href":"https:\/\/radiorevelacionfm.cl\/index.php?rest_route=\/wp\/v2\/posts\/59702\/revisions"}],"predecessor-version":[{"id":59722,"href":"https:\/\/radiorevelacionfm.cl\/index.php?rest_route=\/wp\/v2\/posts\/59702\/revisions\/59722"}],"wp:featuredmedia":[{"embeddable":true,"href":"https:\/\/radiorevelacionfm.cl\/index.php?rest_route=\/wp\/v2\/media\/59703"}],"wp:attachment":[{"href":"https:\/\/radiorevelacionfm.cl\/index.php?rest_route=%2Fwp%2Fv2%2Fmedia&parent=59702"}],"wp:term":[{"taxonomy":"category","embeddable":true,"href":"https:\/\/radiorevelacionfm.cl\/index.php?rest_route=%2Fwp%2Fv2%2Fcategories&post=59702"},{"taxonomy":"post_tag","embeddable":true,"href":"https:\/\/radiorevelacionfm.cl\/index.php?rest_route=%2Fwp%2Fv2%2Ftags&post=59702"}],"curies":[{"name":"wp","href":"https:\/\/api.w.org\/{rel}","templated":true}]}}