{"id":59696,"date":"2025-09-30T10:56:18","date_gmt":"2025-09-30T13:56:18","guid":{"rendered":"https:\/\/radiorevelacionfm.cl\/?p=59696"},"modified":"2025-09-30T10:56:18","modified_gmt":"2025-09-30T13:56:18","slug":"autoridades-visitan-terreno-fiscal-donde-se-proyecta-la-construccion-del-primer-centro-de-tratamiento-psiquiatrico-infanto-juvenil-de-la-region","status":"publish","type":"post","link":"https:\/\/radiorevelacionfm.cl\/?p=59696","title":{"rendered":"Autoridades visitan terreno fiscal donde se proyecta la construcci\u00f3n del primer Centro de Tratamiento Psiqui\u00e1trico Infanto Juvenil de la regi\u00f3n"},"content":{"rendered":"<div class=\"flex_column av_one_full  flex_column_div av-zero-column-padding first  avia-builder-el-0  el_before_av_one_full  avia-builder-el-first  \" style='border-radius:0px; '><div  class='avia-image-container  av-styling-    avia-builder-el-1  avia-builder-el-no-sibling  avia-align-center '  itemprop=\"image\" itemscope=\"itemscope\" itemtype=\"https:\/\/schema.org\/ImageObject\"  ><div class='avia-image-container-inner'><div class='avia-image-overlay-wrap'><img decoding=\"async\" class='wp-image-59697 avia-img-lazy-loading-not-59697 avia_image' src=\"https:\/\/radiorevelacionfm.cl\/wp-content\/uploads\/2025\/09\/20250923_192538-1-1.jpg\" alt='' title='20250923_192538 (1) (1)' height=\"600\" width=\"800\"  itemprop=\"thumbnailUrl\" srcset=\"https:\/\/radiorevelacionfm.cl\/wp-content\/uploads\/2025\/09\/20250923_192538-1-1.jpg 800w, https:\/\/radiorevelacionfm.cl\/wp-content\/uploads\/2025\/09\/20250923_192538-1-1-300x225.jpg 300w, https:\/\/radiorevelacionfm.cl\/wp-content\/uploads\/2025\/09\/20250923_192538-1-1-768x576.jpg 768w, https:\/\/radiorevelacionfm.cl\/wp-content\/uploads\/2025\/09\/20250923_192538-1-1-705x529.jpg 705w, https:\/\/radiorevelacionfm.cl\/wp-content\/uploads\/2025\/09\/20250923_192538-1-1-450x338.jpg 450w, https:\/\/radiorevelacionfm.cl\/wp-content\/uploads\/2025\/09\/20250923_192538-1-1-600x450.jpg 600w\" sizes=\"(max-width: 800px) 100vw, 800px\" \/><\/div><\/div><\/div><\/div><div class=\"flex_column av_one_full  flex_column_div av-zero-column-padding first  avia-builder-el-2  el_after_av_one_full  el_before_av_one_full  column-top-margin\" style='border-radius:0px; '><section class=\"av_textblock_section \"  itemscope=\"itemscope\" itemtype=\"https:\/\/schema.org\/BlogPosting\" itemprop=\"blogPost\" ><div class='avia_textblock  '   itemprop=\"text\" ><p style=\"text-align: center;\"><span style=\"font-size: 18pt;\"><strong>Autoridades visitan terreno fiscal donde se proyecta la construcci\u00f3n del primer Centro de Tratamiento Psiqui\u00e1trico Infanto Juvenil de la regi\u00f3n<\/strong><\/span><\/p>\n<div id=\"gtx-trans\" style=\"position: absolute; left: -50px; top: 4.31534px;\">\n<div class=\"gtx-trans-icon\"><\/div>\n<\/div>\n<\/div><\/section><\/div><div class=\"flex_column av_one_full  flex_column_div av-zero-column-padding first  avia-builder-el-4  el_after_av_one_full  el_before_av_hr  column-top-margin\" style='border-radius:0px; '><section class=\"av_textblock_section \"  itemscope=\"itemscope\" itemtype=\"https:\/\/schema.org\/BlogPosting\" itemprop=\"blogPost\" ><div class='avia_textblock  '   itemprop=\"text\" ><p style=\"text-align: justify;\">Tras diferentes gestiones apalancadas desde la direcci\u00f3n regional del Servicio de Protecci\u00f3n Especializada a la Ni\u00f1ez y Adolescencia ante la Seremi de Bienes Nacionales de Ays\u00e9n, Senda y el Servicio de Salud, con miras a proyectar la construcci\u00f3n del primer Centro de Tratamiento Psiqui\u00e1trico Infanto \u2013 Juvenil para la regi\u00f3n, hace unos d\u00edas se consolid\u00f3 la alianza estrat\u00e9gica entre las cuatro instituciones con miras a brindar prestaciones de salud mental en un nuevo dispositivo de atenci\u00f3n exclusiva para ni\u00f1os, ni\u00f1as y adolescentes con o sin consumo problem\u00e1tico de alcohol y drogas, centro que a futuro podr\u00eda contar con atenci\u00f3n ambulatoria y tambi\u00e9n residencial.<\/p>\n<p style=\"text-align: justify;\">Es as\u00ed que, en el marco de la visita del director nacional del Servicio de Protecci\u00f3n Especializada en Ni\u00f1ez y Adolescencia, Claudio Castillo Castillo, la Seremi de Bienes Nacionales de Ays\u00e9n, Irina Morend Valdebenito, present\u00f3 a la autoridad, el recinto fiscal ubicado en el sector alto de la capital regional, donde se proyecta la construcci\u00f3n de la nueva infraestructura. \u201cEstamos muy contentos por estar aportando con terreno para un proyecto s\u00faper relevante para la regi\u00f3n de Ays\u00e9n, para la atenci\u00f3n de ni\u00f1os, ni\u00f1as y adolescentes. Nuestro Ministerio tiene un alto compromiso con la ni\u00f1ez, el resguardo y la protecci\u00f3n. Para nosotros es relevante, porque en definitiva, lo que estamos haciendo es disponer el suelo fiscal para fines p\u00fablicos, sociales y comunitarios, que son prioritarios en nuestra regi\u00f3n de Ays\u00e9n. Nuestro compromiso contin\u00faa con la institucionalidad y con los proyectos que son de alto impacto para nuestra regi\u00f3n\u201d, sostuvo Morend Valdebenito respecto del terreno de 3.798 metros cuadrados de superficie.<\/p>\n<p style=\"text-align: justify;\">Claudio Castillo, reflexion\u00f3 respecto de la importancia de descentralizar estas prestaciones de salud, indicando que este dispositivo permitir\u00e1 que los ni\u00f1os, ni\u00f1as y adolescentes, no pierdan la conexi\u00f3n que tienen con su entorno teniendo que viajar hacia otras regiones, debido a que no existen estos dispositivos en Ays\u00e9n. \u201cEstamos visitando este terreno ac\u00e1 en Coyhaique, donde a futuro, esperamos se transforme en un centro que pueda dar respuesta a necesidades de ni\u00f1os, ni\u00f1as y adolescentes en materia de salud mental y de otras tareas que tenemos que cumplir desde la Protecci\u00f3n Especializada. Esta es una coordinaci\u00f3n con el Ministerio de Bienes Nacionales, con Senda y el Ministerio de Salud, de esta forma trabajamos, porque la ni\u00f1ez y adolescencia, necesitan que los pongamos como prioridad, y que pongamos por delante la coordinaci\u00f3n\u201d, se\u00f1al\u00f3 el director nacional del Servicio de Protecci\u00f3n Especializada a la Ni\u00f1ez y Adolescencia, en su visita a la ciudad capital.<\/p>\n<p style=\"text-align: justify;\">En este recorrido por el inmueble fiscal, tambi\u00e9n se cont\u00f3 con la presencia del director regional de Protecci\u00f3n, Javier Rodr\u00edguez, y del Dr. Rodrigo Verdugo, subdirector de Gesti\u00f3n Asistencial del Servicio de Salud Ays\u00e9n, quien precis\u00f3, \u201ccomo autoridades de Salud, al igual que todos los vecinos de nuestra Patagonia, nuestro Ays\u00e9n, tenemos los mismos sue\u00f1os y deseos. Queremos mejores instalaciones, mejores oportunidades, mejor desarrollo para cada uno de los habitantes de nuestra regi\u00f3n. Por eso estamos ac\u00e1, junto a un equipo multidisciplinario y autoridades, so\u00f1ando con un nuevo edificio, nuevos recursos humanos, para atender a nuestra comunidad de infancia, adolescencia; para que, al igual que todos nosotros, tengan las mismas oportunidades de desarrollo que este pa\u00eds y regi\u00f3n, les pueden ofrecer\u201d.<\/p>\n<p style=\"text-align: justify;\">Finalmente, Victoria Contreras, directora regional del Servicio Nacional para la Prevenci\u00f3n y Rehabilitaci\u00f3n del Consumo de Drogas y Alcohol, Senda, sostuvo \u201c\u2026como Senda estamos en disposici\u00f3n de poder colaborar en dar una respuesta articulada en torno al consumo problem\u00e1tico de sustancias que puedan presentar nuestros ni\u00f1os, ni\u00f1as y adolescentes de la regi\u00f3n, abordando de manera integral el tratamiento. Para ello es clave el trabajo que hacemos en conjunto con distintas instituciones, y de esta forma, avanzamos para poder dar una respuesta en nuestra regi\u00f3n\u201d.<\/p>\n<\/div><\/section><\/div><div  style='height:50px' class='hr hr-invisible   avia-builder-el-6  el_after_av_one_full  el_before_av_social_share '><span class='hr-inner ' ><span class='hr-inner-style'><\/span><\/span><\/div><\/p>\n<div  class='av-social-sharing-box  avia-builder-el-7  el_after_av_hr  el_before_av_hr  '><div class='av-share-box'><h5 class='av-share-link-description av-no-toc '>Compartir esta noticia<\/h5><ul class='av-share-box-list noLightbox'><li class='av-share-link av-social-link-facebook' ><a target=\"_blank\" aria-label=\"Compartir en Facebook\" href='https:\/\/www.facebook.com\/sharer.php?u=https:\/\/radiorevelacionfm.cl\/?p=59696&#038;t=Autoridades%20visitan%20terreno%20fiscal%20donde%20se%20proyecta%20la%20construcci%C3%B3n%20del%20primer%20Centro%20de%20Tratamiento%20Psiqui%C3%A1trico%20Infanto%20Juvenil%20de%20la%20regi%C3%B3n' aria-hidden='false' data-av_icon='\ue8f3' data-av_iconfont='entypo-fontello' title='' data-avia-related-tooltip='Compartir en Facebook' rel=\"noopener\"><span class='avia_hidden_link_text'>Compartir en Facebook<\/span><\/a><\/li><li class='av-share-link av-social-link-twitter' ><a target=\"_blank\" aria-label=\"Compartir en Twitter\" href='https:\/\/twitter.com\/share?text=Autoridades%20visitan%20terreno%20fiscal%20donde%20se%20proyecta%20la%20construcci%C3%B3n%20del%20primer%20Centro%20de%20Tratamiento%20Psiqui%C3%A1trico%20Infanto%20Juvenil%20de%20la%20regi%C3%B3n&#038;url=https:\/\/radiorevelacionfm.cl\/?p=59696' aria-hidden='false' data-av_icon='\ue8f1' data-av_iconfont='entypo-fontello' title='' data-avia-related-tooltip='Compartir en Twitter' rel=\"noopener\"><span class='avia_hidden_link_text'>Compartir en Twitter<\/span><\/a><\/li><li class='av-share-link av-social-link-whatsapp' ><a target=\"_blank\" aria-label=\"Compartir en Whatsapp\" href='https:\/\/api.whatsapp.com\/send?text=https:\/\/radiorevelacionfm.cl\/?p=59696' aria-hidden='false' data-av_icon='\uf232' data-av_iconfont='entypo-fontello' title='' data-avia-related-tooltip='Compartir en Whatsapp' rel=\"noopener\"><span class='avia_hidden_link_text'>Compartir en Whatsapp<\/span><\/a><\/li><li class='av-share-link av-social-link-linkedin' ><a target=\"_blank\" aria-label=\"Compartir en LinkedIn\" href='https:\/\/linkedin.com\/shareArticle?mini=true&#038;title=Autoridades%20visitan%20terreno%20fiscal%20donde%20se%20proyecta%20la%20construcci%C3%B3n%20del%20primer%20Centro%20de%20Tratamiento%20Psiqui%C3%A1trico%20Infanto%20Juvenil%20de%20la%20regi%C3%B3n&#038;url=https:\/\/radiorevelacionfm.cl\/?p=59696' aria-hidden='false' data-av_icon='\ue8fc' data-av_iconfont='entypo-fontello' title='' data-avia-related-tooltip='Compartir en LinkedIn' rel=\"noopener\"><span class='avia_hidden_link_text'>Compartir en LinkedIn<\/span><\/a><\/li><li class='av-share-link av-social-link-mail' ><a  aria-label=\"Compartir por correo\" href='mailto:?subject=Autoridades%20visitan%20terreno%20fiscal%20donde%20se%20proyecta%20la%20construcci%C3%B3n%20del%20primer%20Centro%20de%20Tratamiento%20Psiqui%C3%A1trico%20Infanto%20Juvenil%20de%20la%20regi%C3%B3n&#038;body=https:\/\/radiorevelacionfm.cl\/?p=59696' aria-hidden='false' data-av_icon='\ue805' data-av_iconfont='entypo-fontello' title='' data-avia-related-tooltip='Compartir por correo'><span class='avia_hidden_link_text'>Compartir por correo<\/span><\/a><\/li><\/ul><\/div><\/div>\n<div  style='height:50px' class='hr hr-invisible   avia-builder-el-8  el_after_av_social_share  el_before_av_comments_list '><span class='hr-inner ' ><span class='hr-inner-style'><\/span><\/span><\/div>\n<div  class='av-buildercomment  av-blog-meta-html-info-disabled av-blog-meta-tag-disabled  '><\/div>\n","protected":false},"excerpt":{"rendered":"","protected":false},"author":1,"featured_media":59697,"comment_status":"closed","ping_status":"closed","sticky":false,"template":"","format":"standard","meta":{"footnotes":""},"categories":[38],"tags":[],"class_list":["post-59696","post","type-post","status-publish","format-standard","has-post-thumbnail","hentry","category-regional"],"jetpack_featured_media_url":"https:\/\/radiorevelacionfm.cl\/wp-content\/uploads\/2025\/09\/20250923_192538-1-1.jpg","_links":{"self":[{"href":"https:\/\/radiorevelacionfm.cl\/index.php?rest_route=\/wp\/v2\/posts\/59696","targetHints":{"allow":["GET"]}}],"collection":[{"href":"https:\/\/radiorevelacionfm.cl\/index.php?rest_route=\/wp\/v2\/posts"}],"about":[{"href":"https:\/\/radiorevelacionfm.cl\/index.php?rest_route=\/wp\/v2\/types\/post"}],"author":[{"embeddable":true,"href":"https:\/\/radiorevelacionfm.cl\/index.php?rest_route=\/wp\/v2\/users\/1"}],"replies":[{"embeddable":true,"href":"https:\/\/radiorevelacionfm.cl\/index.php?rest_route=%2Fwp%2Fv2%2Fcomments&post=59696"}],"version-history":[{"count":2,"href":"https:\/\/radiorevelacionfm.cl\/index.php?rest_route=\/wp\/v2\/posts\/59696\/revisions"}],"predecessor-version":[{"id":59721,"href":"https:\/\/radiorevelacionfm.cl\/index.php?rest_route=\/wp\/v2\/posts\/59696\/revisions\/59721"}],"wp:featuredmedia":[{"embeddable":true,"href":"https:\/\/radiorevelacionfm.cl\/index.php?rest_route=\/wp\/v2\/media\/59697"}],"wp:attachment":[{"href":"https:\/\/radiorevelacionfm.cl\/index.php?rest_route=%2Fwp%2Fv2%2Fmedia&parent=59696"}],"wp:term":[{"taxonomy":"category","embeddable":true,"href":"https:\/\/radiorevelacionfm.cl\/index.php?rest_route=%2Fwp%2Fv2%2Fcategories&post=59696"},{"taxonomy":"post_tag","embeddable":true,"href":"https:\/\/radiorevelacionfm.cl\/index.php?rest_route=%2Fwp%2Fv2%2Ftags&post=59696"}],"curies":[{"name":"wp","href":"https:\/\/api.w.org\/{rel}","templated":true}]}}