{"id":59684,"date":"2025-09-29T18:16:32","date_gmt":"2025-09-29T21:16:32","guid":{"rendered":"https:\/\/radiorevelacionfm.cl\/?p=59684"},"modified":"2025-09-29T18:16:32","modified_gmt":"2025-09-29T21:16:32","slug":"gobierno-regional-da-el-vamos-a-proyecto-de-adquisicion-de-equipamiento-especializado-para-la-pdi-aysen","status":"publish","type":"post","link":"https:\/\/radiorevelacionfm.cl\/?p=59684","title":{"rendered":"Gobierno Regional da el vamos a proyecto de adquisici\u00f3n de equipamiento especializado para la PDI Ays\u00e9n"},"content":{"rendered":"<div class=\"flex_column av_one_full  flex_column_div av-zero-column-padding first  avia-builder-el-0  el_before_av_one_full  avia-builder-el-first  \" style='border-radius:0px; '><div  class='avia-image-container  av-styling-    avia-builder-el-1  avia-builder-el-no-sibling  avia-align-center '  itemprop=\"image\" itemscope=\"itemscope\" itemtype=\"https:\/\/schema.org\/ImageObject\"  ><div class='avia-image-container-inner'><div class='avia-image-overlay-wrap'><img decoding=\"async\" class='wp-image-59685 avia-img-lazy-loading-not-59685 avia_image' src=\"https:\/\/radiorevelacionfm.cl\/wp-content\/uploads\/2025\/09\/WhatsApp-Image-2025-09-26-at-2.26.05-PM-1-1.jpeg\" alt='' title='WhatsApp Image 2025-09-26 at 2.26.05 PM (1) (1)' height=\"600\" width=\"800\"  itemprop=\"thumbnailUrl\" srcset=\"https:\/\/radiorevelacionfm.cl\/wp-content\/uploads\/2025\/09\/WhatsApp-Image-2025-09-26-at-2.26.05-PM-1-1.jpeg 800w, https:\/\/radiorevelacionfm.cl\/wp-content\/uploads\/2025\/09\/WhatsApp-Image-2025-09-26-at-2.26.05-PM-1-1-300x225.jpeg 300w, https:\/\/radiorevelacionfm.cl\/wp-content\/uploads\/2025\/09\/WhatsApp-Image-2025-09-26-at-2.26.05-PM-1-1-768x576.jpeg 768w, https:\/\/radiorevelacionfm.cl\/wp-content\/uploads\/2025\/09\/WhatsApp-Image-2025-09-26-at-2.26.05-PM-1-1-705x529.jpeg 705w, https:\/\/radiorevelacionfm.cl\/wp-content\/uploads\/2025\/09\/WhatsApp-Image-2025-09-26-at-2.26.05-PM-1-1-450x338.jpeg 450w, https:\/\/radiorevelacionfm.cl\/wp-content\/uploads\/2025\/09\/WhatsApp-Image-2025-09-26-at-2.26.05-PM-1-1-600x450.jpeg 600w\" sizes=\"(max-width: 800px) 100vw, 800px\" \/><\/div><\/div><\/div><\/div><div class=\"flex_column av_one_full  flex_column_div av-zero-column-padding first  avia-builder-el-2  el_after_av_one_full  el_before_av_one_full  column-top-margin\" style='border-radius:0px; '><section class=\"av_textblock_section \"  itemscope=\"itemscope\" itemtype=\"https:\/\/schema.org\/BlogPosting\" itemprop=\"blogPost\" ><div class='avia_textblock  '   itemprop=\"text\" ><p style=\"text-align: center;\"><span style=\"font-size: 18pt;\"><strong>Gobierno Regional da el vamos a proyecto de adquisici\u00f3n de equipamiento especializado para la PDI Ays\u00e9n<\/strong><\/span><\/p>\n<div id=\"gtx-trans\" style=\"position: absolute; left: -50px; top: 4.31534px;\">\n<div class=\"gtx-trans-icon\"><\/div>\n<\/div>\n<\/div><\/section><\/div><div class=\"flex_column av_one_full  flex_column_div av-zero-column-padding first  avia-builder-el-4  el_after_av_one_full  el_before_av_hr  column-top-margin\" style='border-radius:0px; '><section class=\"av_textblock_section \"  itemscope=\"itemscope\" itemtype=\"https:\/\/schema.org\/BlogPosting\" itemprop=\"blogPost\" ><div class='avia_textblock  '   itemprop=\"text\" ><p style=\"text-align: justify;\">Durante la sesi\u00f3n plenaria del viernes 26 de septiembre, el Gobierno Regional de Ays\u00e9n y su Consejo anunciaron los recursos destinados al proyecto \u201cAdquisici\u00f3n de veh\u00edculo especializado y equipamiento pericial\u201d de la Regi\u00f3n Policial de Ays\u00e9n. La iniciativa, considera una inversi\u00f3n de m\u00e1s de 280 millones de pesos, financiamiento que permitir\u00e1 fortalecer y modernizar las capacidades operativas y periciales de la Polic\u00eda de Investigaciones de Chile en la regi\u00f3n.<\/p>\n<p style=\"text-align: justify;\">Al respecto, el jefe de la Regi\u00f3n Policial de Ays\u00e9n, prefecto inspector Javier Valenzuela Riquelme, se\u00f1al\u00f3 que \u201ccomo Polic\u00eda de Investigaciones estamos muy contentos porque desde el primer momento, cuando presentamos esta iniciativa al Gobierno Regional, tuvimos una muy buena acogida. Y eso se concreta el d\u00eda de hoy con la aprobaci\u00f3n de este proyecto que, en definitiva, va a venir a apoyar la labor que esta polic\u00eda realiza y que, en consecuencia, tambi\u00e9n va a resultar en un mayor servicio a la comunidad\u201d.<\/p>\n<p style=\"text-align: justify;\">Se trata de la adquisici\u00f3n de un veh\u00edculo especialmente adaptado para transportar a los canes detectores de drogas junto a sus gu\u00edas caninos, lo que permitir\u00e1 mejorar sustancialmente las condiciones de traslado de los ejemplares caninos, garantizando su bienestar y seguridad, as\u00ed como tambi\u00e9n la incorporaci\u00f3n de tecnolog\u00eda de escaneo 3D para la documentaci\u00f3n forense, optimizando la detecci\u00f3n de drogas y la recopilaci\u00f3n de pruebas para el combate al narcotr\u00e1fico y la investigaci\u00f3n de delitos de diversa \u00edndole.<\/p>\n<p style=\"text-align: justify;\">\u201cPara nadie es un misterio que hoy d\u00eda, y las cifras as\u00ed lo avalan, el tr\u00e1fico de drogas es la principal amenaza criminal que tenemos en la regi\u00f3n, en el pa\u00eds y en el mundo entero. Y eso nos mueve a prestar un mejor servicio, obviamente, de la mano con el trabajo investigativo y anal\u00edtico, donde la fiscalizaci\u00f3n en lugares cr\u00edticos, previamente determinados, que pueden ser visibles o un poco m\u00e1s invisibles, ll\u00e1mese aeropuertos, rutas, controles fronterizos o lugares previamente determinados, es fundamental\u201d, sostuvo la m\u00e1xima autoridad de la polic\u00eda civil en la Regi\u00f3n de Ays\u00e9n.<\/p>\n<p style=\"text-align: justify;\">Sobre el esc\u00e1ner 3D, el prefecto inspector Valenzuela indic\u00f3 que \u201ces un elemento t\u00e9cnico 100% de trabajo criminal\u00edstico, que nos va a permitir desarrollar labores en los sitios de suceso como fijar en tiempo real cada lugar de ocurrencia de un hecho de importancia y poder ver qu\u00e9 elementos de inter\u00e9s criminal hay en el mismo. Y eso nos va a permitir la permanencia en el tiempo de todo este sitio de suceso para revisarlo en detalle una y otra vez, incluso cuando ya pasen meses e incluso a\u00f1os\u201d.<\/p>\n<p style=\"text-align: justify;\">Ambos equipamientos especializados fortalecer\u00e1n el proceso investigativo y de an\u00e1lisis criminal, entregando evidencias a disposici\u00f3n del Ministerio P\u00fablico para robustecer las hip\u00f3tesis investigativas, ayudando a establecer la verdad respecto a un hecho investigado.<\/p>\n<p style=\"text-align: justify;\">Por parte del Gobierno Regional de Ays\u00e9n, el administrador regional N\u00e9stor Mera Mu\u00f1oz, resalt\u00f3 que \u201ccomo Gobierno Regional estamos muy contentos, porque hemos logrado una sinton\u00eda de trabajo muy importante con nuestras polic\u00edas, hoy d\u00eda con la Polic\u00eda de Investigaciones, donde se han aprobado por parte del Consejo Regional estos recursos\u201d, agregando que \u201cnosotros entendemos la seguridad como algo prioritario para la Regi\u00f3n de Ays\u00e9n y es por eso que hemos hecho los esfuerzos de ordenamiento en nuestro presupuesto financiero para poder apoyar diferentes iniciativas\u201d.<\/p>\n<p style=\"text-align: justify;\">Finalmente, N\u00e9stor Mera indic\u00f3 que \u201choy d\u00eda estamos convencidos, a trav\u00e9s de las reuniones que hemos tenido con organizaciones vecinales, con alcaldes, que la seguridad es parte importante de los requerimientos de la regi\u00f3n de Ays\u00e9n. Y por eso hoy d\u00eda aportamos con los recursos para estos proyectos que esperamos en el breve plazo sean una realidad en la Regi\u00f3n de Ays\u00e9n\u201d.<\/p>\n<\/div><\/section><\/div><div  style='height:50px' class='hr hr-invisible   avia-builder-el-6  el_after_av_one_full  el_before_av_social_share '><span class='hr-inner ' ><span class='hr-inner-style'><\/span><\/span><\/div><\/p>\n<div  class='av-social-sharing-box  avia-builder-el-7  el_after_av_hr  el_before_av_hr  '><div class='av-share-box'><h5 class='av-share-link-description av-no-toc '>Compartir esta noticia<\/h5><ul class='av-share-box-list noLightbox'><li class='av-share-link av-social-link-facebook' ><a target=\"_blank\" aria-label=\"Compartir en Facebook\" href='https:\/\/www.facebook.com\/sharer.php?u=https:\/\/radiorevelacionfm.cl\/?p=59684&#038;t=Gobierno%20Regional%20da%20el%20vamos%20a%20proyecto%20de%20adquisici%C3%B3n%20de%20equipamiento%20especializado%20para%20la%20PDI%20Ays%C3%A9n' aria-hidden='false' data-av_icon='\ue8f3' data-av_iconfont='entypo-fontello' title='' data-avia-related-tooltip='Compartir en Facebook' rel=\"noopener\"><span class='avia_hidden_link_text'>Compartir en Facebook<\/span><\/a><\/li><li class='av-share-link av-social-link-twitter' ><a target=\"_blank\" aria-label=\"Compartir en Twitter\" href='https:\/\/twitter.com\/share?text=Gobierno%20Regional%20da%20el%20vamos%20a%20proyecto%20de%20adquisici%C3%B3n%20de%20equipamiento%20especializado%20para%20la%20PDI%20Ays%C3%A9n&#038;url=https:\/\/radiorevelacionfm.cl\/?p=59684' aria-hidden='false' data-av_icon='\ue8f1' data-av_iconfont='entypo-fontello' title='' data-avia-related-tooltip='Compartir en Twitter' rel=\"noopener\"><span class='avia_hidden_link_text'>Compartir en Twitter<\/span><\/a><\/li><li class='av-share-link av-social-link-whatsapp' ><a target=\"_blank\" aria-label=\"Compartir en Whatsapp\" href='https:\/\/api.whatsapp.com\/send?text=https:\/\/radiorevelacionfm.cl\/?p=59684' aria-hidden='false' data-av_icon='\uf232' data-av_iconfont='entypo-fontello' title='' data-avia-related-tooltip='Compartir en Whatsapp' rel=\"noopener\"><span class='avia_hidden_link_text'>Compartir en Whatsapp<\/span><\/a><\/li><li class='av-share-link av-social-link-linkedin' ><a target=\"_blank\" aria-label=\"Compartir en LinkedIn\" href='https:\/\/linkedin.com\/shareArticle?mini=true&#038;title=Gobierno%20Regional%20da%20el%20vamos%20a%20proyecto%20de%20adquisici%C3%B3n%20de%20equipamiento%20especializado%20para%20la%20PDI%20Ays%C3%A9n&#038;url=https:\/\/radiorevelacionfm.cl\/?p=59684' aria-hidden='false' data-av_icon='\ue8fc' data-av_iconfont='entypo-fontello' title='' data-avia-related-tooltip='Compartir en LinkedIn' rel=\"noopener\"><span class='avia_hidden_link_text'>Compartir en LinkedIn<\/span><\/a><\/li><li class='av-share-link av-social-link-mail' ><a  aria-label=\"Compartir por correo\" href='mailto:?subject=Gobierno%20Regional%20da%20el%20vamos%20a%20proyecto%20de%20adquisici%C3%B3n%20de%20equipamiento%20especializado%20para%20la%20PDI%20Ays%C3%A9n&#038;body=https:\/\/radiorevelacionfm.cl\/?p=59684' aria-hidden='false' data-av_icon='\ue805' data-av_iconfont='entypo-fontello' title='' data-avia-related-tooltip='Compartir por correo'><span class='avia_hidden_link_text'>Compartir por correo<\/span><\/a><\/li><\/ul><\/div><\/div>\n<div  style='height:50px' class='hr hr-invisible   avia-builder-el-8  el_after_av_social_share  el_before_av_comments_list '><span class='hr-inner ' ><span class='hr-inner-style'><\/span><\/span><\/div>\n<div  class='av-buildercomment  av-blog-meta-html-info-disabled av-blog-meta-tag-disabled  '><\/div>\n","protected":false},"excerpt":{"rendered":"","protected":false},"author":1,"featured_media":59685,"comment_status":"closed","ping_status":"closed","sticky":false,"template":"","format":"standard","meta":{"footnotes":""},"categories":[36],"tags":[],"class_list":["post-59684","post","type-post","status-publish","format-standard","has-post-thumbnail","hentry","category-policial"],"jetpack_featured_media_url":"https:\/\/radiorevelacionfm.cl\/wp-content\/uploads\/2025\/09\/WhatsApp-Image-2025-09-26-at-2.26.05-PM-1-1.jpeg","_links":{"self":[{"href":"https:\/\/radiorevelacionfm.cl\/index.php?rest_route=\/wp\/v2\/posts\/59684","targetHints":{"allow":["GET"]}}],"collection":[{"href":"https:\/\/radiorevelacionfm.cl\/index.php?rest_route=\/wp\/v2\/posts"}],"about":[{"href":"https:\/\/radiorevelacionfm.cl\/index.php?rest_route=\/wp\/v2\/types\/post"}],"author":[{"embeddable":true,"href":"https:\/\/radiorevelacionfm.cl\/index.php?rest_route=\/wp\/v2\/users\/1"}],"replies":[{"embeddable":true,"href":"https:\/\/radiorevelacionfm.cl\/index.php?rest_route=%2Fwp%2Fv2%2Fcomments&post=59684"}],"version-history":[{"count":2,"href":"https:\/\/radiorevelacionfm.cl\/index.php?rest_route=\/wp\/v2\/posts\/59684\/revisions"}],"predecessor-version":[{"id":59701,"href":"https:\/\/radiorevelacionfm.cl\/index.php?rest_route=\/wp\/v2\/posts\/59684\/revisions\/59701"}],"wp:featuredmedia":[{"embeddable":true,"href":"https:\/\/radiorevelacionfm.cl\/index.php?rest_route=\/wp\/v2\/media\/59685"}],"wp:attachment":[{"href":"https:\/\/radiorevelacionfm.cl\/index.php?rest_route=%2Fwp%2Fv2%2Fmedia&parent=59684"}],"wp:term":[{"taxonomy":"category","embeddable":true,"href":"https:\/\/radiorevelacionfm.cl\/index.php?rest_route=%2Fwp%2Fv2%2Fcategories&post=59684"},{"taxonomy":"post_tag","embeddable":true,"href":"https:\/\/radiorevelacionfm.cl\/index.php?rest_route=%2Fwp%2Fv2%2Ftags&post=59684"}],"curies":[{"name":"wp","href":"https:\/\/api.w.org\/{rel}","templated":true}]}}