{"id":5968,"date":"2021-07-06T10:36:43","date_gmt":"2021-07-06T13:36:43","guid":{"rendered":"https:\/\/radiorevelacionfm.cl\/?p=5968"},"modified":"2021-07-06T10:36:43","modified_gmt":"2021-07-06T13:36:43","slug":"sandoval-y-avance-a-transicion-potente-senal-respecto-de-la-responsabilidad-con-que-la-region-ha-tomado-las-medidas-sanitarias","status":"publish","type":"post","link":"https:\/\/radiorevelacionfm.cl\/?p=5968","title":{"rendered":"Sandoval y avance a Transici\u00f3n: \u201cPotente se\u00f1al respecto de la responsabilidad con que la regi\u00f3n ha tomado las medidas sanitarias\u201d"},"content":{"rendered":"<div class=\"flex_column av_one_full  flex_column_div av-zero-column-padding first  avia-builder-el-0  el_before_av_one_full  avia-builder-el-first  \" style='border-radius:0px; '><div  class='avia-image-container  av-styling-    avia-builder-el-1  avia-builder-el-no-sibling  avia-align-center '  itemprop=\"image\" itemscope=\"itemscope\" itemtype=\"https:\/\/schema.org\/ImageObject\"  ><div class='avia-image-container-inner'><div class='avia-image-overlay-wrap'><img decoding=\"async\" class='wp-image-5969 avia-img-lazy-loading-not-5969 avia_image' src=\"https:\/\/radiorevelacionfm.cl\/wp-content\/uploads\/2021\/07\/Senador-David-Sandoval-1-1.jpg\" alt='' title='Senador David Sandoval (1) (1)' height=\"600\" width=\"900\"  itemprop=\"thumbnailUrl\" srcset=\"https:\/\/radiorevelacionfm.cl\/wp-content\/uploads\/2021\/07\/Senador-David-Sandoval-1-1.jpg 900w, https:\/\/radiorevelacionfm.cl\/wp-content\/uploads\/2021\/07\/Senador-David-Sandoval-1-1-300x200.jpg 300w, https:\/\/radiorevelacionfm.cl\/wp-content\/uploads\/2021\/07\/Senador-David-Sandoval-1-1-768x512.jpg 768w, https:\/\/radiorevelacionfm.cl\/wp-content\/uploads\/2021\/07\/Senador-David-Sandoval-1-1-705x470.jpg 705w, https:\/\/radiorevelacionfm.cl\/wp-content\/uploads\/2021\/07\/Senador-David-Sandoval-1-1-600x400.jpg 600w\" sizes=\"(max-width: 900px) 100vw, 900px\" \/><\/div><\/div><\/div><\/div><div class=\"flex_column av_one_full  flex_column_div av-zero-column-padding first  avia-builder-el-2  el_after_av_one_full  el_before_av_one_full  column-top-margin\" style='border-radius:0px; '><section class=\"av_textblock_section \"  itemscope=\"itemscope\" itemtype=\"https:\/\/schema.org\/BlogPosting\" itemprop=\"blogPost\" ><div class='avia_textblock  '   itemprop=\"text\" ><p style=\"text-align: center;\"><strong><span style=\"font-size: 18pt;\">Sandoval y avance a Transici\u00f3n: \u201cPotente se\u00f1al respecto de la responsabilidad con que la regi\u00f3n ha tomado las medidas sanitarias\u201d<\/span><\/strong><\/p>\n<div id=\"gtx-trans\" style=\"position: absolute; left: -50px; top: 4.31534px;\">\n<div class=\"gtx-trans-icon\"><\/div>\n<\/div>\n<\/div><\/section><\/div><div class=\"flex_column av_one_full  flex_column_div av-zero-column-padding first  avia-builder-el-4  el_after_av_one_full  el_before_av_hr  column-top-margin\" style='border-radius:0px; '><section class=\"av_textblock_section \"  itemscope=\"itemscope\" itemtype=\"https:\/\/schema.org\/BlogPosting\" itemprop=\"blogPost\" ><div class='avia_textblock  '   itemprop=\"text\" ><p style=\"text-align: justify;\">\u201cUna potente se\u00f1al respecto de la responsabilidad con que la regi\u00f3n ha tomado las medidas sanitarias\u201d. As\u00ed lo se\u00f1al\u00f3 el senador David Sandoval, luego de que esta ma\u00f1ana el ministerio de Salud (Minsal) anunciara que las comunas de Coyhaique, Ays\u00e9n y Cisnes, avanzan a la fase 2 de Transici\u00f3n del plan Paso a Paso.<\/p>\n<p style=\"text-align: justify;\">Durante en los \u00faltimos d\u00edas, el parlamentario hab\u00eda planteado la necesidad de modificar las medidas de confinamiento en las principales comunas de la regi\u00f3n, considerando que Coyhaique ya llevaba siete semanas en fase 1, se hab\u00eda experimentado una fuerte baja en contagios, un alto porcentaje de la poblaci\u00f3n vacunada y una baja ocupaci\u00f3n de camas cr\u00edticas, por lo cual valor\u00f3 la decisi\u00f3n informada este lunes.<\/p>\n<p style=\"text-align: justify;\">En ese sentido, Sandoval junto con reiterar que \u00e9sta era una medida adecuada, indic\u00f3 que ahora es fundamental la corresponsabilidad de la propia comunidad en relaci\u00f3n a mantener los mismos resguardos y cuidados frente a la pandemia. \u201cY evitar con ello seguir encerrados, en cuarentena, seguir impidiendo que la gente desarrolle sus labores m\u00e1s habituales en materia de comercio, actividades econ\u00f3micas y sociales. La gente necesita recuperar m\u00e1rgenes de su libertad\u201d, subray\u00f3.<\/p>\n<p style=\"text-align: justify;\">\u201cPrimero est\u00e1 la salud de la gente y eso ahora es una tarea que debemos asumir todos\u201d, se\u00f1al\u00f3 respecto de los desaf\u00edos que vienen ahora por delante.<\/p>\n<p style=\"text-align: justify;\">Finalmente, el legislador dijo no tener dudas en que la poblaci\u00f3n regional asumir\u00e1 su corresponsabilidad en este tema. \u201cMe alegro de todas maneras y un saludo muy especial para todos quienes han puesto fuerte presi\u00f3n para que el Gobierno, cambie los criterios en relaci\u00f3n a esto\u201d, concluy\u00f3.<\/p>\n<\/div><\/section><\/div><div  style='height:50px' class='hr hr-invisible   avia-builder-el-6  el_after_av_one_full  el_before_av_social_share '><span class='hr-inner ' ><span class='hr-inner-style'><\/span><\/span><\/div><\/p>\n<div  class='av-social-sharing-box  avia-builder-el-7  el_after_av_hr  el_before_av_hr  '><div class='av-share-box'><h5 class='av-share-link-description av-no-toc '>Compartir esta noticia<\/h5><ul class='av-share-box-list noLightbox'><li class='av-share-link av-social-link-facebook' ><a target=\"_blank\" aria-label=\"Compartir en Facebook\" href='https:\/\/www.facebook.com\/sharer.php?u=https:\/\/radiorevelacionfm.cl\/?p=5968&#038;t=Sandoval%20y%20avance%20a%20Transici%C3%B3n%3A%20%E2%80%9CPotente%20se%C3%B1al%20respecto%20de%20la%20responsabilidad%20con%20que%20la%20regi%C3%B3n%20ha%20tomado%20las%20medidas%20sanitarias%E2%80%9D' aria-hidden='false' data-av_icon='\ue8f3' data-av_iconfont='entypo-fontello' title='' data-avia-related-tooltip='Compartir en Facebook' rel=\"noopener\"><span class='avia_hidden_link_text'>Compartir en Facebook<\/span><\/a><\/li><li class='av-share-link av-social-link-twitter' ><a target=\"_blank\" aria-label=\"Compartir en Twitter\" href='https:\/\/twitter.com\/share?text=Sandoval%20y%20avance%20a%20Transici%C3%B3n%3A%20%E2%80%9CPotente%20se%C3%B1al%20respecto%20de%20la%20responsabilidad%20con%20que%20la%20regi%C3%B3n%20ha%20tomado%20las%20medidas%20sanitarias%E2%80%9D&#038;url=https:\/\/radiorevelacionfm.cl\/?p=5968' aria-hidden='false' data-av_icon='\ue8f1' data-av_iconfont='entypo-fontello' title='' data-avia-related-tooltip='Compartir en Twitter' rel=\"noopener\"><span class='avia_hidden_link_text'>Compartir en Twitter<\/span><\/a><\/li><li class='av-share-link av-social-link-whatsapp' ><a target=\"_blank\" aria-label=\"Compartir en Whatsapp\" href='https:\/\/api.whatsapp.com\/send?text=https:\/\/radiorevelacionfm.cl\/?p=5968' aria-hidden='false' data-av_icon='\uf232' data-av_iconfont='entypo-fontello' title='' data-avia-related-tooltip='Compartir en Whatsapp' rel=\"noopener\"><span class='avia_hidden_link_text'>Compartir en Whatsapp<\/span><\/a><\/li><li class='av-share-link av-social-link-linkedin' ><a target=\"_blank\" aria-label=\"Compartir en LinkedIn\" href='https:\/\/linkedin.com\/shareArticle?mini=true&#038;title=Sandoval%20y%20avance%20a%20Transici%C3%B3n%3A%20%E2%80%9CPotente%20se%C3%B1al%20respecto%20de%20la%20responsabilidad%20con%20que%20la%20regi%C3%B3n%20ha%20tomado%20las%20medidas%20sanitarias%E2%80%9D&#038;url=https:\/\/radiorevelacionfm.cl\/?p=5968' aria-hidden='false' data-av_icon='\ue8fc' data-av_iconfont='entypo-fontello' title='' data-avia-related-tooltip='Compartir en LinkedIn' rel=\"noopener\"><span class='avia_hidden_link_text'>Compartir en LinkedIn<\/span><\/a><\/li><li class='av-share-link av-social-link-mail' ><a  aria-label=\"Compartir por correo\" href='mailto:?subject=Sandoval%20y%20avance%20a%20Transici%C3%B3n%3A%20%E2%80%9CPotente%20se%C3%B1al%20respecto%20de%20la%20responsabilidad%20con%20que%20la%20regi%C3%B3n%20ha%20tomado%20las%20medidas%20sanitarias%E2%80%9D&#038;body=https:\/\/radiorevelacionfm.cl\/?p=5968' aria-hidden='false' data-av_icon='\ue805' data-av_iconfont='entypo-fontello' title='' data-avia-related-tooltip='Compartir por correo'><span class='avia_hidden_link_text'>Compartir por correo<\/span><\/a><\/li><\/ul><\/div><\/div>\n<div  style='height:50px' class='hr hr-invisible   avia-builder-el-8  el_after_av_social_share  el_before_av_comments_list '><span class='hr-inner ' ><span class='hr-inner-style'><\/span><\/span><\/div>\n<div  class='av-buildercomment  av-blog-meta-html-info-disabled av-blog-meta-tag-disabled  '><\/div>\n","protected":false},"excerpt":{"rendered":"","protected":false},"author":1,"featured_media":5969,"comment_status":"open","ping_status":"open","sticky":false,"template":"","format":"standard","meta":{"footnotes":""},"categories":[35],"tags":[],"class_list":["post-5968","post","type-post","status-publish","format-standard","has-post-thumbnail","hentry","category-politica"],"jetpack_featured_media_url":"https:\/\/radiorevelacionfm.cl\/wp-content\/uploads\/2021\/07\/Senador-David-Sandoval-1-1.jpg","_links":{"self":[{"href":"https:\/\/radiorevelacionfm.cl\/index.php?rest_route=\/wp\/v2\/posts\/5968","targetHints":{"allow":["GET"]}}],"collection":[{"href":"https:\/\/radiorevelacionfm.cl\/index.php?rest_route=\/wp\/v2\/posts"}],"about":[{"href":"https:\/\/radiorevelacionfm.cl\/index.php?rest_route=\/wp\/v2\/types\/post"}],"author":[{"embeddable":true,"href":"https:\/\/radiorevelacionfm.cl\/index.php?rest_route=\/wp\/v2\/users\/1"}],"replies":[{"embeddable":true,"href":"https:\/\/radiorevelacionfm.cl\/index.php?rest_route=%2Fwp%2Fv2%2Fcomments&post=5968"}],"version-history":[{"count":1,"href":"https:\/\/radiorevelacionfm.cl\/index.php?rest_route=\/wp\/v2\/posts\/5968\/revisions"}],"predecessor-version":[{"id":5970,"href":"https:\/\/radiorevelacionfm.cl\/index.php?rest_route=\/wp\/v2\/posts\/5968\/revisions\/5970"}],"wp:featuredmedia":[{"embeddable":true,"href":"https:\/\/radiorevelacionfm.cl\/index.php?rest_route=\/wp\/v2\/media\/5969"}],"wp:attachment":[{"href":"https:\/\/radiorevelacionfm.cl\/index.php?rest_route=%2Fwp%2Fv2%2Fmedia&parent=5968"}],"wp:term":[{"taxonomy":"category","embeddable":true,"href":"https:\/\/radiorevelacionfm.cl\/index.php?rest_route=%2Fwp%2Fv2%2Fcategories&post=5968"},{"taxonomy":"post_tag","embeddable":true,"href":"https:\/\/radiorevelacionfm.cl\/index.php?rest_route=%2Fwp%2Fv2%2Ftags&post=5968"}],"curies":[{"name":"wp","href":"https:\/\/api.w.org\/{rel}","templated":true}]}}