{"id":59677,"date":"2025-09-29T16:16:36","date_gmt":"2025-09-29T19:16:36","guid":{"rendered":"https:\/\/radiorevelacionfm.cl\/?p=59677"},"modified":"2025-09-29T16:16:36","modified_gmt":"2025-09-29T19:16:36","slug":"con-exito-se-realizo-plaza-de-justicia-y-derechos-humanos-en-islas-huichas","status":"publish","type":"post","link":"https:\/\/radiorevelacionfm.cl\/?p=59677","title":{"rendered":"Con \u00e9xito se realiz\u00f3 Plaza de Justicia y Derechos Humanos en Islas Huichas"},"content":{"rendered":"<div class=\"flex_column av_one_full  flex_column_div av-zero-column-padding first  avia-builder-el-0  el_before_av_one_full  avia-builder-el-first  \" style='border-radius:0px; '><div  class='avia-image-container  av-styling-    avia-builder-el-1  avia-builder-el-no-sibling  avia-align-center '  itemprop=\"image\" itemscope=\"itemscope\" itemtype=\"https:\/\/schema.org\/ImageObject\"  ><div class='avia-image-container-inner'><div class='avia-image-overlay-wrap'><img decoding=\"async\" class='wp-image-59678 avia-img-lazy-loading-not-59678 avia_image' src=\"https:\/\/radiorevelacionfm.cl\/wp-content\/uploads\/2025\/09\/1-1_optimized.jpg\" alt='' title='1--(1)_optimized' height=\"600\" width=\"800\"  itemprop=\"thumbnailUrl\" srcset=\"https:\/\/radiorevelacionfm.cl\/wp-content\/uploads\/2025\/09\/1-1_optimized.jpg 800w, https:\/\/radiorevelacionfm.cl\/wp-content\/uploads\/2025\/09\/1-1_optimized-300x225.jpg 300w, https:\/\/radiorevelacionfm.cl\/wp-content\/uploads\/2025\/09\/1-1_optimized-768x576.jpg 768w, https:\/\/radiorevelacionfm.cl\/wp-content\/uploads\/2025\/09\/1-1_optimized-705x529.jpg 705w, https:\/\/radiorevelacionfm.cl\/wp-content\/uploads\/2025\/09\/1-1_optimized-450x338.jpg 450w, https:\/\/radiorevelacionfm.cl\/wp-content\/uploads\/2025\/09\/1-1_optimized-600x450.jpg 600w\" sizes=\"(max-width: 800px) 100vw, 800px\" \/><\/div><\/div><\/div><\/div><div class=\"flex_column av_one_full  flex_column_div av-zero-column-padding first  avia-builder-el-2  el_after_av_one_full  el_before_av_one_full  column-top-margin\" style='border-radius:0px; '><section class=\"av_textblock_section \"  itemscope=\"itemscope\" itemtype=\"https:\/\/schema.org\/BlogPosting\" itemprop=\"blogPost\" ><div class='avia_textblock  '   itemprop=\"text\" ><p style=\"text-align: center;\"><strong><span style=\"font-size: 18pt;\">Con \u00e9xito se realiz\u00f3 Plaza de Justicia y Derechos Humanos en Islas Huichas<\/span><\/strong><\/p>\n<div id=\"gtx-trans\" style=\"position: absolute; left: -50px; top: 4.31534px;\">\n<div class=\"gtx-trans-icon\"><\/div>\n<\/div>\n<\/div><\/section><\/div><div class=\"flex_column av_one_full  flex_column_div av-zero-column-padding first  avia-builder-el-4  el_after_av_one_full  el_before_av_hr  column-top-margin\" style='border-radius:0px; '><section class=\"av_textblock_section \"  itemscope=\"itemscope\" itemtype=\"https:\/\/schema.org\/BlogPosting\" itemprop=\"blogPost\" ><div class='avia_textblock  '   itemprop=\"text\" ><p style=\"text-align: justify;\">M\u00e1s de 100 personas entre estudiantes, trabajadores y funcionarios p\u00fablicos de Islas Huichas participaron recientemente de una nueva jornada de Plaza de Justicia y DDHH, instancia encabezada por el Seremi de la cartera Samuel Navarro Castro y en la que los participantes pudieron informarse respecto a tem\u00e1ticas tales como Levantamiento de Fallecidos, Alcoholemia, Cadenas de Custodia, Responsabilidad Parental\u00a0y\u00a0Pago Efectivo de Pensiones\u00bb, Ley KARIN,\u00a0Responsabilidad Penal Adolescente y Uso de Canales Remotos.<\/p>\n<p style=\"text-align: justify;\">Esta jornada realizada en el litoral de nuestra regi\u00f3n, permiti\u00f3 el despliegue de funcionarios del Servicio M\u00e9dico Legal, Defensor\u00eda Penal P\u00fablica, Servicio de Registro Civil e Identificaci\u00f3n, Servicio de Reinserci\u00f3n Social Juvenil y la Corporaci\u00f3n de Asistencia Judicial, quienes desarrollaron diversas charlas a distintos p\u00fablicos objetivos, esto previa coordinaci\u00f3n realizada con actores locales.<\/p>\n<p style=\"text-align: justify;\">Respecto a la actividad realizada en la Escuela Pedro Aguirre Cerda, su directora Mar\u00eda Elizabeth Raiman se\u00f1al\u00f3 que \u201csiempre nosotros buscamos las instancias como para poder formar a nuestros estudiantes y esta instancia est\u00e1 dentro del plan de formaci\u00f3n ciudadana de nuestro establecimiento, entonces pretendemos formar buenos ciudadanos, ciudadanos responsables, ciudadanos que van construyendo a diario su formaci\u00f3n humana, su formaci\u00f3n personal, su formaci\u00f3n en todo \u00e1mbito, integral, entonces tener ac\u00e1 a la Defensor\u00eda Penal P\u00fablica es una tremenda oportunidad para nuestros estudiantes y de esta forma que ellos conozcan las instituciones que est\u00e1n al servicio del pa\u00eds\u201d.<\/p>\n<p style=\"text-align: justify;\">Respecto a la importancia de realizar estas acciones en localidades tan alejadas, el Seremi de Justicia y Derechos Humanos, Samuel Navarro Castro explic\u00f3 que \u201cbueno hemos tenido la posibilidad de desarrollar esta Plaza de Justicia y Derechos Humanos con los servicios dependientes y relacionados del Ministerio de Justicia y en esta oportunidad en esta localidad de Islas Huichas que componen Puerto Aguirre y Caleta Andrade, hemos tenido una muy recepci\u00f3n con los distintos servicios, la Armada de Chile, con Carabineros, Bomberos, la escuela y liceo, las juntas de vecinos, trabajadores de Conaf y de la posta de Puerto Aguirre, esto ha sido un despliegue importante, agradecemos a la Armada de Chile que nos pudo colaborar con el transporte para poder hacer m\u00e1s eficiente la participaci\u00f3n de los diversos servicios p\u00fablicos del Ministerio de Justicia y creemos que hemos cumplido con todos los objetivos tratados de acercar la Justicia a la gente, acercar con conocimiento, competencia y herramientas a distintos tipos de p\u00fablico usuario y una participaci\u00f3n activa y efectiva de los distintos servicios p\u00fablicos de esta cartera de Gobierno\u201d.<\/p>\n<p style=\"text-align: justify;\">A su vez, el capit\u00e1n de Puerto, Suboficial Daniel Concha se refiri\u00f3 a la importancia de actualizar procedimientos en su acci\u00f3n fiscalizadora explicando que \u201cnos pareci\u00f3 excelente, nos enriquece bastante como personal de polic\u00eda mar\u00edtimo, capitan\u00eda de puerto y funcionarios de la Armada de Chile para la labor que realizamos d\u00eda a d\u00eda, eternamente agradecidos por esta oportunidad de tener esta instrucci\u00f3n del Servicio M\u00e9dico Legal\u201d.<\/p>\n<p style=\"text-align: justify;\">Mientras que la apoyo t\u00e9cnico del Parque urbano Natural La Poza de Islas Huichas, Roc\u00edo Monsalve se refiri\u00f3 a la charla respecto a Ley Karin recibida por los trabajadores que cumplen funciones en este lugar se\u00f1alando que \u201cnosotros estamos abiertos a todas estas instancias que son sumamente relevantes en el \u00e1mbito formativo, informativo, sobre todo conocer esta ley, porque a nosotros nos ayuda a todos a fomentar tambi\u00e9n el tema del buen trato, y todo lo que tiene que ver con la prevenci\u00f3n de la violencia en los espacios de trabajo, violencia de g\u00e9nero, esta capacitaci\u00f3n nos permiti\u00f3 conocer la Ley Karin a trav\u00e9s de la abogada de la Corporaci\u00f3n de Asistencia Judicial, as\u00ed que muy agradecidos de esta instancia que esperamos se pueda repetir\u201d.<\/p>\n<p style=\"text-align: justify;\">Finalmente, cabe mencionar que estas Plazas de Justicia y Derechos Humanos permiten a trav\u00e9s de una modalidad distinta atender a la comunidad de manera simult\u00e1nea, en donde los servicios p\u00fablicos abordan tem\u00e1ticas desde sus distintos \u00e1mbitos de competencia, llegando con informaci\u00f3n de manera m\u00e1s eficiente y efectiva.<\/p>\n<\/div><\/section><\/div><div  style='height:50px' class='hr hr-invisible   avia-builder-el-6  el_after_av_one_full  el_before_av_social_share '><span class='hr-inner ' ><span class='hr-inner-style'><\/span><\/span><\/div><\/p>\n<div  class='av-social-sharing-box  avia-builder-el-7  el_after_av_hr  el_before_av_hr  '><div class='av-share-box'><h5 class='av-share-link-description av-no-toc '>Compartir esta noticia<\/h5><ul class='av-share-box-list noLightbox'><li class='av-share-link av-social-link-facebook' ><a target=\"_blank\" aria-label=\"Compartir en Facebook\" href='https:\/\/www.facebook.com\/sharer.php?u=https:\/\/radiorevelacionfm.cl\/?p=59677&#038;t=Con%20%C3%A9xito%20se%20realiz%C3%B3%20Plaza%20de%20Justicia%20y%20Derechos%20Humanos%20en%20Islas%20Huichas' aria-hidden='false' data-av_icon='\ue8f3' data-av_iconfont='entypo-fontello' title='' data-avia-related-tooltip='Compartir en Facebook' rel=\"noopener\"><span class='avia_hidden_link_text'>Compartir en Facebook<\/span><\/a><\/li><li class='av-share-link av-social-link-twitter' ><a target=\"_blank\" aria-label=\"Compartir en Twitter\" href='https:\/\/twitter.com\/share?text=Con%20%C3%A9xito%20se%20realiz%C3%B3%20Plaza%20de%20Justicia%20y%20Derechos%20Humanos%20en%20Islas%20Huichas&#038;url=https:\/\/radiorevelacionfm.cl\/?p=59677' aria-hidden='false' data-av_icon='\ue8f1' data-av_iconfont='entypo-fontello' title='' data-avia-related-tooltip='Compartir en Twitter' rel=\"noopener\"><span class='avia_hidden_link_text'>Compartir en Twitter<\/span><\/a><\/li><li class='av-share-link av-social-link-whatsapp' ><a target=\"_blank\" aria-label=\"Compartir en Whatsapp\" href='https:\/\/api.whatsapp.com\/send?text=https:\/\/radiorevelacionfm.cl\/?p=59677' aria-hidden='false' data-av_icon='\uf232' data-av_iconfont='entypo-fontello' title='' data-avia-related-tooltip='Compartir en Whatsapp' rel=\"noopener\"><span class='avia_hidden_link_text'>Compartir en Whatsapp<\/span><\/a><\/li><li class='av-share-link av-social-link-linkedin' ><a target=\"_blank\" aria-label=\"Compartir en LinkedIn\" href='https:\/\/linkedin.com\/shareArticle?mini=true&#038;title=Con%20%C3%A9xito%20se%20realiz%C3%B3%20Plaza%20de%20Justicia%20y%20Derechos%20Humanos%20en%20Islas%20Huichas&#038;url=https:\/\/radiorevelacionfm.cl\/?p=59677' aria-hidden='false' data-av_icon='\ue8fc' data-av_iconfont='entypo-fontello' title='' data-avia-related-tooltip='Compartir en LinkedIn' rel=\"noopener\"><span class='avia_hidden_link_text'>Compartir en LinkedIn<\/span><\/a><\/li><li class='av-share-link av-social-link-mail' ><a  aria-label=\"Compartir por correo\" href='mailto:?subject=Con%20%C3%A9xito%20se%20realiz%C3%B3%20Plaza%20de%20Justicia%20y%20Derechos%20Humanos%20en%20Islas%20Huichas&#038;body=https:\/\/radiorevelacionfm.cl\/?p=59677' aria-hidden='false' data-av_icon='\ue805' data-av_iconfont='entypo-fontello' title='' data-avia-related-tooltip='Compartir por correo'><span class='avia_hidden_link_text'>Compartir por correo<\/span><\/a><\/li><\/ul><\/div><\/div>\n<div  style='height:50px' class='hr hr-invisible   avia-builder-el-8  el_after_av_social_share  el_before_av_comments_list '><span class='hr-inner ' ><span class='hr-inner-style'><\/span><\/span><\/div>\n<div  class='av-buildercomment  av-blog-meta-html-info-disabled av-blog-meta-tag-disabled  '><\/div>\n","protected":false},"excerpt":{"rendered":"","protected":false},"author":1,"featured_media":59678,"comment_status":"closed","ping_status":"closed","sticky":false,"template":"","format":"standard","meta":{"footnotes":""},"categories":[55],"tags":[],"class_list":["post-59677","post","type-post","status-publish","format-standard","has-post-thumbnail","hentry","category-justicia"],"jetpack_featured_media_url":"https:\/\/radiorevelacionfm.cl\/wp-content\/uploads\/2025\/09\/1-1_optimized.jpg","_links":{"self":[{"href":"https:\/\/radiorevelacionfm.cl\/index.php?rest_route=\/wp\/v2\/posts\/59677","targetHints":{"allow":["GET"]}}],"collection":[{"href":"https:\/\/radiorevelacionfm.cl\/index.php?rest_route=\/wp\/v2\/posts"}],"about":[{"href":"https:\/\/radiorevelacionfm.cl\/index.php?rest_route=\/wp\/v2\/types\/post"}],"author":[{"embeddable":true,"href":"https:\/\/radiorevelacionfm.cl\/index.php?rest_route=\/wp\/v2\/users\/1"}],"replies":[{"embeddable":true,"href":"https:\/\/radiorevelacionfm.cl\/index.php?rest_route=%2Fwp%2Fv2%2Fcomments&post=59677"}],"version-history":[{"count":2,"href":"https:\/\/radiorevelacionfm.cl\/index.php?rest_route=\/wp\/v2\/posts\/59677\/revisions"}],"predecessor-version":[{"id":59687,"href":"https:\/\/radiorevelacionfm.cl\/index.php?rest_route=\/wp\/v2\/posts\/59677\/revisions\/59687"}],"wp:featuredmedia":[{"embeddable":true,"href":"https:\/\/radiorevelacionfm.cl\/index.php?rest_route=\/wp\/v2\/media\/59678"}],"wp:attachment":[{"href":"https:\/\/radiorevelacionfm.cl\/index.php?rest_route=%2Fwp%2Fv2%2Fmedia&parent=59677"}],"wp:term":[{"taxonomy":"category","embeddable":true,"href":"https:\/\/radiorevelacionfm.cl\/index.php?rest_route=%2Fwp%2Fv2%2Fcategories&post=59677"},{"taxonomy":"post_tag","embeddable":true,"href":"https:\/\/radiorevelacionfm.cl\/index.php?rest_route=%2Fwp%2Fv2%2Ftags&post=59677"}],"curies":[{"name":"wp","href":"https:\/\/api.w.org\/{rel}","templated":true}]}}