{"id":59673,"date":"2025-09-29T15:01:57","date_gmt":"2025-09-29T18:01:57","guid":{"rendered":"https:\/\/radiorevelacionfm.cl\/?p=59673"},"modified":"2025-09-29T15:01:57","modified_gmt":"2025-09-29T18:01:57","slug":"vialidad-aborda-emergencias-viales-en-la-region-durante-el-fin-de-semana","status":"publish","type":"post","link":"https:\/\/radiorevelacionfm.cl\/?p=59673","title":{"rendered":"Vialidad aborda emergencias viales en la regi\u00f3n durante el fin de semana"},"content":{"rendered":"<div class=\"flex_column av_one_full  flex_column_div av-zero-column-padding first  avia-builder-el-0  el_before_av_one_full  avia-builder-el-first  \" style='border-radius:0px; '><div  class='avia-image-container  av-styling-    avia-builder-el-1  avia-builder-el-no-sibling  avia-align-center '  itemprop=\"image\" itemscope=\"itemscope\" itemtype=\"https:\/\/schema.org\/ImageObject\"  ><div class='avia-image-container-inner'><div class='avia-image-overlay-wrap'><img decoding=\"async\" class='wp-image-59674 avia-img-lazy-loading-not-59674 avia_image' src=\"https:\/\/radiorevelacionfm.cl\/wp-content\/uploads\/2025\/09\/IMG-20250928-WA0031-1-1.jpg\" alt='' title='IMG-20250928-WA0031 (1) (1)' height=\"600\" width=\"896\"  itemprop=\"thumbnailUrl\" srcset=\"https:\/\/radiorevelacionfm.cl\/wp-content\/uploads\/2025\/09\/IMG-20250928-WA0031-1-1.jpg 896w, https:\/\/radiorevelacionfm.cl\/wp-content\/uploads\/2025\/09\/IMG-20250928-WA0031-1-1-300x201.jpg 300w, https:\/\/radiorevelacionfm.cl\/wp-content\/uploads\/2025\/09\/IMG-20250928-WA0031-1-1-768x514.jpg 768w, https:\/\/radiorevelacionfm.cl\/wp-content\/uploads\/2025\/09\/IMG-20250928-WA0031-1-1-705x472.jpg 705w, https:\/\/radiorevelacionfm.cl\/wp-content\/uploads\/2025\/09\/IMG-20250928-WA0031-1-1-450x301.jpg 450w, https:\/\/radiorevelacionfm.cl\/wp-content\/uploads\/2025\/09\/IMG-20250928-WA0031-1-1-600x402.jpg 600w\" sizes=\"(max-width: 896px) 100vw, 896px\" \/><\/div><\/div><\/div><\/div><div class=\"flex_column av_one_full  flex_column_div av-zero-column-padding first  avia-builder-el-2  el_after_av_one_full  el_before_av_one_full  column-top-margin\" style='border-radius:0px; '><section class=\"av_textblock_section \"  itemscope=\"itemscope\" itemtype=\"https:\/\/schema.org\/BlogPosting\" itemprop=\"blogPost\" ><div class='avia_textblock  '   itemprop=\"text\" ><p style=\"text-align: center;\"><strong><span style=\"font-size: 18pt;\">Vialidad aborda emergencias viales en la regi\u00f3n durante el fin de semana<\/span><\/strong><\/p>\n<div id=\"gtx-trans\" style=\"position: absolute; left: -50px; top: 4.31534px;\">\n<div class=\"gtx-trans-icon\"><\/div>\n<\/div>\n<\/div><\/section><\/div><div class=\"flex_column av_one_full  flex_column_div av-zero-column-padding first  avia-builder-el-4  el_after_av_one_full  el_before_av_hr  column-top-margin\" style='border-radius:0px; '><section class=\"av_textblock_section \"  itemscope=\"itemscope\" itemtype=\"https:\/\/schema.org\/BlogPosting\" itemprop=\"blogPost\" ><div class='avia_textblock  '   itemprop=\"text\" ><ul>\n<li style=\"text-align: justify;\"><em>Equipos realizaron despeje de nieve, de rocas y de \u00e1rboles ca\u00eddos. Se mantienen operativas Ruta 7 norte y sur. Se continuar\u00e1 monitoreando Estado de la Red Vial.<\/em><\/li>\n<\/ul>\n<p style=\"text-align: justify;\">El Director Regional de Vialidad del Ministerio de Obras P\u00fablicas, Renzo Sanders Cort\u00e9s realiz\u00f3 un balance de los trabajos realizados por Vialidad durante el fin de semana, indicando al respecto que \u201cproducto de las precipitaciones del fin de semana -llegamos a un acumulado por el lado norte de 70 mil\u00edmetros\u00a0 y cerca de 50-60 mil\u00edmetros por el sector sur- tuvimos algunas complicaciones en la red vial que fueron abordadas en su momento, especialmente ca\u00edda de \u00e1rboles y presencia de nieve en algunos sectores, en donde estuvo trabajando maquinaria de Vialidad tanto con barre nieve como con motoniveladora para despejar los caminos y dar conectividad.<\/p>\n<p style=\"text-align: justify;\">Renzo Sanders indic\u00f3 que \u201ctuvimos dos situaciones especiales. Una en el lado norte del sector Puyuhuapi que en forma preventiva se cerr\u00f3 el camino el d\u00eda s\u00e1bado entre las 19:00 horas y las 08:30 horas del d\u00eda domingo y esta medida se volvi\u00f3 a repetir entre el domingo y el lunes 29 de septiembre porque hubo un deslizamiento. El d\u00eda de ayer domingo se dej\u00f3 habilitada una pista para dar conectividad por el d\u00eda, y tenemos en el lugar una retroexcavadora para hoy lunes realizar algo similar\u201d.<\/p>\n<p style=\"text-align: justify;\">El otro punto, agreg\u00f3 Sanders, \u201cen el que perdimos conectividad es en el sector Exploradores cerca del km 46-48 que producto de la cantidad de agua ca\u00edda se nos cay\u00f3 la plataforma en una alcantarilla. Esto lo estamos abordando hoy d\u00eda (lunes 29 de septiembre), junto con ver en qu\u00e9 situaci\u00f3n est\u00e1 la laguna Espont\u00e1nea para ver si podemos llegar al km 48. En estos trabajos est\u00e1n los funcionarios encargados del contrato de Conservaci\u00f3n Global con Inspecci\u00f3n Fiscal, as\u00ed que esperamos dejarlo solucionado hoy d\u00eda. Esta situaci\u00f3n fue conversada ayer con los dirigentes del sector turismo de Exploradores, y est\u00e1n a la espera de que hoy d\u00eda podamos trabajar ah\u00ed para que se reanude ma\u00f1ana (30 de septiembre) el turismo en el sector. Lo dem\u00e1s, fueron cosas puntuales, desprendimientos de piedras, de rocas, ca\u00eddas de \u00e1rboles que fueron solucion\u00e1ndose durante el mismo d\u00eda en que ocurr\u00eda el hecho\u201d.<\/p>\n<p style=\"text-align: justify;\">Recomendamos a la comunidad al conducir estar atentos y atentas a las condiciones de los caminos, respetar se\u00f1alizaci\u00f3n y mantenerse informado a trav\u00e9s de las Redes Sociales del Ministerio de Obras P\u00fablicas en la Regi\u00f3n de Ays\u00e9n @MOPAysen respecto del estado de la red vial.<\/p>\n<\/div><\/section><\/div><div  style='height:50px' class='hr hr-invisible   avia-builder-el-6  el_after_av_one_full  el_before_av_social_share '><span class='hr-inner ' ><span class='hr-inner-style'><\/span><\/span><\/div><\/p>\n<div  class='av-social-sharing-box  avia-builder-el-7  el_after_av_hr  el_before_av_hr  '><div class='av-share-box'><h5 class='av-share-link-description av-no-toc '>Compartir esta noticia<\/h5><ul class='av-share-box-list noLightbox'><li class='av-share-link av-social-link-facebook' ><a target=\"_blank\" aria-label=\"Compartir en Facebook\" href='https:\/\/www.facebook.com\/sharer.php?u=https:\/\/radiorevelacionfm.cl\/?p=59673&#038;t=Vialidad%20aborda%20emergencias%20viales%20en%20la%20regi%C3%B3n%20durante%20el%20fin%20de%20semana' aria-hidden='false' data-av_icon='\ue8f3' data-av_iconfont='entypo-fontello' title='' data-avia-related-tooltip='Compartir en Facebook' rel=\"noopener\"><span class='avia_hidden_link_text'>Compartir en Facebook<\/span><\/a><\/li><li class='av-share-link av-social-link-twitter' ><a target=\"_blank\" aria-label=\"Compartir en Twitter\" href='https:\/\/twitter.com\/share?text=Vialidad%20aborda%20emergencias%20viales%20en%20la%20regi%C3%B3n%20durante%20el%20fin%20de%20semana&#038;url=https:\/\/radiorevelacionfm.cl\/?p=59673' aria-hidden='false' data-av_icon='\ue8f1' data-av_iconfont='entypo-fontello' title='' data-avia-related-tooltip='Compartir en Twitter' rel=\"noopener\"><span class='avia_hidden_link_text'>Compartir en Twitter<\/span><\/a><\/li><li class='av-share-link av-social-link-whatsapp' ><a target=\"_blank\" aria-label=\"Compartir en Whatsapp\" href='https:\/\/api.whatsapp.com\/send?text=https:\/\/radiorevelacionfm.cl\/?p=59673' aria-hidden='false' data-av_icon='\uf232' data-av_iconfont='entypo-fontello' title='' data-avia-related-tooltip='Compartir en Whatsapp' rel=\"noopener\"><span class='avia_hidden_link_text'>Compartir en Whatsapp<\/span><\/a><\/li><li class='av-share-link av-social-link-linkedin' ><a target=\"_blank\" aria-label=\"Compartir en LinkedIn\" href='https:\/\/linkedin.com\/shareArticle?mini=true&#038;title=Vialidad%20aborda%20emergencias%20viales%20en%20la%20regi%C3%B3n%20durante%20el%20fin%20de%20semana&#038;url=https:\/\/radiorevelacionfm.cl\/?p=59673' aria-hidden='false' data-av_icon='\ue8fc' data-av_iconfont='entypo-fontello' title='' data-avia-related-tooltip='Compartir en LinkedIn' rel=\"noopener\"><span class='avia_hidden_link_text'>Compartir en LinkedIn<\/span><\/a><\/li><li class='av-share-link av-social-link-mail' ><a  aria-label=\"Compartir por correo\" href='mailto:?subject=Vialidad%20aborda%20emergencias%20viales%20en%20la%20regi%C3%B3n%20durante%20el%20fin%20de%20semana&#038;body=https:\/\/radiorevelacionfm.cl\/?p=59673' aria-hidden='false' data-av_icon='\ue805' data-av_iconfont='entypo-fontello' title='' data-avia-related-tooltip='Compartir por correo'><span class='avia_hidden_link_text'>Compartir por correo<\/span><\/a><\/li><\/ul><\/div><\/div>\n<div  style='height:50px' class='hr hr-invisible   avia-builder-el-8  el_after_av_social_share  el_before_av_comments_list '><span class='hr-inner ' ><span class='hr-inner-style'><\/span><\/span><\/div>\n<div  class='av-buildercomment  av-blog-meta-html-info-disabled av-blog-meta-tag-disabled  '><\/div>\n","protected":false},"excerpt":{"rendered":"","protected":false},"author":1,"featured_media":59674,"comment_status":"closed","ping_status":"closed","sticky":false,"template":"","format":"standard","meta":{"footnotes":""},"categories":[38],"tags":[],"class_list":["post-59673","post","type-post","status-publish","format-standard","has-post-thumbnail","hentry","category-regional"],"jetpack_featured_media_url":"https:\/\/radiorevelacionfm.cl\/wp-content\/uploads\/2025\/09\/IMG-20250928-WA0031-1-1.jpg","_links":{"self":[{"href":"https:\/\/radiorevelacionfm.cl\/index.php?rest_route=\/wp\/v2\/posts\/59673","targetHints":{"allow":["GET"]}}],"collection":[{"href":"https:\/\/radiorevelacionfm.cl\/index.php?rest_route=\/wp\/v2\/posts"}],"about":[{"href":"https:\/\/radiorevelacionfm.cl\/index.php?rest_route=\/wp\/v2\/types\/post"}],"author":[{"embeddable":true,"href":"https:\/\/radiorevelacionfm.cl\/index.php?rest_route=\/wp\/v2\/users\/1"}],"replies":[{"embeddable":true,"href":"https:\/\/radiorevelacionfm.cl\/index.php?rest_route=%2Fwp%2Fv2%2Fcomments&post=59673"}],"version-history":[{"count":2,"href":"https:\/\/radiorevelacionfm.cl\/index.php?rest_route=\/wp\/v2\/posts\/59673\/revisions"}],"predecessor-version":[{"id":59676,"href":"https:\/\/radiorevelacionfm.cl\/index.php?rest_route=\/wp\/v2\/posts\/59673\/revisions\/59676"}],"wp:featuredmedia":[{"embeddable":true,"href":"https:\/\/radiorevelacionfm.cl\/index.php?rest_route=\/wp\/v2\/media\/59674"}],"wp:attachment":[{"href":"https:\/\/radiorevelacionfm.cl\/index.php?rest_route=%2Fwp%2Fv2%2Fmedia&parent=59673"}],"wp:term":[{"taxonomy":"category","embeddable":true,"href":"https:\/\/radiorevelacionfm.cl\/index.php?rest_route=%2Fwp%2Fv2%2Fcategories&post=59673"},{"taxonomy":"post_tag","embeddable":true,"href":"https:\/\/radiorevelacionfm.cl\/index.php?rest_route=%2Fwp%2Fv2%2Ftags&post=59673"}],"curies":[{"name":"wp","href":"https:\/\/api.w.org\/{rel}","templated":true}]}}