{"id":59670,"date":"2025-09-29T11:56:56","date_gmt":"2025-09-29T14:56:56","guid":{"rendered":"https:\/\/radiorevelacionfm.cl\/?p=59670"},"modified":"2025-09-29T11:56:56","modified_gmt":"2025-09-29T14:56:56","slug":"puerto-aysen-fiscalia-logra-pena-de-11-anos-de-carcel-para-imputado-por-homicidio-frustrado-y-porte-de-arma-de-fuego","status":"publish","type":"post","link":"https:\/\/radiorevelacionfm.cl\/?p=59670","title":{"rendered":"Puerto Ays\u00e9n: Fiscal\u00eda logra pena de 11 a\u00f1os de c\u00e1rcel para imputado por homicidio frustrado y porte de arma de fuego"},"content":{"rendered":"<div class=\"flex_column av_one_full  flex_column_div av-zero-column-padding first  avia-builder-el-0  el_before_av_one_full  avia-builder-el-first  \" style='border-radius:0px; '><div  class='avia-image-container  av-styling-    avia-builder-el-1  avia-builder-el-no-sibling  avia-align-center '  itemprop=\"image\" itemscope=\"itemscope\" itemtype=\"https:\/\/schema.org\/ImageObject\"  ><div class='avia-image-container-inner'><div class='avia-image-overlay-wrap'><img decoding=\"async\" class='wp-image-58252 avia-img-lazy-loading-not-58252 avia_image' src=\"https:\/\/radiorevelacionfm.cl\/wp-content\/uploads\/2025\/08\/fiscalia-puertoaysen4-1_optimized.jpg\" alt='' title='fiscalia-puertoaysen4-(1)_optimized' height=\"600\" width=\"905\"  itemprop=\"thumbnailUrl\" srcset=\"https:\/\/radiorevelacionfm.cl\/wp-content\/uploads\/2025\/08\/fiscalia-puertoaysen4-1_optimized.jpg 905w, https:\/\/radiorevelacionfm.cl\/wp-content\/uploads\/2025\/08\/fiscalia-puertoaysen4-1_optimized-300x199.jpg 300w, https:\/\/radiorevelacionfm.cl\/wp-content\/uploads\/2025\/08\/fiscalia-puertoaysen4-1_optimized-768x509.jpg 768w, https:\/\/radiorevelacionfm.cl\/wp-content\/uploads\/2025\/08\/fiscalia-puertoaysen4-1_optimized-705x467.jpg 705w, https:\/\/radiorevelacionfm.cl\/wp-content\/uploads\/2025\/08\/fiscalia-puertoaysen4-1_optimized-450x298.jpg 450w, https:\/\/radiorevelacionfm.cl\/wp-content\/uploads\/2025\/08\/fiscalia-puertoaysen4-1_optimized-600x398.jpg 600w\" sizes=\"(max-width: 905px) 100vw, 905px\" \/><\/div><\/div><\/div><\/div><div class=\"flex_column av_one_full  flex_column_div av-zero-column-padding first  avia-builder-el-2  el_after_av_one_full  el_before_av_one_full  column-top-margin\" style='border-radius:0px; '><section class=\"av_textblock_section \"  itemscope=\"itemscope\" itemtype=\"https:\/\/schema.org\/BlogPosting\" itemprop=\"blogPost\" ><div class='avia_textblock  '   itemprop=\"text\" ><p style=\"text-align: center;\"><span style=\"font-size: 18pt;\"><b>Puerto Ays\u00e9n: Fiscal\u00eda logra pena de 11 a\u00f1os de c\u00e1rcel para imputado por homicidio frustrado y porte de arma de fuego<\/b><\/span><\/p>\n<div id=\"gtx-trans\" style=\"position: absolute; left: -50px; top: 4.31534px;\">\n<div class=\"gtx-trans-icon\"><\/div>\n<\/div>\n<\/div><\/section><\/div><div class=\"flex_column av_one_full  flex_column_div av-zero-column-padding first  avia-builder-el-4  el_after_av_one_full  el_before_av_hr  column-top-margin\" style='border-radius:0px; '><section class=\"av_textblock_section \"  itemscope=\"itemscope\" itemtype=\"https:\/\/schema.org\/BlogPosting\" itemprop=\"blogPost\" ><div class='avia_textblock  '   itemprop=\"text\" ><p style=\"font-weight: 400; text-align: justify;\">Tras una investigaci\u00f3n dirigida por la Fiscal\u00eda Local de Puerto Ays\u00e9n-Cisnes, a trav\u00e9s del Fiscal Jefe, Pedro Poblete, con diligencias solicitadas a Carabineros de la Segunda Comisar\u00eda, SIP y Labocar, el Tribunal de Juicio Oral en Lo Penal conden\u00f3 a un imputado de 38 a\u00f1os a una sumatoria de penas de 11 a\u00f1os de presidio como autor del delito de homicidio simple en grado de frustrado y porte de arma de fuego y municiones sin autorizaci\u00f3n.<\/p>\n<p style=\"font-weight: 400; text-align: justify;\">En base a las pruebas presentadas en el juicio oral por la Fiscal\u00eda, a trav\u00e9s del Fiscal Alex Olivero, el Tribunal conden\u00f3 al imputado a la pena de ocho a\u00f1os de presidio mayor en su grado m\u00ednimo como autor de homicidio simple en car\u00e1cter de frustrado, ocurrido el 30 de diciembre de 2022, en la comuna de Ays\u00e9n. El sujeto tambi\u00e9n fue condenado a tres a\u00f1os y un d\u00eda de presidio menor en su grado m\u00e1ximo como autor de porte de arma de fuego y de municiones sin autorizaci\u00f3n, ocurrido en la misma fecha.<\/p>\n<p style=\"font-weight: 400; text-align: justify;\">Al no reunir los requisitos de la ley 18.216, el sentenciado deber\u00e1 cumplir la pena impuesta de manera efectiva, seg\u00fan determinaron los jueces orales. En esta investigaci\u00f3n tambi\u00e9n se cont\u00f3 con el informe de lesiones emitido por un perito del Servicio M\u00e9dico Legal.<\/p>\n<p style=\"font-weight: 400; text-align: justify;\">ACREDITADO<\/p>\n<p style=\"font-weight: 400; text-align: justify;\">En base a lo acreditado por la Fiscal\u00eda ante el Tribunal de Juicio Oral, el 30 de diciembre de 2022, alrededor de las 16:00 horas, el acusado se desplazaba en un veh\u00edculo Chevrolet modelo Prisma, por la comuna de Puerto Ays\u00e9n. El sujeto portaba un arma de fuego calibre 9 mil\u00edmetros y al llegar a la altura de calle Sargento Aldea con la intersecci\u00f3n de Eusebio Ibar, en las inmediaciones de un local comercial, desde el veh\u00edculo que conduc\u00eda, procedi\u00f3 a disparar a quemarropa en contra de la v\u00edctima, a la altura del torso.<\/p>\n<p style=\"font-weight: 400; text-align: justify;\">A ra\u00edz de esta acci\u00f3n, lo impact\u00f3 en el sector de la pelvis, herida que de no haber sido tratada por personal m\u00e9dico del Hospital de Puerto Ays\u00e9n, podr\u00eda haberle provocado la muerte.<\/p>\n<p style=\"font-weight: 400; text-align: justify;\">Durante el juicio oral, se mencion\u00f3 que los hechos se enmarcaron en un contexto de discusiones y peleas previas, vinculadas a un conflicto por drogas y amenazas.<\/p>\n<\/div><\/section><\/div><div  style='height:50px' class='hr hr-invisible   avia-builder-el-6  el_after_av_one_full  el_before_av_social_share '><span class='hr-inner ' ><span class='hr-inner-style'><\/span><\/span><\/div><\/p>\n<div  class='av-social-sharing-box  avia-builder-el-7  el_after_av_hr  el_before_av_hr  '><div class='av-share-box'><h5 class='av-share-link-description av-no-toc '>Compartir esta noticia<\/h5><ul class='av-share-box-list noLightbox'><li class='av-share-link av-social-link-facebook' ><a target=\"_blank\" aria-label=\"Compartir en Facebook\" href='https:\/\/www.facebook.com\/sharer.php?u=https:\/\/radiorevelacionfm.cl\/?p=59670&#038;t=Puerto%20Ays%C3%A9n%3A%20Fiscal%C3%ADa%20logra%20pena%20de%2011%20a%C3%B1os%20de%20c%C3%A1rcel%20para%20imputado%20por%20homicidio%20frustrado%20y%20porte%20de%20arma%20de%20fuego' aria-hidden='false' data-av_icon='\ue8f3' data-av_iconfont='entypo-fontello' title='' data-avia-related-tooltip='Compartir en Facebook' rel=\"noopener\"><span class='avia_hidden_link_text'>Compartir en Facebook<\/span><\/a><\/li><li class='av-share-link av-social-link-twitter' ><a target=\"_blank\" aria-label=\"Compartir en Twitter\" href='https:\/\/twitter.com\/share?text=Puerto%20Ays%C3%A9n%3A%20Fiscal%C3%ADa%20logra%20pena%20de%2011%20a%C3%B1os%20de%20c%C3%A1rcel%20para%20imputado%20por%20homicidio%20frustrado%20y%20porte%20de%20arma%20de%20fuego&#038;url=https:\/\/radiorevelacionfm.cl\/?p=59670' aria-hidden='false' data-av_icon='\ue8f1' data-av_iconfont='entypo-fontello' title='' data-avia-related-tooltip='Compartir en Twitter' rel=\"noopener\"><span class='avia_hidden_link_text'>Compartir en Twitter<\/span><\/a><\/li><li class='av-share-link av-social-link-whatsapp' ><a target=\"_blank\" aria-label=\"Compartir en Whatsapp\" href='https:\/\/api.whatsapp.com\/send?text=https:\/\/radiorevelacionfm.cl\/?p=59670' aria-hidden='false' data-av_icon='\uf232' data-av_iconfont='entypo-fontello' title='' data-avia-related-tooltip='Compartir en Whatsapp' rel=\"noopener\"><span class='avia_hidden_link_text'>Compartir en Whatsapp<\/span><\/a><\/li><li class='av-share-link av-social-link-linkedin' ><a target=\"_blank\" aria-label=\"Compartir en LinkedIn\" href='https:\/\/linkedin.com\/shareArticle?mini=true&#038;title=Puerto%20Ays%C3%A9n%3A%20Fiscal%C3%ADa%20logra%20pena%20de%2011%20a%C3%B1os%20de%20c%C3%A1rcel%20para%20imputado%20por%20homicidio%20frustrado%20y%20porte%20de%20arma%20de%20fuego&#038;url=https:\/\/radiorevelacionfm.cl\/?p=59670' aria-hidden='false' data-av_icon='\ue8fc' data-av_iconfont='entypo-fontello' title='' data-avia-related-tooltip='Compartir en LinkedIn' rel=\"noopener\"><span class='avia_hidden_link_text'>Compartir en LinkedIn<\/span><\/a><\/li><li class='av-share-link av-social-link-mail' ><a  aria-label=\"Compartir por correo\" href='mailto:?subject=Puerto%20Ays%C3%A9n%3A%20Fiscal%C3%ADa%20logra%20pena%20de%2011%20a%C3%B1os%20de%20c%C3%A1rcel%20para%20imputado%20por%20homicidio%20frustrado%20y%20porte%20de%20arma%20de%20fuego&#038;body=https:\/\/radiorevelacionfm.cl\/?p=59670' aria-hidden='false' data-av_icon='\ue805' data-av_iconfont='entypo-fontello' title='' data-avia-related-tooltip='Compartir por correo'><span class='avia_hidden_link_text'>Compartir por correo<\/span><\/a><\/li><\/ul><\/div><\/div>\n<div  style='height:50px' class='hr hr-invisible   avia-builder-el-8  el_after_av_social_share  el_before_av_comments_list '><span class='hr-inner ' ><span class='hr-inner-style'><\/span><\/span><\/div>\n<div  class='av-buildercomment  av-blog-meta-html-info-disabled av-blog-meta-tag-disabled  '><\/div>\n","protected":false},"excerpt":{"rendered":"","protected":false},"author":1,"featured_media":58252,"comment_status":"closed","ping_status":"closed","sticky":false,"template":"","format":"standard","meta":{"footnotes":""},"categories":[55],"tags":[],"class_list":["post-59670","post","type-post","status-publish","format-standard","has-post-thumbnail","hentry","category-justicia"],"jetpack_featured_media_url":"https:\/\/radiorevelacionfm.cl\/wp-content\/uploads\/2025\/08\/fiscalia-puertoaysen4-1_optimized.jpg","_links":{"self":[{"href":"https:\/\/radiorevelacionfm.cl\/index.php?rest_route=\/wp\/v2\/posts\/59670","targetHints":{"allow":["GET"]}}],"collection":[{"href":"https:\/\/radiorevelacionfm.cl\/index.php?rest_route=\/wp\/v2\/posts"}],"about":[{"href":"https:\/\/radiorevelacionfm.cl\/index.php?rest_route=\/wp\/v2\/types\/post"}],"author":[{"embeddable":true,"href":"https:\/\/radiorevelacionfm.cl\/index.php?rest_route=\/wp\/v2\/users\/1"}],"replies":[{"embeddable":true,"href":"https:\/\/radiorevelacionfm.cl\/index.php?rest_route=%2Fwp%2Fv2%2Fcomments&post=59670"}],"version-history":[{"count":2,"href":"https:\/\/radiorevelacionfm.cl\/index.php?rest_route=\/wp\/v2\/posts\/59670\/revisions"}],"predecessor-version":[{"id":59672,"href":"https:\/\/radiorevelacionfm.cl\/index.php?rest_route=\/wp\/v2\/posts\/59670\/revisions\/59672"}],"wp:featuredmedia":[{"embeddable":true,"href":"https:\/\/radiorevelacionfm.cl\/index.php?rest_route=\/wp\/v2\/media\/58252"}],"wp:attachment":[{"href":"https:\/\/radiorevelacionfm.cl\/index.php?rest_route=%2Fwp%2Fv2%2Fmedia&parent=59670"}],"wp:term":[{"taxonomy":"category","embeddable":true,"href":"https:\/\/radiorevelacionfm.cl\/index.php?rest_route=%2Fwp%2Fv2%2Fcategories&post=59670"},{"taxonomy":"post_tag","embeddable":true,"href":"https:\/\/radiorevelacionfm.cl\/index.php?rest_route=%2Fwp%2Fv2%2Ftags&post=59670"}],"curies":[{"name":"wp","href":"https:\/\/api.w.org\/{rel}","templated":true}]}}