{"id":59665,"date":"2025-09-29T11:09:07","date_gmt":"2025-09-29T14:09:07","guid":{"rendered":"https:\/\/radiorevelacionfm.cl\/?p=59665"},"modified":"2025-09-29T11:09:07","modified_gmt":"2025-09-29T14:09:07","slug":"cochrane-celebro-con-orgullo-la-segunda-version-del-mini-encuentro-costumbrista-infantil","status":"publish","type":"post","link":"https:\/\/radiorevelacionfm.cl\/?p=59665","title":{"rendered":"Cochrane celebr\u00f3 con orgullo la segunda versi\u00f3n del Mini Encuentro Costumbrista Infantil"},"content":{"rendered":"<div class=\"flex_column av_one_full  flex_column_div av-zero-column-padding first  avia-builder-el-0  el_before_av_one_full  avia-builder-el-first  \" style='border-radius:0px; '><div  class='avia-image-container  av-styling-    avia-builder-el-1  avia-builder-el-no-sibling  avia-align-center '  itemprop=\"image\" itemscope=\"itemscope\" itemtype=\"https:\/\/schema.org\/ImageObject\"  ><div class='avia-image-container-inner'><div class='avia-image-overlay-wrap'><img decoding=\"async\" class='wp-image-59666 avia-img-lazy-loading-not-59666 avia_image' src=\"https:\/\/radiorevelacionfm.cl\/wp-content\/uploads\/2025\/09\/mini-encuentro-cochrane-7-1_optimized.jpg\" alt='' title='mini-encuentro-cochrane-(7)-(1)_optimized' height=\"600\" width=\"900\"  itemprop=\"thumbnailUrl\" srcset=\"https:\/\/radiorevelacionfm.cl\/wp-content\/uploads\/2025\/09\/mini-encuentro-cochrane-7-1_optimized.jpg 900w, https:\/\/radiorevelacionfm.cl\/wp-content\/uploads\/2025\/09\/mini-encuentro-cochrane-7-1_optimized-300x200.jpg 300w, https:\/\/radiorevelacionfm.cl\/wp-content\/uploads\/2025\/09\/mini-encuentro-cochrane-7-1_optimized-768x512.jpg 768w, https:\/\/radiorevelacionfm.cl\/wp-content\/uploads\/2025\/09\/mini-encuentro-cochrane-7-1_optimized-705x470.jpg 705w, https:\/\/radiorevelacionfm.cl\/wp-content\/uploads\/2025\/09\/mini-encuentro-cochrane-7-1_optimized-450x300.jpg 450w, https:\/\/radiorevelacionfm.cl\/wp-content\/uploads\/2025\/09\/mini-encuentro-cochrane-7-1_optimized-600x400.jpg 600w\" sizes=\"(max-width: 900px) 100vw, 900px\" \/><\/div><\/div><\/div><\/div><div class=\"flex_column av_one_full  flex_column_div av-zero-column-padding first  avia-builder-el-2  el_after_av_one_full  el_before_av_one_full  column-top-margin\" style='border-radius:0px; '><section class=\"av_textblock_section \"  itemscope=\"itemscope\" itemtype=\"https:\/\/schema.org\/BlogPosting\" itemprop=\"blogPost\" ><div class='avia_textblock  '   itemprop=\"text\" ><p style=\"text-align: center;\"><strong><span style=\"font-size: 18pt;\">Cochrane celebr\u00f3 con orgullo la segunda versi\u00f3n del Mini Encuentro Costumbrista Infantil<\/span><\/strong><\/p>\n<div id=\"gtx-trans\" style=\"position: absolute; left: -50px; top: 4.31534px;\">\n<div class=\"gtx-trans-icon\"><\/div>\n<\/div>\n<\/div><\/section><\/div><div class=\"flex_column av_one_full  flex_column_div av-zero-column-padding first  avia-builder-el-4  el_after_av_one_full  el_before_av_hr  column-top-margin\" style='border-radius:0px; '><section class=\"av_textblock_section \"  itemscope=\"itemscope\" itemtype=\"https:\/\/schema.org\/BlogPosting\" itemprop=\"blogPost\" ><div class='avia_textblock  '   itemprop=\"text\" ><p style=\"text-align: justify;\">Con un Parque Costumbrista lleno de color, risas y tradiciones, el Jard\u00edn Infantil y Sala Cuna Mi Baker desarroll\u00f3 la segunda versi\u00f3n del Mini Encuentro Costumbrista, en el marco del Mes de la Chilenidad. Una jornada que emocion\u00f3 a toda la comunidad al ver a los m\u00e1s peque\u00f1os vestidos de huasos y gauchos rescatando la esencia de la vida rural y transmitiendo las costumbres patagonas a las nuevas generaciones.<\/p>\n<p style=\"text-align: justify;\">La actividad, que cont\u00f3 con la participaci\u00f3n del Jard\u00edn Infantil Ciruelillo en Flor de Tortel, reuni\u00f3 a familias, educadoras y autoridades locales en un verdadero hito cultural y educativo. El inicio se dio con un desfile de pioneros que recorri\u00f3 el recinto, para luego compartir un almuerzo en comunidad, donde no faltaron las sopaipillas reci\u00e9n hechas.<\/p>\n<p style=\"text-align: justify;\">Los ni\u00f1os y ni\u00f1as, junto a sus familias, disfrutaron de diversas actividades t\u00edpicas: recrearon carreras a la chilena, bailaron cueca, jugaron a la argolla y al tiro al blanco, derribaron tarros en el tradicional juego chileno, y participaron en espacios de reciclaje como la recolecci\u00f3n de pilas. Un rinc\u00f3n ambientado en la vida de los abuelos evoc\u00f3 la memoria campesina, convirti\u00e9ndose en un espacio de aprendizaje y encuentro intergeneracional.<\/p>\n<p style=\"text-align: justify;\">La <strong>directora del Jard\u00edn Mi Baker, Paulina Quilaqueo Villegas<\/strong>, destac\u00f3 con orgullo el trabajo de su equipo: \u201cEste encuentro est\u00e1 pensado en los ni\u00f1os, en relevar la importancia del juego y en el rol fundamental de la familia en la educaci\u00f3n desde la primera infancia. Ha sido una jornada de risas, de compartir y de disfrutar juntos, en un espacio seguro y lleno de vida. Agradezco al municipio, al Servicio Local de Educaci\u00f3n P\u00fablica y a todas las instituciones que hicieron posible esta segunda versi\u00f3n\u201d.<\/p>\n<p style=\"text-align: justify;\">El <strong>alcalde de Cochrane, Patricio Ulloa Georgia<\/strong>, tambi\u00e9n resalt\u00f3 la trascendencia de la iniciativa: \u201cPara quienes conocemos la vida rural del campo, es muy motivante ver a nuestros ni\u00f1os y ni\u00f1as empap\u00e1ndose de nuestras costumbres y tradiciones, traspasando la vida de campo de generaci\u00f3n en generaci\u00f3n. Felicito al Jard\u00edn Mi Baker, a su directora y a todo su equipo por este hermoso encuentro que nos llena de identidad y orgullo\u201d.<\/p>\n<p style=\"text-align: justify;\">Desde Tortel, la <strong>directora del Jard\u00edn Ciruelillo en Flor, Nicole Rojas Campos<\/strong>, valor\u00f3 el esfuerzo de su comunidad por estar presente: \u201cEste a\u00f1o, gracias al apoyo del Servicio, pudimos concretar nuestra participaci\u00f3n. Las familias hicieron un gran esfuerzo por viajar y los ni\u00f1os est\u00e1n felices de compartir con sus pares y vivir nuevas experiencias. Tambi\u00e9n ha sido muy valioso para nuestras funcionarias compartir con el equipo del Jard\u00edn Mi Baker\u201d.<\/p>\n<p style=\"text-align: justify;\">El Mini Encuentro Costumbrista no solo se transform\u00f3 en una fiesta para los m\u00e1s peque\u00f1os, sino tambi\u00e9n en un espacio de uni\u00f3n y colaboraci\u00f3n, donde la educaci\u00f3n p\u00fablica demuestra su capacidad de generar comunidad y fortalecer v\u00ednculos entre localidades.\u00a0 Con ni\u00f1os vestidos de huasos y gauchos, Cochrane volvi\u00f3 a vibrar con sus ra\u00edces, reafirmando que la tradici\u00f3n y la cultura se transmiten mejor cuando se viven desde la infancia, en familia y en comunidad<\/p>\n<\/div><\/section><\/div><div  style='height:50px' class='hr hr-invisible   avia-builder-el-6  el_after_av_one_full  el_before_av_social_share '><span class='hr-inner ' ><span class='hr-inner-style'><\/span><\/span><\/div><\/p>\n<div  class='av-social-sharing-box  avia-builder-el-7  el_after_av_hr  el_before_av_hr  '><div class='av-share-box'><h5 class='av-share-link-description av-no-toc '>Compartir esta noticia<\/h5><ul class='av-share-box-list noLightbox'><li class='av-share-link av-social-link-facebook' ><a target=\"_blank\" aria-label=\"Compartir en Facebook\" href='https:\/\/www.facebook.com\/sharer.php?u=https:\/\/radiorevelacionfm.cl\/?p=59665&#038;t=Cochrane%20celebr%C3%B3%20con%20orgullo%20la%20segunda%20versi%C3%B3n%20del%20Mini%20Encuentro%20Costumbrista%20Infantil' aria-hidden='false' data-av_icon='\ue8f3' data-av_iconfont='entypo-fontello' title='' data-avia-related-tooltip='Compartir en Facebook' rel=\"noopener\"><span class='avia_hidden_link_text'>Compartir en Facebook<\/span><\/a><\/li><li class='av-share-link av-social-link-twitter' ><a target=\"_blank\" aria-label=\"Compartir en Twitter\" href='https:\/\/twitter.com\/share?text=Cochrane%20celebr%C3%B3%20con%20orgullo%20la%20segunda%20versi%C3%B3n%20del%20Mini%20Encuentro%20Costumbrista%20Infantil&#038;url=https:\/\/radiorevelacionfm.cl\/?p=59665' aria-hidden='false' data-av_icon='\ue8f1' data-av_iconfont='entypo-fontello' title='' data-avia-related-tooltip='Compartir en Twitter' rel=\"noopener\"><span class='avia_hidden_link_text'>Compartir en Twitter<\/span><\/a><\/li><li class='av-share-link av-social-link-whatsapp' ><a target=\"_blank\" aria-label=\"Compartir en Whatsapp\" href='https:\/\/api.whatsapp.com\/send?text=https:\/\/radiorevelacionfm.cl\/?p=59665' aria-hidden='false' data-av_icon='\uf232' data-av_iconfont='entypo-fontello' title='' data-avia-related-tooltip='Compartir en Whatsapp' rel=\"noopener\"><span class='avia_hidden_link_text'>Compartir en Whatsapp<\/span><\/a><\/li><li class='av-share-link av-social-link-linkedin' ><a target=\"_blank\" aria-label=\"Compartir en LinkedIn\" href='https:\/\/linkedin.com\/shareArticle?mini=true&#038;title=Cochrane%20celebr%C3%B3%20con%20orgullo%20la%20segunda%20versi%C3%B3n%20del%20Mini%20Encuentro%20Costumbrista%20Infantil&#038;url=https:\/\/radiorevelacionfm.cl\/?p=59665' aria-hidden='false' data-av_icon='\ue8fc' data-av_iconfont='entypo-fontello' title='' data-avia-related-tooltip='Compartir en LinkedIn' rel=\"noopener\"><span class='avia_hidden_link_text'>Compartir en LinkedIn<\/span><\/a><\/li><li class='av-share-link av-social-link-mail' ><a  aria-label=\"Compartir por correo\" href='mailto:?subject=Cochrane%20celebr%C3%B3%20con%20orgullo%20la%20segunda%20versi%C3%B3n%20del%20Mini%20Encuentro%20Costumbrista%20Infantil&#038;body=https:\/\/radiorevelacionfm.cl\/?p=59665' aria-hidden='false' data-av_icon='\ue805' data-av_iconfont='entypo-fontello' title='' data-avia-related-tooltip='Compartir por correo'><span class='avia_hidden_link_text'>Compartir por correo<\/span><\/a><\/li><\/ul><\/div><\/div>\n<div  style='height:50px' class='hr hr-invisible   avia-builder-el-8  el_after_av_social_share  el_before_av_comments_list '><span class='hr-inner ' ><span class='hr-inner-style'><\/span><\/span><\/div>\n<div  class='av-buildercomment  av-blog-meta-html-info-disabled av-blog-meta-tag-disabled  '><\/div>\n","protected":false},"excerpt":{"rendered":"","protected":false},"author":1,"featured_media":59666,"comment_status":"closed","ping_status":"closed","sticky":false,"template":"","format":"standard","meta":{"footnotes":""},"categories":[38],"tags":[],"class_list":["post-59665","post","type-post","status-publish","format-standard","has-post-thumbnail","hentry","category-regional"],"jetpack_featured_media_url":"https:\/\/radiorevelacionfm.cl\/wp-content\/uploads\/2025\/09\/mini-encuentro-cochrane-7-1_optimized.jpg","_links":{"self":[{"href":"https:\/\/radiorevelacionfm.cl\/index.php?rest_route=\/wp\/v2\/posts\/59665","targetHints":{"allow":["GET"]}}],"collection":[{"href":"https:\/\/radiorevelacionfm.cl\/index.php?rest_route=\/wp\/v2\/posts"}],"about":[{"href":"https:\/\/radiorevelacionfm.cl\/index.php?rest_route=\/wp\/v2\/types\/post"}],"author":[{"embeddable":true,"href":"https:\/\/radiorevelacionfm.cl\/index.php?rest_route=\/wp\/v2\/users\/1"}],"replies":[{"embeddable":true,"href":"https:\/\/radiorevelacionfm.cl\/index.php?rest_route=%2Fwp%2Fv2%2Fcomments&post=59665"}],"version-history":[{"count":2,"href":"https:\/\/radiorevelacionfm.cl\/index.php?rest_route=\/wp\/v2\/posts\/59665\/revisions"}],"predecessor-version":[{"id":59669,"href":"https:\/\/radiorevelacionfm.cl\/index.php?rest_route=\/wp\/v2\/posts\/59665\/revisions\/59669"}],"wp:featuredmedia":[{"embeddable":true,"href":"https:\/\/radiorevelacionfm.cl\/index.php?rest_route=\/wp\/v2\/media\/59666"}],"wp:attachment":[{"href":"https:\/\/radiorevelacionfm.cl\/index.php?rest_route=%2Fwp%2Fv2%2Fmedia&parent=59665"}],"wp:term":[{"taxonomy":"category","embeddable":true,"href":"https:\/\/radiorevelacionfm.cl\/index.php?rest_route=%2Fwp%2Fv2%2Fcategories&post=59665"},{"taxonomy":"post_tag","embeddable":true,"href":"https:\/\/radiorevelacionfm.cl\/index.php?rest_route=%2Fwp%2Fv2%2Ftags&post=59665"}],"curies":[{"name":"wp","href":"https:\/\/api.w.org\/{rel}","templated":true}]}}