{"id":59657,"date":"2025-09-29T20:42:05","date_gmt":"2025-09-29T23:42:05","guid":{"rendered":"https:\/\/radiorevelacionfm.cl\/?p=59657"},"modified":"2025-09-29T20:42:05","modified_gmt":"2025-09-29T23:42:05","slug":"consejera-andrea-ponce-la-auditoria-2024-efectivamente-confirma-una-mala-administracion-y-ejecucion-de-recursos-en-la-administracion-anterior-del-gobierno-regional","status":"publish","type":"post","link":"https:\/\/radiorevelacionfm.cl\/?p=59657","title":{"rendered":"Consejera Andrea Ponce: \u201cLa auditor\u00eda 2024 efectivamente confirma una mala administraci\u00f3n y ejecuci\u00f3n de recursos en la administraci\u00f3n anterior del Gobierno Regional\u201d"},"content":{"rendered":"<div class=\"flex_column av_one_full  flex_column_div av-zero-column-padding first  avia-builder-el-0  el_before_av_one_full  avia-builder-el-first  \" style='border-radius:0px; '><div  class='avia-image-container  av-styling-    avia-builder-el-1  avia-builder-el-no-sibling  avia-align-center '  itemprop=\"image\" itemscope=\"itemscope\" itemtype=\"https:\/\/schema.org\/ImageObject\"  ><div class='avia-image-container-inner'><div class='avia-image-overlay-wrap'><img decoding=\"async\" class='wp-image-52978 avia-img-lazy-loading-not-52978 avia_image' src=\"https:\/\/radiorevelacionfm.cl\/wp-content\/uploads\/2025\/04\/CONSEJERA-ANDREA-PONCE-1-1.jpg\" alt='' title='CONSEJERA ANDREA PONCE (1) (1)' height=\"600\" width=\"901\"  itemprop=\"thumbnailUrl\" srcset=\"https:\/\/radiorevelacionfm.cl\/wp-content\/uploads\/2025\/04\/CONSEJERA-ANDREA-PONCE-1-1.jpg 901w, https:\/\/radiorevelacionfm.cl\/wp-content\/uploads\/2025\/04\/CONSEJERA-ANDREA-PONCE-1-1-300x200.jpg 300w, https:\/\/radiorevelacionfm.cl\/wp-content\/uploads\/2025\/04\/CONSEJERA-ANDREA-PONCE-1-1-768x511.jpg 768w, https:\/\/radiorevelacionfm.cl\/wp-content\/uploads\/2025\/04\/CONSEJERA-ANDREA-PONCE-1-1-705x469.jpg 705w, https:\/\/radiorevelacionfm.cl\/wp-content\/uploads\/2025\/04\/CONSEJERA-ANDREA-PONCE-1-1-450x300.jpg 450w, https:\/\/radiorevelacionfm.cl\/wp-content\/uploads\/2025\/04\/CONSEJERA-ANDREA-PONCE-1-1-600x400.jpg 600w\" sizes=\"(max-width: 901px) 100vw, 901px\" \/><\/div><\/div><\/div><\/div><div class=\"flex_column av_one_full  flex_column_div av-zero-column-padding first  avia-builder-el-2  el_after_av_one_full  el_before_av_one_full  column-top-margin\" style='border-radius:0px; '><section class=\"av_textblock_section \"  itemscope=\"itemscope\" itemtype=\"https:\/\/schema.org\/BlogPosting\" itemprop=\"blogPost\" ><div class='avia_textblock  '   itemprop=\"text\" ><p style=\"text-align: center;\"><strong><span style=\"font-size: 18pt;\">Consejera Andrea Ponce: \u201cLa auditor\u00eda 2024 efectivamente confirma una mala administraci\u00f3n y ejecuci\u00f3n de recursos en la administraci\u00f3n anterior del Gobierno Regional\u201d<\/span><\/strong><\/p>\n<div id=\"gtx-trans\" style=\"position: absolute; left: -50px; top: 4.31534px;\">\n<div class=\"gtx-trans-icon\"><\/div>\n<\/div>\n<\/div><\/section><\/div><div class=\"flex_column av_one_full  flex_column_div av-zero-column-padding first  avia-builder-el-4  el_after_av_one_full  el_before_av_hr  column-top-margin\" style='border-radius:0px; '><section class=\"av_textblock_section \"  itemscope=\"itemscope\" itemtype=\"https:\/\/schema.org\/BlogPosting\" itemprop=\"blogPost\" ><div class='avia_textblock  '   itemprop=\"text\" ><p style=\"text-align: justify;\"><em>La autoridad valor\u00f3 que se est\u00e9n tomando medidas correctivas ya que se demostr\u00f3 una concentraci\u00f3n excesiva del gasto en los \u00faltimos meses del a\u00f1o 2024.<\/em><\/p>\n<p style=\"text-align: justify;\">Coyhaique, 28 de septiembre de 2025.\u2013 Este viernes 26 de septiembre 2025 en la sesi\u00f3n plenaria del Consejero Regional de Ays\u00e9n, se present\u00f3 la auditor\u00eda externa a la administraci\u00f3n del Gobierno Regional a\u00f1o 2024, presentada en extenso en la Comisi\u00f3n de Seguimiento y Control, el d\u00eda mi\u00e9rcoles 24 de septiembre.<\/p>\n<p style=\"text-align: justify;\">La consejera regional Andrea Ponce, vice presidenta de la comisi\u00f3n mencionada y quien ha reforzado la solicitud de los resultados de esta auditor\u00eda externa, manifest\u00f3 la importancia de contar con informaci\u00f3n externa con respecto a la ejecuci\u00f3n presupuestaria, \u201cEsta semana conocimos en profundidad el informe final de auditor\u00eda externa realizada a la ejecuci\u00f3n de los fondos del a\u00f1o 2024 de la administraci\u00f3n anterior, que de manera objetiva y no pol\u00edtica, comprob\u00f3 lo que ven\u00edamos diciendo, que la administraci\u00f3n y ejecuci\u00f3n era p\u00e9sima, fue una ejecuci\u00f3n con deficiencias graves, una concentraci\u00f3n excesiva del gasto en los \u00faltimos meses del a\u00f1o, una alta proporci\u00f3n de proyectos sin ejecuci\u00f3n y debilidades en el control interno. Son falencias que no podemos seguir tolerando porque afectan la eficiencia del gasto p\u00fablico y la confianza ciudadana\u201d, mencion\u00f3 Ponce.<\/p>\n<p style=\"text-align: justify;\">De igual manera, la consejera destac\u00f3 que 199 proyectos no registraron gasto en 2024, lo que refleja \u201cun uso poco oportuno de los recursos que debieran estar generando desarrollo en nuestras comunidades durante todo el a\u00f1o, y no solo en diciembre para cumplir metas contables\u201d.<\/p>\n<p style=\"text-align: justify;\">Con respecto a la actualidad, Andrea Ponce valor\u00f3 que la nueva administraci\u00f3n del Gobernador Marcelo Santana est\u00e9 impulsando medidas correctivas frente a estas falencias. \u201cSe est\u00e1 trabajando en fortalecer el control interno, modernizar la gesti\u00f3n documental, establecer metas de ejecuci\u00f3n mensual y mejorar la programaci\u00f3n de adquisiciones.\u00a0En el an\u00e1lisis de la ejecuci\u00f3n presupuestaria, la auditor\u00eda externa muestra que la gesti\u00f3n de iniciativas est\u00e1 altamente concentrada en un n\u00famero reducido de unidades t\u00e9cnicas, es decir, que los traspasos de fondos son a pocos servicios t\u00e9cnicos, lo cual complica la ejecuci\u00f3n cuando uno de ellos no es eficiente o no desarrolla correctamente su proyecto\u201d, adem\u00e1s Ponce a\u00f1adi\u00f3, \u201cTenemos que asegurar que la inversi\u00f3n regional potencie el desarrollo. La tarea es recuperar la confianza en la gesti\u00f3n p\u00fablica, y eso solo se lograr\u00e1 si podemos transformar definitivamente la manera en que planificamos y ejecutamos nuestros recursos. Cada peso debe llegar en tiempo y forma a nuestras comunidades y creo que los \u00e9nfasis que est\u00e1 colocando el Gobernador Santana son pasos en la direcci\u00f3n correcta para cambiar una pr\u00e1ctica que por a\u00f1os se arrastr\u00f3, sin soluci\u00f3n\u201d.<\/p>\n<p style=\"text-align: justify;\"><strong><u>Sobre la auditor\u00eda externa<\/u><\/strong><\/p>\n<p style=\"text-align: justify;\">La auditor\u00eda fue solicitada el 20 de diciembre de 2024, acuerdo N\u00b06820 del Consejo Regional de Ays\u00e9n, aprobado por unanimidad en el periodo en que lider\u00f3 Omar Mu\u00f1oz el Gobierno Regional, audit\u00e1ndose las iniciativas de inversi\u00f3n regional 2024, excluyendo la del 8%, en el periodo el 1 de enero y el 31 de diciembre del a\u00f1o 2024.<\/p>\n<p style=\"text-align: justify;\">\u201cFinalmente quiero recordar que en mi campa\u00f1a como consejera regional promet\u00ed que solicitar\u00eda una auditor\u00eda a la gesti\u00f3n del Gobierno Regional anterior, no obstante, en la administraci\u00f3n del Gobernador Regional Omar Mu\u00f1oz, \u00e9l lo solicit\u00f3 y fue aprobado en el Consejo Regional. Por lo tanto, esto es parte del compromiso que contraje de mantener informada a toda la comunidad de los avances de la auditor\u00eda al a\u00f1o 2024 del Gobierno Regional y donde, a todas luces, hubo una nefasta administraci\u00f3n y ejecuci\u00f3n, lo cual no puede volver a suceder, mejorando necesariamente los controles internos y liderazgos en la administraci\u00f3n\u201d, subray\u00f3 la consejera regional por la Provincia de Coyhaique, Andrea Ponce<strong>.<\/strong><\/p>\n<p style=\"text-align: justify;\">La auditor\u00eda fue licitada p\u00fablicamente por el Gobierno Regional, adjudicada posteriormente y desarrollada por la Consultora Ingedisa, entregando un an\u00e1lisis profundo y recomendaciones para mejorar la gesti\u00f3n.\u00a0En \u00e9l se menciona que el presupuesto aprobado para el a\u00f1o 2024 del Programa 02 de Inversi\u00f3n Regional ascendi\u00f3 a M$75.543.480. La ejecuci\u00f3n efectiva alcanz\u00f3 un 79% del marco vigente, situ\u00e1ndose por debajo de los niveles hist\u00f3ricos de la regi\u00f3n y mostrando una marcada concentraci\u00f3n del gasto en el \u00faltimo trimestre del a\u00f1o, en el cual se ejecut\u00f3 m\u00e1s del 45% de los recursos.<\/p>\n<p style=\"text-align: justify;\">En otros an\u00e1lisis, se constat\u00f3 que un n\u00famero importante de proyectos nuevos concentr\u00f3 el 82,6% de su programaci\u00f3n en diciembre, de los cuales 199 iniciativas no registraron gasto en 2024. Esto representa un volumen considerable de recursos comprometidos sin ejecuci\u00f3n, lo que compromete la efectividad del programa. Aunque concentra la mayor proporci\u00f3n de recursos (72% de las iniciativas), se observ\u00f3 que 113 proyectos de arrastre (45,7%) no generaron gasto en 2024, a pesar de estar programados. Adem\u00e1s, el gasto efectivo tambi\u00e9n se concentr\u00f3 en diciembre (55% de lo ejecutado), lo que limita la eficiencia de la planificaci\u00f3n anual.<\/p>\n<p style=\"text-align: justify;\">En el Facebook del Gobierno regional de Ays\u00e9n se puede revisar la sesi\u00f3n donde se entreg\u00f3 el informe final completo\u00a0<a href=\"https:\/\/www.facebook.com\/share\/v\/1D23Hmo5kS\/?mibextid=wwXIfr\" data-saferedirecturl=\"https:\/\/www.google.com\/url?q=https:\/\/www.facebook.com\/share\/v\/1D23Hmo5kS\/?mibextid%3DwwXIfr&amp;source=gmail&amp;ust=1759184764546000&amp;usg=AOvVaw0SSQSfIgOOGuRnu9TM1X4v\">https:\/\/www.facebook.com\/share\/v\/1D23Hmo5kS\/?mibextid=wwXIfr<\/a>\u00a0y el resumen de la presentaci\u00f3n en el plenario del Consejo Regional, en\u00a0<a href=\"https:\/\/www.facebook.com\/share\/v\/16g4YugMjE\/?mibextid=wwXIfr\" data-saferedirecturl=\"https:\/\/www.google.com\/url?q=https:\/\/www.facebook.com\/share\/v\/16g4YugMjE\/?mibextid%3DwwXIfr&amp;source=gmail&amp;ust=1759184764546000&amp;usg=AOvVaw1ihgpo1PggNM6gzHibsrVN\">https:\/\/www.facebook.com\/share\/v\/16g4YugMjE\/?mibextid=wwXIfr<\/a>.<\/p>\n<\/div><\/section><\/div><div  style='height:50px' class='hr hr-invisible   avia-builder-el-6  el_after_av_one_full  el_before_av_social_share '><span class='hr-inner ' ><span class='hr-inner-style'><\/span><\/span><\/div><\/p>\n<div  class='av-social-sharing-box  avia-builder-el-7  el_after_av_hr  el_before_av_hr  '><div class='av-share-box'><h5 class='av-share-link-description av-no-toc '>Compartir esta noticia<\/h5><ul class='av-share-box-list noLightbox'><li class='av-share-link av-social-link-facebook' ><a target=\"_blank\" aria-label=\"Compartir en Facebook\" href='https:\/\/www.facebook.com\/sharer.php?u=https:\/\/radiorevelacionfm.cl\/?p=59657&#038;t=Consejera%20Andrea%20Ponce%3A%20%E2%80%9CLa%20auditor%C3%ADa%202024%20efectivamente%20confirma%20una%20mala%20administraci%C3%B3n%20y%20ejecuci%C3%B3n%20de%20recursos%20en%20la%20administraci%C3%B3n%20anterior%20del%20Gobierno%20Regional%E2%80%9D' aria-hidden='false' data-av_icon='\ue8f3' data-av_iconfont='entypo-fontello' title='' data-avia-related-tooltip='Compartir en Facebook' rel=\"noopener\"><span class='avia_hidden_link_text'>Compartir en Facebook<\/span><\/a><\/li><li class='av-share-link av-social-link-twitter' ><a target=\"_blank\" aria-label=\"Compartir en Twitter\" href='https:\/\/twitter.com\/share?text=Consejera%20Andrea%20Ponce%3A%20%E2%80%9CLa%20auditor%C3%ADa%202024%20efectivamente%20confirma%20una%20mala%20administraci%C3%B3n%20y%20ejecuci%C3%B3n%20de%20recursos%20en%20la%20administraci%C3%B3n%20anterior%20del%20Gobierno%20Regional%E2%80%9D&#038;url=https:\/\/radiorevelacionfm.cl\/?p=59657' aria-hidden='false' data-av_icon='\ue8f1' data-av_iconfont='entypo-fontello' title='' data-avia-related-tooltip='Compartir en Twitter' rel=\"noopener\"><span class='avia_hidden_link_text'>Compartir en Twitter<\/span><\/a><\/li><li class='av-share-link av-social-link-whatsapp' ><a target=\"_blank\" aria-label=\"Compartir en Whatsapp\" href='https:\/\/api.whatsapp.com\/send?text=https:\/\/radiorevelacionfm.cl\/?p=59657' aria-hidden='false' data-av_icon='\uf232' data-av_iconfont='entypo-fontello' title='' data-avia-related-tooltip='Compartir en Whatsapp' rel=\"noopener\"><span class='avia_hidden_link_text'>Compartir en Whatsapp<\/span><\/a><\/li><li class='av-share-link av-social-link-linkedin' ><a target=\"_blank\" aria-label=\"Compartir en LinkedIn\" href='https:\/\/linkedin.com\/shareArticle?mini=true&#038;title=Consejera%20Andrea%20Ponce%3A%20%E2%80%9CLa%20auditor%C3%ADa%202024%20efectivamente%20confirma%20una%20mala%20administraci%C3%B3n%20y%20ejecuci%C3%B3n%20de%20recursos%20en%20la%20administraci%C3%B3n%20anterior%20del%20Gobierno%20Regional%E2%80%9D&#038;url=https:\/\/radiorevelacionfm.cl\/?p=59657' aria-hidden='false' data-av_icon='\ue8fc' data-av_iconfont='entypo-fontello' title='' data-avia-related-tooltip='Compartir en LinkedIn' rel=\"noopener\"><span class='avia_hidden_link_text'>Compartir en LinkedIn<\/span><\/a><\/li><li class='av-share-link av-social-link-mail' ><a  aria-label=\"Compartir por correo\" href='mailto:?subject=Consejera%20Andrea%20Ponce%3A%20%E2%80%9CLa%20auditor%C3%ADa%202024%20efectivamente%20confirma%20una%20mala%20administraci%C3%B3n%20y%20ejecuci%C3%B3n%20de%20recursos%20en%20la%20administraci%C3%B3n%20anterior%20del%20Gobierno%20Regional%E2%80%9D&#038;body=https:\/\/radiorevelacionfm.cl\/?p=59657' aria-hidden='false' data-av_icon='\ue805' data-av_iconfont='entypo-fontello' title='' data-avia-related-tooltip='Compartir por correo'><span class='avia_hidden_link_text'>Compartir por correo<\/span><\/a><\/li><\/ul><\/div><\/div>\n<div  style='height:50px' class='hr hr-invisible   avia-builder-el-8  el_after_av_social_share  el_before_av_comments_list '><span class='hr-inner ' ><span class='hr-inner-style'><\/span><\/span><\/div>\n<div  class='av-buildercomment  av-blog-meta-html-info-disabled av-blog-meta-tag-disabled  '><\/div>\n","protected":false},"excerpt":{"rendered":"","protected":false},"author":1,"featured_media":52978,"comment_status":"closed","ping_status":"closed","sticky":false,"template":"","format":"standard","meta":{"footnotes":""},"categories":[38],"tags":[],"class_list":["post-59657","post","type-post","status-publish","format-standard","has-post-thumbnail","hentry","category-regional"],"jetpack_featured_media_url":"https:\/\/radiorevelacionfm.cl\/wp-content\/uploads\/2025\/04\/CONSEJERA-ANDREA-PONCE-1-1.jpg","_links":{"self":[{"href":"https:\/\/radiorevelacionfm.cl\/index.php?rest_route=\/wp\/v2\/posts\/59657","targetHints":{"allow":["GET"]}}],"collection":[{"href":"https:\/\/radiorevelacionfm.cl\/index.php?rest_route=\/wp\/v2\/posts"}],"about":[{"href":"https:\/\/radiorevelacionfm.cl\/index.php?rest_route=\/wp\/v2\/types\/post"}],"author":[{"embeddable":true,"href":"https:\/\/radiorevelacionfm.cl\/index.php?rest_route=\/wp\/v2\/users\/1"}],"replies":[{"embeddable":true,"href":"https:\/\/radiorevelacionfm.cl\/index.php?rest_route=%2Fwp%2Fv2%2Fcomments&post=59657"}],"version-history":[{"count":2,"href":"https:\/\/radiorevelacionfm.cl\/index.php?rest_route=\/wp\/v2\/posts\/59657\/revisions"}],"predecessor-version":[{"id":59709,"href":"https:\/\/radiorevelacionfm.cl\/index.php?rest_route=\/wp\/v2\/posts\/59657\/revisions\/59709"}],"wp:featuredmedia":[{"embeddable":true,"href":"https:\/\/radiorevelacionfm.cl\/index.php?rest_route=\/wp\/v2\/media\/52978"}],"wp:attachment":[{"href":"https:\/\/radiorevelacionfm.cl\/index.php?rest_route=%2Fwp%2Fv2%2Fmedia&parent=59657"}],"wp:term":[{"taxonomy":"category","embeddable":true,"href":"https:\/\/radiorevelacionfm.cl\/index.php?rest_route=%2Fwp%2Fv2%2Fcategories&post=59657"},{"taxonomy":"post_tag","embeddable":true,"href":"https:\/\/radiorevelacionfm.cl\/index.php?rest_route=%2Fwp%2Fv2%2Ftags&post=59657"}],"curies":[{"name":"wp","href":"https:\/\/api.w.org\/{rel}","templated":true}]}}