{"id":59654,"date":"2025-09-29T10:20:41","date_gmt":"2025-09-29T13:20:41","guid":{"rendered":"https:\/\/radiorevelacionfm.cl\/?p=59654"},"modified":"2025-09-29T10:20:41","modified_gmt":"2025-09-29T13:20:41","slug":"edelaysen-recibe-a-estudiantes-del-cft-estatal-de-puerto-aysen-en-su-central-hidraulica","status":"publish","type":"post","link":"https:\/\/radiorevelacionfm.cl\/?p=59654","title":{"rendered":"Edelaysen recibe a estudiantes del CFT Estatal de Puerto Ays\u00e9n en su Central Hidr\u00e1ulica"},"content":{"rendered":"<div class=\"flex_column av_one_full  flex_column_div av-zero-column-padding first  avia-builder-el-0  el_before_av_one_full  avia-builder-el-first  \" style='border-radius:0px; '><div  class='avia-image-container  av-styling-    avia-builder-el-1  avia-builder-el-no-sibling  avia-align-center '  itemprop=\"image\" itemscope=\"itemscope\" itemtype=\"https:\/\/schema.org\/ImageObject\"  ><div class='avia-image-container-inner'><div class='avia-image-overlay-wrap'><img decoding=\"async\" class='wp-image-59655 avia-img-lazy-loading-not-59655 avia_image' src=\"https:\/\/radiorevelacionfm.cl\/wp-content\/uploads\/2025\/09\/cft-estatal-puerto-aysein0-1_optimized-1.jpeg\" alt='' title='cft-estatal-puerto-ayse\u00ecn0-(1)_optimized (1)' height=\"600\" width=\"800\"  itemprop=\"thumbnailUrl\" srcset=\"https:\/\/radiorevelacionfm.cl\/wp-content\/uploads\/2025\/09\/cft-estatal-puerto-aysein0-1_optimized-1.jpeg 800w, https:\/\/radiorevelacionfm.cl\/wp-content\/uploads\/2025\/09\/cft-estatal-puerto-aysein0-1_optimized-1-300x225.jpeg 300w, https:\/\/radiorevelacionfm.cl\/wp-content\/uploads\/2025\/09\/cft-estatal-puerto-aysein0-1_optimized-1-768x576.jpeg 768w, https:\/\/radiorevelacionfm.cl\/wp-content\/uploads\/2025\/09\/cft-estatal-puerto-aysein0-1_optimized-1-705x529.jpeg 705w, https:\/\/radiorevelacionfm.cl\/wp-content\/uploads\/2025\/09\/cft-estatal-puerto-aysein0-1_optimized-1-450x338.jpeg 450w, https:\/\/radiorevelacionfm.cl\/wp-content\/uploads\/2025\/09\/cft-estatal-puerto-aysein0-1_optimized-1-600x450.jpeg 600w\" sizes=\"(max-width: 800px) 100vw, 800px\" \/><\/div><\/div><\/div><\/div><div class=\"flex_column av_one_full  flex_column_div av-zero-column-padding first  avia-builder-el-2  el_after_av_one_full  el_before_av_one_full  column-top-margin\" style='border-radius:0px; '><section class=\"av_textblock_section \"  itemscope=\"itemscope\" itemtype=\"https:\/\/schema.org\/BlogPosting\" itemprop=\"blogPost\" ><div class='avia_textblock  '   itemprop=\"text\" ><p style=\"text-align: center;\"><strong><span style=\"font-size: 18pt;\">Edelaysen recibe a estudiantes del CFT Estatal de Puerto Ays\u00e9n\u00a0 en su Central Hidr\u00e1ulica<\/span><\/strong><\/p>\n<div id=\"gtx-trans\" style=\"position: absolute; left: -50px; top: 4.31534px;\">\n<div class=\"gtx-trans-icon\"><\/div>\n<\/div>\n<\/div><\/section><\/div><div class=\"flex_column av_one_full  flex_column_div av-zero-column-padding first  avia-builder-el-4  el_after_av_one_full  el_before_av_hr  column-top-margin\" style='border-radius:0px; '><section class=\"av_textblock_section \"  itemscope=\"itemscope\" itemtype=\"https:\/\/schema.org\/BlogPosting\" itemprop=\"blogPost\" ><div class='avia_textblock  '   itemprop=\"text\" ><p style=\"text-align: justify;\"><em>Alumnos de segundo a\u00f1o de la carrera de Electromec\u00e1nica realizaron una visita guiada para conocer en terreno el funcionamiento del sistema el\u00e9ctrico en la comuna.<\/em><\/p>\n<p style=\"text-align: justify;\">Edelaysen abri\u00f3 las puertas de su Central Hidr\u00e1ulica en Ays\u00e9n para recibir a los estudiantes de segundo a\u00f1o de la carrera Electromec\u00e1nica del CFT Estatal de Puerto Ays\u00e9n. La actividad se enmarca en el compromiso de la empresa con la formaci\u00f3n de futuros profesionales de la regi\u00f3n.<\/p>\n<p style=\"text-align: justify;\">Durante la jornada, el equipo t\u00e9cnico de Edelaysen realiz\u00f3 una visita guiada, donde explic\u00f3 en detalle el funcionamiento del sistema el\u00e9ctrico en la comuna, resolviendo dudas y compartiendo conocimientos con los estudiantes.<\/p>\n<p style=\"text-align: justify;\">En este sentido, Francisco Pavez, jefe zonal se\u00f1al\u00f3: \u201cPara nosotros es muy importante abrir nuestras puertas a las nuevas generaciones y mostrarles en terreno como funciona el sistema el\u00e9ctrico. Estamos convencidos de que este tipo de experiencias fortalecen la formaci\u00f3n de los futuros profesionales y refuerzan nuestro compromiso con el desarrollo de la regi\u00f3n de Ays\u00e9n\u201d.<\/p>\n<p style=\"text-align: justify;\">La instancia fue valorada tanto por los j\u00f3venes como por los docentes que asistieron, al permitir un acercamiento pr\u00e1ctico a la operaci\u00f3n diaria de la central y un espacio de aprendizaje significativo.<\/p>\n<p style=\"text-align: justify;\">Pablo Valenzuela, docente del \u00e1rea de Electromec\u00e1nica del CFT destac\u00f3 \u201cquiero darle las gracias a la empresa Edelaysen por habernos recibido amablemente en esta instancia donde conocimos la central de generaci\u00f3n hidr\u00e1ulica y di\u00e9sel de las dependencias. La verdad es una experiencia muy valiosa para nosotros como instituci\u00f3n y para nuestros alumnos que quedaron gratamente agradecidos\u201d.<\/p>\n<p style=\"text-align: justify;\">Por su parte Filomena Valladares, alumna del segundo a\u00f1o del CFT Estatal de Puerto Ays\u00e9n mencion\u00f3 \u201cNo hab\u00eda tenido la posibilidad de conocer este lugar, la verdad es que es sorprendente porque uno ve desde la casa que te llegue la luz y as\u00ed como que el interruptor se enciende todo, pero venir aqu\u00ed y conocer esto que es como el origen cierto de que a m\u00ed me llegue la luz el\u00e9ctrica a mi hogar y s\u00e9 es como es incre\u00edble. Muy contenta con la visita muy provechosa muy agradecida tambi\u00e9n de Edelaysen y nuestro profesor que hizo la gesti\u00f3n aqu\u00ed con ustedes para que estuvi\u00e9ramos ac\u00e1\u201d.<\/p>\n<p style=\"text-align: justify;\">Desde la el\u00e9ctrica agradecieron el entusiasmo, la participaci\u00f3n y las ganas de aprender demostradas por los estudiantes, reafirmando su compromiso de seguir impulsando iniciativas que contribuyan al desarrollo profesional y al fortalecimiento de la educaci\u00f3n t\u00e9cnica en Ays\u00e9n.<\/p>\n<\/div><\/section><\/div><div  style='height:50px' class='hr hr-invisible   avia-builder-el-6  el_after_av_one_full  el_before_av_social_share '><span class='hr-inner ' ><span class='hr-inner-style'><\/span><\/span><\/div><\/p>\n<div  class='av-social-sharing-box  avia-builder-el-7  el_after_av_hr  el_before_av_hr  '><div class='av-share-box'><h5 class='av-share-link-description av-no-toc '>Compartir esta noticia<\/h5><ul class='av-share-box-list noLightbox'><li class='av-share-link av-social-link-facebook' ><a target=\"_blank\" aria-label=\"Compartir en Facebook\" href='https:\/\/www.facebook.com\/sharer.php?u=https:\/\/radiorevelacionfm.cl\/?p=59654&#038;t=Edelaysen%20recibe%20a%20estudiantes%20del%20CFT%20Estatal%20de%20Puerto%20Ays%C3%A9n%20en%20su%20Central%20Hidr%C3%A1ulica' aria-hidden='false' data-av_icon='\ue8f3' data-av_iconfont='entypo-fontello' title='' data-avia-related-tooltip='Compartir en Facebook' rel=\"noopener\"><span class='avia_hidden_link_text'>Compartir en Facebook<\/span><\/a><\/li><li class='av-share-link av-social-link-twitter' ><a target=\"_blank\" aria-label=\"Compartir en Twitter\" href='https:\/\/twitter.com\/share?text=Edelaysen%20recibe%20a%20estudiantes%20del%20CFT%20Estatal%20de%20Puerto%20Ays%C3%A9n%20en%20su%20Central%20Hidr%C3%A1ulica&#038;url=https:\/\/radiorevelacionfm.cl\/?p=59654' aria-hidden='false' data-av_icon='\ue8f1' data-av_iconfont='entypo-fontello' title='' data-avia-related-tooltip='Compartir en Twitter' rel=\"noopener\"><span class='avia_hidden_link_text'>Compartir en Twitter<\/span><\/a><\/li><li class='av-share-link av-social-link-whatsapp' ><a target=\"_blank\" aria-label=\"Compartir en Whatsapp\" href='https:\/\/api.whatsapp.com\/send?text=https:\/\/radiorevelacionfm.cl\/?p=59654' aria-hidden='false' data-av_icon='\uf232' data-av_iconfont='entypo-fontello' title='' data-avia-related-tooltip='Compartir en Whatsapp' rel=\"noopener\"><span class='avia_hidden_link_text'>Compartir en Whatsapp<\/span><\/a><\/li><li class='av-share-link av-social-link-linkedin' ><a target=\"_blank\" aria-label=\"Compartir en LinkedIn\" href='https:\/\/linkedin.com\/shareArticle?mini=true&#038;title=Edelaysen%20recibe%20a%20estudiantes%20del%20CFT%20Estatal%20de%20Puerto%20Ays%C3%A9n%20en%20su%20Central%20Hidr%C3%A1ulica&#038;url=https:\/\/radiorevelacionfm.cl\/?p=59654' aria-hidden='false' data-av_icon='\ue8fc' data-av_iconfont='entypo-fontello' title='' data-avia-related-tooltip='Compartir en LinkedIn' rel=\"noopener\"><span class='avia_hidden_link_text'>Compartir en LinkedIn<\/span><\/a><\/li><li class='av-share-link av-social-link-mail' ><a  aria-label=\"Compartir por correo\" href='mailto:?subject=Edelaysen%20recibe%20a%20estudiantes%20del%20CFT%20Estatal%20de%20Puerto%20Ays%C3%A9n%20en%20su%20Central%20Hidr%C3%A1ulica&#038;body=https:\/\/radiorevelacionfm.cl\/?p=59654' aria-hidden='false' data-av_icon='\ue805' data-av_iconfont='entypo-fontello' title='' data-avia-related-tooltip='Compartir por correo'><span class='avia_hidden_link_text'>Compartir por correo<\/span><\/a><\/li><\/ul><\/div><\/div>\n<div  style='height:50px' class='hr hr-invisible   avia-builder-el-8  el_after_av_social_share  el_before_av_comments_list '><span class='hr-inner ' ><span class='hr-inner-style'><\/span><\/span><\/div>\n<div  class='av-buildercomment  av-blog-meta-html-info-disabled av-blog-meta-tag-disabled  '><\/div>\n","protected":false},"excerpt":{"rendered":"","protected":false},"author":1,"featured_media":59655,"comment_status":"closed","ping_status":"closed","sticky":false,"template":"","format":"standard","meta":{"footnotes":""},"categories":[38],"tags":[],"class_list":["post-59654","post","type-post","status-publish","format-standard","has-post-thumbnail","hentry","category-regional"],"jetpack_featured_media_url":"https:\/\/radiorevelacionfm.cl\/wp-content\/uploads\/2025\/09\/cft-estatal-puerto-aysein0-1_optimized-1.jpeg","_links":{"self":[{"href":"https:\/\/radiorevelacionfm.cl\/index.php?rest_route=\/wp\/v2\/posts\/59654","targetHints":{"allow":["GET"]}}],"collection":[{"href":"https:\/\/radiorevelacionfm.cl\/index.php?rest_route=\/wp\/v2\/posts"}],"about":[{"href":"https:\/\/radiorevelacionfm.cl\/index.php?rest_route=\/wp\/v2\/types\/post"}],"author":[{"embeddable":true,"href":"https:\/\/radiorevelacionfm.cl\/index.php?rest_route=\/wp\/v2\/users\/1"}],"replies":[{"embeddable":true,"href":"https:\/\/radiorevelacionfm.cl\/index.php?rest_route=%2Fwp%2Fv2%2Fcomments&post=59654"}],"version-history":[{"count":2,"href":"https:\/\/radiorevelacionfm.cl\/index.php?rest_route=\/wp\/v2\/posts\/59654\/revisions"}],"predecessor-version":[{"id":59659,"href":"https:\/\/radiorevelacionfm.cl\/index.php?rest_route=\/wp\/v2\/posts\/59654\/revisions\/59659"}],"wp:featuredmedia":[{"embeddable":true,"href":"https:\/\/radiorevelacionfm.cl\/index.php?rest_route=\/wp\/v2\/media\/59655"}],"wp:attachment":[{"href":"https:\/\/radiorevelacionfm.cl\/index.php?rest_route=%2Fwp%2Fv2%2Fmedia&parent=59654"}],"wp:term":[{"taxonomy":"category","embeddable":true,"href":"https:\/\/radiorevelacionfm.cl\/index.php?rest_route=%2Fwp%2Fv2%2Fcategories&post=59654"},{"taxonomy":"post_tag","embeddable":true,"href":"https:\/\/radiorevelacionfm.cl\/index.php?rest_route=%2Fwp%2Fv2%2Ftags&post=59654"}],"curies":[{"name":"wp","href":"https:\/\/api.w.org\/{rel}","templated":true}]}}