{"id":59652,"date":"2025-09-28T18:57:15","date_gmt":"2025-09-28T21:57:15","guid":{"rendered":"https:\/\/radiorevelacionfm.cl\/?p=59652"},"modified":"2025-10-02T15:10:37","modified_gmt":"2025-10-02T18:10:37","slug":"senador-sandoval-advierte-complejidades-en-discusion-de-ley-de-presupuesto-2026","status":"publish","type":"post","link":"https:\/\/radiorevelacionfm.cl\/?p=59652","title":{"rendered":"Senador Sandoval advierte complejidades en discusi\u00f3n de ley de Presupuesto 2026"},"content":{"rendered":"<div class=\"flex_column av_one_full  flex_column_div av-zero-column-padding first  avia-builder-el-0  el_before_av_one_full  avia-builder-el-first  \" style='border-radius:0px; '><div  class='avia-image-container  av-styling-    avia-builder-el-1  avia-builder-el-no-sibling  avia-align-center '  itemprop=\"image\" itemscope=\"itemscope\" itemtype=\"https:\/\/schema.org\/ImageObject\"  ><div class='avia-image-container-inner'><div class='avia-image-overlay-wrap'><img decoding=\"async\" class='wp-image-54076 avia-img-lazy-loading-not-54076 avia_image' src=\"https:\/\/radiorevelacionfm.cl\/wp-content\/uploads\/2025\/05\/senador-sandoval-14-1-2.jpg\" alt='' title='senador sandoval (14) (1) (2)' height=\"600\" width=\"900\"  itemprop=\"thumbnailUrl\" srcset=\"https:\/\/radiorevelacionfm.cl\/wp-content\/uploads\/2025\/05\/senador-sandoval-14-1-2.jpg 900w, https:\/\/radiorevelacionfm.cl\/wp-content\/uploads\/2025\/05\/senador-sandoval-14-1-2-300x200.jpg 300w, https:\/\/radiorevelacionfm.cl\/wp-content\/uploads\/2025\/05\/senador-sandoval-14-1-2-768x512.jpg 768w, https:\/\/radiorevelacionfm.cl\/wp-content\/uploads\/2025\/05\/senador-sandoval-14-1-2-705x470.jpg 705w, https:\/\/radiorevelacionfm.cl\/wp-content\/uploads\/2025\/05\/senador-sandoval-14-1-2-450x300.jpg 450w, https:\/\/radiorevelacionfm.cl\/wp-content\/uploads\/2025\/05\/senador-sandoval-14-1-2-600x400.jpg 600w\" sizes=\"(max-width: 900px) 100vw, 900px\" \/><\/div><\/div><\/div><\/div><div class=\"flex_column av_one_full  flex_column_div av-zero-column-padding first  avia-builder-el-2  el_after_av_one_full  el_before_av_one_full  column-top-margin\" style='border-radius:0px; '><section class=\"av_textblock_section \"  itemscope=\"itemscope\" itemtype=\"https:\/\/schema.org\/BlogPosting\" itemprop=\"blogPost\" ><div class='avia_textblock  '   itemprop=\"text\" ><p style=\"text-align: center;\"><span style=\"font-size: 18pt;\"><strong>Senador Sandoval advierte complejidades en discusi\u00f3n de ley de Presupuesto 2026 <\/strong><\/span><\/p>\n<div id=\"gtx-trans\" style=\"position: absolute; left: -50px; top: 4.31534px;\">\n<div class=\"gtx-trans-icon\"><\/div>\n<\/div>\n<\/div><\/section><\/div><div class=\"flex_column av_one_full  flex_column_div av-zero-column-padding first  avia-builder-el-4  el_after_av_one_full  el_before_av_hr  column-top-margin\" style='border-radius:0px; '><section class=\"av_textblock_section \"  itemscope=\"itemscope\" itemtype=\"https:\/\/schema.org\/BlogPosting\" itemprop=\"blogPost\" ><div class='avia_textblock  '   itemprop=\"text\" ><p style=\"text-align: justify;\"><em>El parlamentario forma parte de la quinta subcomisi\u00f3n mixta de Presupuesto, la cual se aboca al estudio de las partidas del MOP, Transportes, Agricultura, entre otras.<\/em><\/p>\n<p style=\"text-align: justify;\">El senador David Sandoval manifest\u00f3 su inquietud ante la inminente discusi\u00f3n del Proyecto de Ley de Presupuesto 2026, advirtiendo que el pa\u00eds enfrenta un complejo escenario en materia financiera, que condicionar\u00e1n la gesti\u00f3n del pr\u00f3ximo Gobierno.<\/p>\n<p style=\"text-align: justify;\">Sandoval ejemplifica el tema con lo se\u00f1alado hace unos d\u00edas por la Asociaci\u00f3n de Desarrolladores de Viviendas Sociales, quienes expusieron en la comisi\u00f3n de Vivienda del Senado, un d\u00e9ficit de $310 mil millones en el Serviu Metropolitano, afectando la construcci\u00f3n de viviendas sociales y el empleo en el sector. \u201cEsto debe ser aclarado, porque no fue una denuncia pol\u00edtica, sino una denuncia de una entidad formal del mundo empresarial, que se ha visto enfrentado a postergaci\u00f3n de estados de pago, de inicio de obras y que va a repercutir en el pr\u00f3ximo gobierno\u201d, argument\u00f3.<\/p>\n<p style=\"text-align: justify;\">Ante esta alerta, parlamentarios de oposici\u00f3n integrantes de la comisi\u00f3n mixta de Presupuesto, se reunieron en los \u00faltimos d\u00edas para analizar los escenarios y ver qu\u00e9 estrategia seguir. \u201cEstamos en un periodo muy restrictivo de recursos, donde el Gobierno hizo malos c\u00e1lculos de que iban a haber determinados ingresos que al final no ocurrieron. Adem\u00e1s se comprometieron\u00a0 gastos que desgraciadamente, al no tener los financiamientos, quedaron pendientes de ejecuci\u00f3n\u201d, se\u00f1al\u00f3.<\/p>\n<p style=\"text-align: justify;\">Adem\u00e1s, Sandoval subray\u00f3 que la gran duda que existe actualmente es saber cu\u00e1l es el real nivel de deuda que tiene el Gobierno. \u201cEl Estado y el Gobierno tienen un nivel de endeudamiento muy grande. Y yo creo que la salida del ministro Mario Marcel, se explica mucho porque probablemente quiso a lo mejor poner una presi\u00f3n mucho m\u00e1s fuerte que no se lo aceptaron\u201d, indic\u00f3.<\/p>\n<p style=\"text-align: justify;\">En ese contexto, adelant\u00f3 que la discusi\u00f3n presupuestaria, que comienza el 1 de octubre, ser\u00e1 una de las m\u00e1s complejas de los \u00faltimos a\u00f1os. \u201cEl gobierno gast\u00f3 m\u00e1s plata de la que ten\u00eda, hizo malos c\u00e1lculos presupuestarios y estim\u00f3 mal los ingresos. En definitiva, estamos en una condici\u00f3n muy compleja desde el punto de vista de los recursos y eso es lo que alert\u00f3 a la oposici\u00f3n, porque el pr\u00f3ximo Gobierno es el que tendr\u00e1 que llevar adelante este presupuesto\u201d, advirti\u00f3.<\/p>\n<p style=\"text-align: justify;\">Con todo, el legislador adelant\u00f3 que el debate, tanto de las subcomisiones como de la propia comisi\u00f3n Mixta de Presupuesto, ser\u00e1 intenso, llamando al Ejecutivo a entregar con urgencia cifras claras y verificables: \u201cLos gobiernos tienen la gran tarea de ser responsables con la gesti\u00f3n financiera, con la gesti\u00f3n presupuestaria\u201d, cerr\u00f3.<\/p>\n<\/div><\/section><\/div><div  style='height:50px' class='hr hr-invisible   avia-builder-el-6  el_after_av_one_full  el_before_av_social_share '><span class='hr-inner ' ><span class='hr-inner-style'><\/span><\/span><\/div><\/p>\n<div  class='av-social-sharing-box  avia-builder-el-7  el_after_av_hr  el_before_av_hr  '><div class='av-share-box'><h5 class='av-share-link-description av-no-toc '>Compartir esta noticia<\/h5><ul class='av-share-box-list noLightbox'><li class='av-share-link av-social-link-facebook' ><a target=\"_blank\" aria-label=\"Compartir en Facebook\" href='https:\/\/www.facebook.com\/sharer.php?u=https:\/\/radiorevelacionfm.cl\/?p=59652&#038;t=Senador%20Sandoval%20advierte%20complejidades%20en%20discusi%C3%B3n%20de%20ley%20de%20Presupuesto%202026' aria-hidden='false' data-av_icon='\ue8f3' data-av_iconfont='entypo-fontello' title='' data-avia-related-tooltip='Compartir en Facebook' rel=\"noopener\"><span class='avia_hidden_link_text'>Compartir en Facebook<\/span><\/a><\/li><li class='av-share-link av-social-link-twitter' ><a target=\"_blank\" aria-label=\"Compartir en Twitter\" href='https:\/\/twitter.com\/share?text=Senador%20Sandoval%20advierte%20complejidades%20en%20discusi%C3%B3n%20de%20ley%20de%20Presupuesto%202026&#038;url=https:\/\/radiorevelacionfm.cl\/?p=59652' aria-hidden='false' data-av_icon='\ue8f1' data-av_iconfont='entypo-fontello' title='' data-avia-related-tooltip='Compartir en Twitter' rel=\"noopener\"><span class='avia_hidden_link_text'>Compartir en Twitter<\/span><\/a><\/li><li class='av-share-link av-social-link-whatsapp' ><a target=\"_blank\" aria-label=\"Compartir en Whatsapp\" href='https:\/\/api.whatsapp.com\/send?text=https:\/\/radiorevelacionfm.cl\/?p=59652' aria-hidden='false' data-av_icon='\uf232' data-av_iconfont='entypo-fontello' title='' data-avia-related-tooltip='Compartir en Whatsapp' rel=\"noopener\"><span class='avia_hidden_link_text'>Compartir en Whatsapp<\/span><\/a><\/li><li class='av-share-link av-social-link-linkedin' ><a target=\"_blank\" aria-label=\"Compartir en LinkedIn\" href='https:\/\/linkedin.com\/shareArticle?mini=true&#038;title=Senador%20Sandoval%20advierte%20complejidades%20en%20discusi%C3%B3n%20de%20ley%20de%20Presupuesto%202026&#038;url=https:\/\/radiorevelacionfm.cl\/?p=59652' aria-hidden='false' data-av_icon='\ue8fc' data-av_iconfont='entypo-fontello' title='' data-avia-related-tooltip='Compartir en LinkedIn' rel=\"noopener\"><span class='avia_hidden_link_text'>Compartir en LinkedIn<\/span><\/a><\/li><li class='av-share-link av-social-link-mail' ><a  aria-label=\"Compartir por correo\" href='mailto:?subject=Senador%20Sandoval%20advierte%20complejidades%20en%20discusi%C3%B3n%20de%20ley%20de%20Presupuesto%202026&#038;body=https:\/\/radiorevelacionfm.cl\/?p=59652' aria-hidden='false' data-av_icon='\ue805' data-av_iconfont='entypo-fontello' title='' data-avia-related-tooltip='Compartir por correo'><span class='avia_hidden_link_text'>Compartir por correo<\/span><\/a><\/li><\/ul><\/div><\/div>\n<div  style='height:50px' class='hr hr-invisible   avia-builder-el-8  el_after_av_social_share  el_before_av_comments_list '><span class='hr-inner ' ><span class='hr-inner-style'><\/span><\/span><\/div>\n<div  class='av-buildercomment  av-blog-meta-html-info-disabled av-blog-meta-tag-disabled  '><\/div>\n","protected":false},"excerpt":{"rendered":"","protected":false},"author":1,"featured_media":54076,"comment_status":"closed","ping_status":"closed","sticky":false,"template":"","format":"standard","meta":{"footnotes":""},"categories":[35],"tags":[],"class_list":["post-59652","post","type-post","status-publish","format-standard","has-post-thumbnail","hentry","category-politica"],"jetpack_featured_media_url":"https:\/\/radiorevelacionfm.cl\/wp-content\/uploads\/2025\/05\/senador-sandoval-14-1-2.jpg","_links":{"self":[{"href":"https:\/\/radiorevelacionfm.cl\/index.php?rest_route=\/wp\/v2\/posts\/59652","targetHints":{"allow":["GET"]}}],"collection":[{"href":"https:\/\/radiorevelacionfm.cl\/index.php?rest_route=\/wp\/v2\/posts"}],"about":[{"href":"https:\/\/radiorevelacionfm.cl\/index.php?rest_route=\/wp\/v2\/types\/post"}],"author":[{"embeddable":true,"href":"https:\/\/radiorevelacionfm.cl\/index.php?rest_route=\/wp\/v2\/users\/1"}],"replies":[{"embeddable":true,"href":"https:\/\/radiorevelacionfm.cl\/index.php?rest_route=%2Fwp%2Fv2%2Fcomments&post=59652"}],"version-history":[{"count":2,"href":"https:\/\/radiorevelacionfm.cl\/index.php?rest_route=\/wp\/v2\/posts\/59652\/revisions"}],"predecessor-version":[{"id":59833,"href":"https:\/\/radiorevelacionfm.cl\/index.php?rest_route=\/wp\/v2\/posts\/59652\/revisions\/59833"}],"wp:featuredmedia":[{"embeddable":true,"href":"https:\/\/radiorevelacionfm.cl\/index.php?rest_route=\/wp\/v2\/media\/54076"}],"wp:attachment":[{"href":"https:\/\/radiorevelacionfm.cl\/index.php?rest_route=%2Fwp%2Fv2%2Fmedia&parent=59652"}],"wp:term":[{"taxonomy":"category","embeddable":true,"href":"https:\/\/radiorevelacionfm.cl\/index.php?rest_route=%2Fwp%2Fv2%2Fcategories&post=59652"},{"taxonomy":"post_tag","embeddable":true,"href":"https:\/\/radiorevelacionfm.cl\/index.php?rest_route=%2Fwp%2Fv2%2Ftags&post=59652"}],"curies":[{"name":"wp","href":"https:\/\/api.w.org\/{rel}","templated":true}]}}