{"id":59641,"date":"2025-09-28T18:17:30","date_gmt":"2025-09-28T21:17:30","guid":{"rendered":"https:\/\/radiorevelacionfm.cl\/?p=59641"},"modified":"2025-09-28T18:17:30","modified_gmt":"2025-09-28T21:17:30","slug":"inicia-traslado-de-componentes-para-construccion-de-aerogeneradores-del-proyecto-alto-baguales","status":"publish","type":"post","link":"https:\/\/radiorevelacionfm.cl\/?p=59641","title":{"rendered":"Inicia traslado de componentes para construcci\u00f3n de aerogeneradores del proyecto Alto Baguales"},"content":{"rendered":"<div class=\"flex_column av_one_full  flex_column_div av-zero-column-padding first  avia-builder-el-0  el_before_av_one_full  avia-builder-el-first  \" style='border-radius:0px; '><div  class='avia-image-container  av-styling-    avia-builder-el-1  avia-builder-el-no-sibling  avia-align-center '  itemprop=\"image\" itemscope=\"itemscope\" itemtype=\"https:\/\/schema.org\/ImageObject\"  ><div class='avia-image-container-inner'><div class='avia-image-overlay-wrap'><img decoding=\"async\" class='wp-image-59642 avia-img-lazy-loading-not-59642 avia_image' src=\"https:\/\/radiorevelacionfm.cl\/wp-content\/uploads\/2025\/09\/20250926_004953-1_optimized.jpg\" alt='' title='20250926_004953-(1)_optimized' height=\"600\" width=\"800\"  itemprop=\"thumbnailUrl\" srcset=\"https:\/\/radiorevelacionfm.cl\/wp-content\/uploads\/2025\/09\/20250926_004953-1_optimized.jpg 800w, https:\/\/radiorevelacionfm.cl\/wp-content\/uploads\/2025\/09\/20250926_004953-1_optimized-300x225.jpg 300w, https:\/\/radiorevelacionfm.cl\/wp-content\/uploads\/2025\/09\/20250926_004953-1_optimized-768x576.jpg 768w, https:\/\/radiorevelacionfm.cl\/wp-content\/uploads\/2025\/09\/20250926_004953-1_optimized-705x529.jpg 705w, https:\/\/radiorevelacionfm.cl\/wp-content\/uploads\/2025\/09\/20250926_004953-1_optimized-450x338.jpg 450w, https:\/\/radiorevelacionfm.cl\/wp-content\/uploads\/2025\/09\/20250926_004953-1_optimized-600x450.jpg 600w\" sizes=\"(max-width: 800px) 100vw, 800px\" \/><\/div><\/div><\/div><\/div><div class=\"flex_column av_one_full  flex_column_div av-zero-column-padding first  avia-builder-el-2  el_after_av_one_full  el_before_av_one_full  column-top-margin\" style='border-radius:0px; '><section class=\"av_textblock_section \"  itemscope=\"itemscope\" itemtype=\"https:\/\/schema.org\/BlogPosting\" itemprop=\"blogPost\" ><div class='avia_textblock  '   itemprop=\"text\" ><p style=\"text-align: center;\"><strong><span style=\"font-size: 18pt;\">Inicia traslado de componentes para construcci\u00f3n de aerogeneradores del proyecto Alto Baguales<\/span><\/strong><\/p>\n<div id=\"gtx-trans\" style=\"position: absolute; left: -50px; top: 4.31534px;\">\n<div class=\"gtx-trans-icon\"><\/div>\n<\/div>\n<\/div><\/section><\/div><div class=\"flex_column av_one_full  flex_column_div av-zero-column-padding first  avia-builder-el-4  el_after_av_one_full  el_before_av_hr  column-top-margin\" style='border-radius:0px; '><section class=\"av_textblock_section \"  itemscope=\"itemscope\" itemtype=\"https:\/\/schema.org\/BlogPosting\" itemprop=\"blogPost\" ><div class='avia_textblock  '   itemprop=\"text\" ><ul>\n<li style=\"text-align: justify;\"><em>A trav\u00e9s de una operaci\u00f3n log\u00edstica que implic\u00f3 planificaci\u00f3n conjunta de la seremiTT, Siat de Carabineros, Edelaysen y Vialidad, inici\u00f3 el traslado de carga sobredimensionada desde Puerto Chacabuco al sector Alto Baguales.<\/em><\/li>\n<li style=\"text-align: justify;\"><em>La faena tendr\u00e1 lugar hasta el 15 de noviembre, los d\u00edas lunes, jueves y s\u00e1bados entre las 23 hrs y 06 am. por lo que se reiter\u00f3 el llamado a mantener las v\u00edas despejadas en este lapso de tiempo.<\/em><\/li>\n<\/ul>\n<p style=\"text-align: justify;\">En una operaci\u00f3n conjunta entre el Ministerio de Transportes y Telecomunicaciones, el Ministerio de Obras P\u00fablicas, Carabineros de Chile y la empresa Edelaysen, comenz\u00f3 el traslado de componentes para la ampliaci\u00f3n del parque e\u00f3lico de Alto Baguales. La faena contempla el despliegue de carga que recorrer\u00e1n la ruta CH-240 desde Puerto Chacabuco durante seis semanas, en horarios nocturnos, movilizando m\u00e1s de 50 piezas de gran tama\u00f1o.<\/p>\n<p style=\"text-align: justify;\">El seremiTT Hans Zimmermann detall\u00f3 que el trabajo de carga se llevar\u00e1 a cabo los d\u00edas\u00a0 lunes, jueves y s\u00e1bado, entre las 23 y 06 am hasta el d\u00eda 15 de noviembre, instancia en la que existe una planificaci\u00f3n para la seguridad y acompa\u00f1amiento de estos equipos. \u201cEstamos supervisando el inicio de esta operaci\u00f3n que contempla dieciocho convoyes que trasladar\u00e1n los aerogeneradores en un per\u00edodo de seis semanas. Se han tomado todas las coordinaciones y las medidas necesarias para informar a la poblaci\u00f3n y a los dem\u00e1s usuarios de la ruta 240 sobre este traslado de carga sobredimensionada y con sobrepeso, que por supuesto va a operar con todas las medidas de seguridad para garantizar el tr\u00e1nsito en la ruta y la seguridad de todos los usuarios\u201d, afirm\u00f3.<\/p>\n<p style=\"text-align: justify;\">Desde la empresa Edelaysen, el gerente de proyectos Leonardo Mor\u00e1n, valor\u00f3 el trabajo y coordinaci\u00f3n conjunto con organismos del Estado para facilitar el desarrollo de un proyecto muy necesario para la regi\u00f3n: \u201cEste es un tremendo hito desde el punto de vista de desarrollo para Ays\u00e9n. Primero porque vamos adquiriendo experiencia como regi\u00f3n en construir proyectos de mayor magnitud a la que normalmente estamos acostumbrados. Pero adem\u00e1s, lo m\u00e1s importante es que esto es un aporte muy significativo de energ\u00eda limpia, energ\u00eda renovable para poder reducir el consumo de di\u00e9sel de nuestra matriz y hacerla una matriz m\u00e1s limpia y m\u00e1s robusta, con mayor generaci\u00f3n que soporte la demanda y el crecimiento\u201d.<\/p>\n<p style=\"text-align: justify;\">Finalmente el teniente de la SIAT de Carabineros, Manuel C\u00e1ceres se refiri\u00f3 al detalle de la operaci\u00f3n planificado para el traslado de la carga sobredimensionada. La comitiva de seguridad se compone, \u201cpor patrulla de carabinero, cuatro veh\u00edculos de apoyo de la empresa de transporte, tres veh\u00edculos de carga y los veh\u00edculos de emergencia, que van a ir tanto a adelante como tambi\u00e9n a retaguardia. Los veh\u00edculos van a transitar a una velocidad de aproximadamente veinticinco a treinta kil\u00f3metros por hora. Por lo tanto, va a ser una un desplazamiento lento por la ruta y, por lo mismo, es el llamado a no utilizar la v\u00eda en este horario. Son cargas que de ancho son aproximadamente cinco metros, y algunas aspas que superan los ochenta metros de largo, por lo tanto, son elementos que ocupan ambas v\u00edas y, sobre todo en las curvas que, por su radio de giro, van a utilizar ambas pistas de circulaci\u00f3n. Por lo tanto, se reitera el llamado a no utilizar la v\u00eda durante los d\u00edas y horarios se\u00f1alados.\u201d<\/p>\n<\/div><\/section><\/div><div  style='height:50px' class='hr hr-invisible   avia-builder-el-6  el_after_av_one_full  el_before_av_social_share '><span class='hr-inner ' ><span class='hr-inner-style'><\/span><\/span><\/div><\/p>\n<div  class='av-social-sharing-box  avia-builder-el-7  el_after_av_hr  el_before_av_hr  '><div class='av-share-box'><h5 class='av-share-link-description av-no-toc '>Compartir esta noticia<\/h5><ul class='av-share-box-list noLightbox'><li class='av-share-link av-social-link-facebook' ><a target=\"_blank\" aria-label=\"Compartir en Facebook\" href='https:\/\/www.facebook.com\/sharer.php?u=https:\/\/radiorevelacionfm.cl\/?p=59641&#038;t=Inicia%20traslado%20de%20componentes%20para%20construcci%C3%B3n%20de%20aerogeneradores%20del%20proyecto%20Alto%20Baguales' aria-hidden='false' data-av_icon='\ue8f3' data-av_iconfont='entypo-fontello' title='' data-avia-related-tooltip='Compartir en Facebook' rel=\"noopener\"><span class='avia_hidden_link_text'>Compartir en Facebook<\/span><\/a><\/li><li class='av-share-link av-social-link-twitter' ><a target=\"_blank\" aria-label=\"Compartir en Twitter\" href='https:\/\/twitter.com\/share?text=Inicia%20traslado%20de%20componentes%20para%20construcci%C3%B3n%20de%20aerogeneradores%20del%20proyecto%20Alto%20Baguales&#038;url=https:\/\/radiorevelacionfm.cl\/?p=59641' aria-hidden='false' data-av_icon='\ue8f1' data-av_iconfont='entypo-fontello' title='' data-avia-related-tooltip='Compartir en Twitter' rel=\"noopener\"><span class='avia_hidden_link_text'>Compartir en Twitter<\/span><\/a><\/li><li class='av-share-link av-social-link-whatsapp' ><a target=\"_blank\" aria-label=\"Compartir en Whatsapp\" href='https:\/\/api.whatsapp.com\/send?text=https:\/\/radiorevelacionfm.cl\/?p=59641' aria-hidden='false' data-av_icon='\uf232' data-av_iconfont='entypo-fontello' title='' data-avia-related-tooltip='Compartir en Whatsapp' rel=\"noopener\"><span class='avia_hidden_link_text'>Compartir en Whatsapp<\/span><\/a><\/li><li class='av-share-link av-social-link-linkedin' ><a target=\"_blank\" aria-label=\"Compartir en LinkedIn\" href='https:\/\/linkedin.com\/shareArticle?mini=true&#038;title=Inicia%20traslado%20de%20componentes%20para%20construcci%C3%B3n%20de%20aerogeneradores%20del%20proyecto%20Alto%20Baguales&#038;url=https:\/\/radiorevelacionfm.cl\/?p=59641' aria-hidden='false' data-av_icon='\ue8fc' data-av_iconfont='entypo-fontello' title='' data-avia-related-tooltip='Compartir en LinkedIn' rel=\"noopener\"><span class='avia_hidden_link_text'>Compartir en LinkedIn<\/span><\/a><\/li><li class='av-share-link av-social-link-mail' ><a  aria-label=\"Compartir por correo\" href='mailto:?subject=Inicia%20traslado%20de%20componentes%20para%20construcci%C3%B3n%20de%20aerogeneradores%20del%20proyecto%20Alto%20Baguales&#038;body=https:\/\/radiorevelacionfm.cl\/?p=59641' aria-hidden='false' data-av_icon='\ue805' data-av_iconfont='entypo-fontello' title='' data-avia-related-tooltip='Compartir por correo'><span class='avia_hidden_link_text'>Compartir por correo<\/span><\/a><\/li><\/ul><\/div><\/div>\n<div  style='height:50px' class='hr hr-invisible   avia-builder-el-8  el_after_av_social_share  el_before_av_comments_list '><span class='hr-inner ' ><span class='hr-inner-style'><\/span><\/span><\/div>\n<div  class='av-buildercomment  av-blog-meta-html-info-disabled av-blog-meta-tag-disabled  '><\/div>\n","protected":false},"excerpt":{"rendered":"","protected":false},"author":1,"featured_media":59642,"comment_status":"closed","ping_status":"closed","sticky":false,"template":"","format":"standard","meta":{"footnotes":""},"categories":[38],"tags":[],"class_list":["post-59641","post","type-post","status-publish","format-standard","has-post-thumbnail","hentry","category-regional"],"jetpack_featured_media_url":"https:\/\/radiorevelacionfm.cl\/wp-content\/uploads\/2025\/09\/20250926_004953-1_optimized.jpg","_links":{"self":[{"href":"https:\/\/radiorevelacionfm.cl\/index.php?rest_route=\/wp\/v2\/posts\/59641","targetHints":{"allow":["GET"]}}],"collection":[{"href":"https:\/\/radiorevelacionfm.cl\/index.php?rest_route=\/wp\/v2\/posts"}],"about":[{"href":"https:\/\/radiorevelacionfm.cl\/index.php?rest_route=\/wp\/v2\/types\/post"}],"author":[{"embeddable":true,"href":"https:\/\/radiorevelacionfm.cl\/index.php?rest_route=\/wp\/v2\/users\/1"}],"replies":[{"embeddable":true,"href":"https:\/\/radiorevelacionfm.cl\/index.php?rest_route=%2Fwp%2Fv2%2Fcomments&post=59641"}],"version-history":[{"count":2,"href":"https:\/\/radiorevelacionfm.cl\/index.php?rest_route=\/wp\/v2\/posts\/59641\/revisions"}],"predecessor-version":[{"id":59644,"href":"https:\/\/radiorevelacionfm.cl\/index.php?rest_route=\/wp\/v2\/posts\/59641\/revisions\/59644"}],"wp:featuredmedia":[{"embeddable":true,"href":"https:\/\/radiorevelacionfm.cl\/index.php?rest_route=\/wp\/v2\/media\/59642"}],"wp:attachment":[{"href":"https:\/\/radiorevelacionfm.cl\/index.php?rest_route=%2Fwp%2Fv2%2Fmedia&parent=59641"}],"wp:term":[{"taxonomy":"category","embeddable":true,"href":"https:\/\/radiorevelacionfm.cl\/index.php?rest_route=%2Fwp%2Fv2%2Fcategories&post=59641"},{"taxonomy":"post_tag","embeddable":true,"href":"https:\/\/radiorevelacionfm.cl\/index.php?rest_route=%2Fwp%2Fv2%2Ftags&post=59641"}],"curies":[{"name":"wp","href":"https:\/\/api.w.org\/{rel}","templated":true}]}}