{"id":59637,"date":"2025-09-28T17:58:30","date_gmt":"2025-09-28T20:58:30","guid":{"rendered":"https:\/\/radiorevelacionfm.cl\/?p=59637"},"modified":"2025-09-28T17:58:30","modified_gmt":"2025-09-28T20:58:30","slug":"cerca-de-800-ecografias-mamarias-y-abdominales-fortalecen-la-pesquisa-y-reducen-lista-de-espera-en-la-region","status":"publish","type":"post","link":"https:\/\/radiorevelacionfm.cl\/?p=59637","title":{"rendered":"Cerca de 800 ecograf\u00edas mamarias y abdominales fortalecen la pesquisa y reducen lista de espera en la regi\u00f3n"},"content":{"rendered":"<div class=\"flex_column av_one_full  flex_column_div av-zero-column-padding first  avia-builder-el-0  el_before_av_one_full  avia-builder-el-first  \" style='border-radius:0px; '><div  class='avia-image-container  av-styling-    avia-builder-el-1  avia-builder-el-no-sibling  avia-align-center '  itemprop=\"image\" itemscope=\"itemscope\" itemtype=\"https:\/\/schema.org\/ImageObject\"  ><div class='avia-image-container-inner'><div class='avia-image-overlay-wrap'><img decoding=\"async\" class='wp-image-59638 avia-img-lazy-loading-not-59638 avia_image' src=\"https:\/\/radiorevelacionfm.cl\/wp-content\/uploads\/2025\/09\/operativo-id-15-1_optimized-1.jpeg\" alt='' title='operativo-id-15-(1)_optimized (1)' height=\"600\" width=\"1067\"  itemprop=\"thumbnailUrl\" srcset=\"https:\/\/radiorevelacionfm.cl\/wp-content\/uploads\/2025\/09\/operativo-id-15-1_optimized-1.jpeg 1067w, https:\/\/radiorevelacionfm.cl\/wp-content\/uploads\/2025\/09\/operativo-id-15-1_optimized-1-300x169.jpeg 300w, https:\/\/radiorevelacionfm.cl\/wp-content\/uploads\/2025\/09\/operativo-id-15-1_optimized-1-1030x579.jpeg 1030w, https:\/\/radiorevelacionfm.cl\/wp-content\/uploads\/2025\/09\/operativo-id-15-1_optimized-1-768x432.jpeg 768w, https:\/\/radiorevelacionfm.cl\/wp-content\/uploads\/2025\/09\/operativo-id-15-1_optimized-1-705x396.jpeg 705w, https:\/\/radiorevelacionfm.cl\/wp-content\/uploads\/2025\/09\/operativo-id-15-1_optimized-1-450x253.jpeg 450w, https:\/\/radiorevelacionfm.cl\/wp-content\/uploads\/2025\/09\/operativo-id-15-1_optimized-1-600x337.jpeg 600w\" sizes=\"(max-width: 1067px) 100vw, 1067px\" \/><\/div><\/div><\/div><\/div><div class=\"flex_column av_one_full  flex_column_div av-zero-column-padding first  avia-builder-el-2  el_after_av_one_full  el_before_av_one_full  column-top-margin\" style='border-radius:0px; '><section class=\"av_textblock_section \"  itemscope=\"itemscope\" itemtype=\"https:\/\/schema.org\/BlogPosting\" itemprop=\"blogPost\" ><div class='avia_textblock  '   itemprop=\"text\" ><p style=\"font-weight: 400; text-align: center;\"><span style=\"font-size: 18pt;\"><strong>Cerca de 800 ecograf\u00edas mamarias y abdominales fortalecen la pesquisa y reducen lista de espera en la regi\u00f3n<\/strong><\/span><\/p>\n<p style=\"font-weight: 400;\"><strong>\u00a0<\/strong><\/p>\n<div id=\"gtx-trans\" style=\"position: absolute; left: -50px; top: 4.31534px;\">\n<div class=\"gtx-trans-icon\"><\/div>\n<\/div>\n<\/div><\/section><\/div><div class=\"flex_column av_one_full  flex_column_div av-zero-column-padding first  avia-builder-el-4  el_after_av_one_full  el_before_av_hr  column-top-margin\" style='border-radius:0px; '><section class=\"av_textblock_section \"  itemscope=\"itemscope\" itemtype=\"https:\/\/schema.org\/BlogPosting\" itemprop=\"blogPost\" ><div class='avia_textblock  '   itemprop=\"text\" ><p style=\"font-weight: 400; text-align: justify;\"><em>La estrategia es impulsada por el Ministerio de Salud y ejecutada por el Servicio de Salud Ays\u00e9n en colaboraci\u00f3n con la\u00a0<\/em><em>Caja de Previsi\u00f3n de la Defensa Nacional<\/em><em>\u00a0(<\/em><em>Capreden<\/em><em>a)<\/em><em>.<\/em><\/p>\n<p style=\"font-weight: 400; text-align: justify;\">Desde junio a la fecha, el Programa de Fortalecimiento de la Atenci\u00f3n Primaria en Im\u00e1genes Diagn\u00f3sticas ha permitido realizar 797 ecograf\u00edas mamarias y abdominales en distintos puntos de la regi\u00f3n. De ese total, 244 se efectuaron en establecimientos dependientes de la Direcci\u00f3n de Salud Rural, resolviendo prestaciones que antes implicaban extensos traslados o largas esperas.<\/p>\n<p style=\"font-weight: 400; text-align: justify;\">Uno de los operativos m\u00e1s recientes se desarroll\u00f3 en la Posta de Salud Rural de Villa Cerro Castillo, donde cerca de 80 personas accedieron a estos ex\u00e1menes. Adem\u00e1s de los vecinos de la localidad, participaron usuarias y usuarios trasladados desde Puerto S\u00e1nchez, Bah\u00eda Murta y\u00a0R\u00edo Ib\u00e1\u00f1ez, en una jornada que contempl\u00f3 transporte de ida y regreso para la realizaci\u00f3n de las ecograf\u00edas.<\/p>\n<p style=\"font-weight: 400; text-align: justify;\">\u201cLa coordinaci\u00f3n fue clave para que la jornada resultara exitosa. Este operativo fue posible gracias al trabajo conjunto entre los equipos administrativos y la posta local. La organizaci\u00f3n y la contactabilidad con los usuarios permitieron que todo fluyera de manera ordenada y exitosa\u201d, destac\u00f3 Karina Sol\u00eds, encargada de SOME de la Direcci\u00f3n de Salud Rural.<\/p>\n<p style=\"font-weight: 400; text-align: justify;\">Desde Alto R\u00edo Ib\u00e1\u00f1ez, Marco Barrientos valor\u00f3 la oportunidad: \u201cEsta hora yo la ten\u00eda m\u00e1s de un a\u00f1o y ahora sali\u00f3 porque vinieron ustedes ac\u00e1\u201d. En tanto, Miriam Mu\u00f1oz, usuaria de Puerto Ib\u00e1\u00f1ez, expres\u00f3: \u201cMe alegro que vengan a los pueblos lejanos porque de repente no tenemos la posibilidad de salir a Coyhaique, o donde se hacen las cosas\u201d.<\/p>\n<p style=\"font-weight: 400; text-align: justify;\">El despliegue ha continuado en localidades como Chile Chico y en otros establecimientos de la red asistencial, incluyendo el CESFAM Alejandro Guti\u00e9rrez, CESFAM V\u00edctor Domingo Silva, Hospital de Puerto Cisnes, CESFAM La Junta y el CECOSF de Villa Ma\u00f1ihuales.<\/p>\n<p style=\"font-weight: 400; text-align: justify;\">\u201cCuando se ejecuta un programa tan relevante como este, lo m\u00e1s importante es la coordinaci\u00f3n y el trabajo conjunto. Desde lo administrativo hasta lo cl\u00ednico, cada engranaje es fundamental para que la prestaci\u00f3n llegue finalmente a nuestros usuarios y usuarias, que son el centro de la Atenci\u00f3n Primaria en Salud\u201d, acot\u00f3 Daniela Mansilla, encargada regional del programa Fortalecimiento de la Atenci\u00f3n Primaria en Im\u00e1genes Diagn\u00f3sticas.<\/p>\n<p style=\"font-weight: 400; text-align: justify;\">El m\u00e9dico radi\u00f3logo de Capredena, Dr. Julio Mackines, complement\u00f3: \u201cAc\u00e1 se re\u00fanen lo mejor de muchos mundos. El mundo p\u00fablico logra resolver carencias y\u00a0necesidades diagn\u00f3sticas en las regiones australes de una forma que es buena para todos, y para nosotros tambi\u00e9n ha sido una muy grata experiencia porque desde el punto de vista humano hemos tenido una c\u00e1lida acogida, tanto del personal como de los pacientes\u201d, dijo.<\/p>\n<p style=\"font-weight: 400; text-align: justify;\">La directora de Salud Rural del SSA, Nadia Hern\u00e1ndez Chacano, subray\u00f3 la relevancia de este tipo de operativos ejecutados por la Red Asistencial en colaboraci\u00f3n con Capredena.<\/p>\n<p style=\"font-weight: 400; text-align: justify;\">\u201cEl fortalecimiento en im\u00e1genes diagn\u00f3sticas nos ha permitido que nuestra red rural resuelva prestaciones que antes implicaba largos desplazamientos para nuestros usuarios, o tambi\u00e9n esperas prolongadas para poder acceder a una hora. Hoy estamos acercando diagn\u00f3sticos oportunos a las localidades apartadas, lo cual nos permite avanzar en resolutividad y equidad para nuestras comunidades rurales\u201d.<\/p>\n<p style=\"font-weight: 400; text-align: justify;\">Con este tipo de operativos, la Atenci\u00f3n Primaria en Salud refuerza su rol estrat\u00e9gico en la red asistencial, acercando ex\u00e1menes diagn\u00f3sticos a la poblaci\u00f3n y contribuyendo a una atenci\u00f3n m\u00e1s resolutiva en los territorios rurales de Ays\u00e9n.<\/p>\n<\/div><\/section><\/div><div  style='height:50px' class='hr hr-invisible   avia-builder-el-6  el_after_av_one_full  el_before_av_social_share '><span class='hr-inner ' ><span class='hr-inner-style'><\/span><\/span><\/div><\/p>\n<div  class='av-social-sharing-box  avia-builder-el-7  el_after_av_hr  el_before_av_hr  '><div class='av-share-box'><h5 class='av-share-link-description av-no-toc '>Compartir esta noticia<\/h5><ul class='av-share-box-list noLightbox'><li class='av-share-link av-social-link-facebook' ><a target=\"_blank\" aria-label=\"Compartir en Facebook\" href='https:\/\/www.facebook.com\/sharer.php?u=https:\/\/radiorevelacionfm.cl\/?p=59637&#038;t=Cerca%20de%20800%20ecograf%C3%ADas%20mamarias%20y%20abdominales%20fortalecen%20la%20pesquisa%20y%20reducen%20lista%20de%20espera%20en%20la%20regi%C3%B3n' aria-hidden='false' data-av_icon='\ue8f3' data-av_iconfont='entypo-fontello' title='' data-avia-related-tooltip='Compartir en Facebook' rel=\"noopener\"><span class='avia_hidden_link_text'>Compartir en Facebook<\/span><\/a><\/li><li class='av-share-link av-social-link-twitter' ><a target=\"_blank\" aria-label=\"Compartir en Twitter\" href='https:\/\/twitter.com\/share?text=Cerca%20de%20800%20ecograf%C3%ADas%20mamarias%20y%20abdominales%20fortalecen%20la%20pesquisa%20y%20reducen%20lista%20de%20espera%20en%20la%20regi%C3%B3n&#038;url=https:\/\/radiorevelacionfm.cl\/?p=59637' aria-hidden='false' data-av_icon='\ue8f1' data-av_iconfont='entypo-fontello' title='' data-avia-related-tooltip='Compartir en Twitter' rel=\"noopener\"><span class='avia_hidden_link_text'>Compartir en Twitter<\/span><\/a><\/li><li class='av-share-link av-social-link-whatsapp' ><a target=\"_blank\" aria-label=\"Compartir en Whatsapp\" href='https:\/\/api.whatsapp.com\/send?text=https:\/\/radiorevelacionfm.cl\/?p=59637' aria-hidden='false' data-av_icon='\uf232' data-av_iconfont='entypo-fontello' title='' data-avia-related-tooltip='Compartir en Whatsapp' rel=\"noopener\"><span class='avia_hidden_link_text'>Compartir en Whatsapp<\/span><\/a><\/li><li class='av-share-link av-social-link-linkedin' ><a target=\"_blank\" aria-label=\"Compartir en LinkedIn\" href='https:\/\/linkedin.com\/shareArticle?mini=true&#038;title=Cerca%20de%20800%20ecograf%C3%ADas%20mamarias%20y%20abdominales%20fortalecen%20la%20pesquisa%20y%20reducen%20lista%20de%20espera%20en%20la%20regi%C3%B3n&#038;url=https:\/\/radiorevelacionfm.cl\/?p=59637' aria-hidden='false' data-av_icon='\ue8fc' data-av_iconfont='entypo-fontello' title='' data-avia-related-tooltip='Compartir en LinkedIn' rel=\"noopener\"><span class='avia_hidden_link_text'>Compartir en LinkedIn<\/span><\/a><\/li><li class='av-share-link av-social-link-mail' ><a  aria-label=\"Compartir por correo\" href='mailto:?subject=Cerca%20de%20800%20ecograf%C3%ADas%20mamarias%20y%20abdominales%20fortalecen%20la%20pesquisa%20y%20reducen%20lista%20de%20espera%20en%20la%20regi%C3%B3n&#038;body=https:\/\/radiorevelacionfm.cl\/?p=59637' aria-hidden='false' data-av_icon='\ue805' data-av_iconfont='entypo-fontello' title='' data-avia-related-tooltip='Compartir por correo'><span class='avia_hidden_link_text'>Compartir por correo<\/span><\/a><\/li><\/ul><\/div><\/div>\n<div  style='height:50px' class='hr hr-invisible   avia-builder-el-8  el_after_av_social_share  el_before_av_comments_list '><span class='hr-inner ' ><span class='hr-inner-style'><\/span><\/span><\/div>\n<div  class='av-buildercomment  av-blog-meta-html-info-disabled av-blog-meta-tag-disabled  '><\/div>\n","protected":false},"excerpt":{"rendered":"","protected":false},"author":1,"featured_media":59638,"comment_status":"closed","ping_status":"closed","sticky":false,"template":"","format":"standard","meta":{"footnotes":""},"categories":[46],"tags":[],"class_list":["post-59637","post","type-post","status-publish","format-standard","has-post-thumbnail","hentry","category-salud"],"jetpack_featured_media_url":"https:\/\/radiorevelacionfm.cl\/wp-content\/uploads\/2025\/09\/operativo-id-15-1_optimized-1.jpeg","_links":{"self":[{"href":"https:\/\/radiorevelacionfm.cl\/index.php?rest_route=\/wp\/v2\/posts\/59637","targetHints":{"allow":["GET"]}}],"collection":[{"href":"https:\/\/radiorevelacionfm.cl\/index.php?rest_route=\/wp\/v2\/posts"}],"about":[{"href":"https:\/\/radiorevelacionfm.cl\/index.php?rest_route=\/wp\/v2\/types\/post"}],"author":[{"embeddable":true,"href":"https:\/\/radiorevelacionfm.cl\/index.php?rest_route=\/wp\/v2\/users\/1"}],"replies":[{"embeddable":true,"href":"https:\/\/radiorevelacionfm.cl\/index.php?rest_route=%2Fwp%2Fv2%2Fcomments&post=59637"}],"version-history":[{"count":2,"href":"https:\/\/radiorevelacionfm.cl\/index.php?rest_route=\/wp\/v2\/posts\/59637\/revisions"}],"predecessor-version":[{"id":59640,"href":"https:\/\/radiorevelacionfm.cl\/index.php?rest_route=\/wp\/v2\/posts\/59637\/revisions\/59640"}],"wp:featuredmedia":[{"embeddable":true,"href":"https:\/\/radiorevelacionfm.cl\/index.php?rest_route=\/wp\/v2\/media\/59638"}],"wp:attachment":[{"href":"https:\/\/radiorevelacionfm.cl\/index.php?rest_route=%2Fwp%2Fv2%2Fmedia&parent=59637"}],"wp:term":[{"taxonomy":"category","embeddable":true,"href":"https:\/\/radiorevelacionfm.cl\/index.php?rest_route=%2Fwp%2Fv2%2Fcategories&post=59637"},{"taxonomy":"post_tag","embeddable":true,"href":"https:\/\/radiorevelacionfm.cl\/index.php?rest_route=%2Fwp%2Fv2%2Ftags&post=59637"}],"curies":[{"name":"wp","href":"https:\/\/api.w.org\/{rel}","templated":true}]}}